{"id":9782,"date":"2025-10-15T11:46:40","date_gmt":"2025-10-15T08:46:40","guid":{"rendered":"https:\/\/www.acvit.com.tr\/magaza\/?p=9782"},"modified":"2025-10-15T11:46:42","modified_gmt":"2025-10-15T08:46:42","slug":"saclarda-dogal-guc-ve-denge-arayisi-acvit-anti-grey-hair-growth-serum","status":"publish","type":"post","link":"https:\/\/www.acvit.com.tr\/magaza\/saclarda-dogal-guc-ve-denge-arayisi-acvit-anti-grey-hair-growth-serum\/","title":{"rendered":"Sa\u00e7larda Do\u011fal G\u00fc\u00e7 ve Denge Aray\u0131\u015f\u0131 &#8211; Acvit Anti Grey Hair Growth Serum"},"content":{"rendered":"\n<p>Sa\u00e7lar\u0131n beyazlamas\u0131, d\u00f6k\u00fclmesi ya da yo\u011funlu\u011funu kaybetmesi yaln\u0131zca genetik de\u011fil; stres, \u00e7evresel fakt\u00f6rler ve beslenme al\u0131\u015fkanl\u0131klar\u0131yla da yak\u0131ndan ili\u015fkilidir.<\/p>\n\n\n\n<p><strong>Acvit Anti Grey Hair Growth Serum<\/strong>, sa\u00e7 k\u00f6klerini desteklemeye, do\u011fal rengin korunmas\u0131na ve sa\u00e7\u0131n sa\u011fl\u0131kl\u0131 yap\u0131s\u0131na yeniden kavu\u015fmas\u0131na yard\u0131mc\u0131 olabilecek \u015fekilde form\u00fcle edilmi\u015ftir.<\/p>\n\n\n\n<p>A\u015fa\u011f\u0131da bu \u00f6zel serum hakk\u0131nda en merak edilen sorular\u0131 ve bilimsel temellere dayanan yan\u0131tlar\u0131 bulabilirsin \ud83d\udc47<\/p>\n\n\n\n<hr class=\"wp-block-separator has-alpha-channel-opacity\"\/>\n\n\n\n<p><strong>\ud83d\udcac<\/strong><strong> 1. Acvit Anti Grey Hair Growth Serum ne i\u015fe yarayabilir?<\/strong><\/p>\n\n\n\n<p>Serumun form\u00fcl\u00fcnde yer alan <strong>Palmitoyl Tetrapeptide-20 Amide<\/strong>, <strong>Lepidium Meyenii (Maca K\u00f6k\u00fc) Ekstresi<\/strong> ve <strong>Niacinamide<\/strong>, sa\u00e7 k\u00f6klerinin canl\u0131l\u0131\u011f\u0131n\u0131 desteklemeye yard\u0131mc\u0131 olabilecek aktiflerdir.<br>Bu bile\u015fenler, sa\u00e7\u0131n k\u00f6k\u00fcnden itibaren g\u00fc\u00e7lenmesini, daha sa\u011fl\u0131kl\u0131 uzamas\u0131n\u0131 ve sa\u00e7 ekosisteminin dengelenmesini destekleyebilir.<br>Ayr\u0131ca melanin \u00fcretimiyle ili\u015fkili mekanizmalar\u0131 uyarmaya yard\u0131mc\u0131 olarak sa\u00e7 renginin korunmas\u0131na katk\u0131 sa\u011flayabilir.<\/p>\n\n\n\n<hr class=\"wp-block-separator has-alpha-channel-opacity\"\/>\n\n\n\n<p><strong>\ud83c\udf3f<\/strong><strong> 2. Ger\u00e7ekten beyaz sa\u00e7lar\u0131n azalmas\u0131na yard\u0131mc\u0131 olabilir mi?<\/strong><\/p>\n\n\n\n<p>Form\u00fcldeki <strong>Palmitoyl Tetrapeptide-20 Amide<\/strong>, melanin senteziyle ilgili h\u00fccresel aktiviteleri desteklemeye yard\u0131mc\u0131 olabilecek bir peptittir.<br>Bu sayede, baz\u0131 kullan\u0131c\u0131 deneyimlerinde sa\u00e7\u0131n do\u011fal pigmentasyonunun korunmas\u0131na katk\u0131da bulundu\u011fu g\u00f6r\u00fclm\u00fc\u015ft\u00fcr.<br>Ancak her bireyin genetik yap\u0131s\u0131 ve sa\u00e7 d\u00f6ng\u00fcs\u00fc farkl\u0131 oldu\u011fu i\u00e7in, etkiler ki\u015fiden ki\u015fiye de\u011fi\u015febilir.<\/p>\n\n\n\n<hr class=\"wp-block-separator has-alpha-channel-opacity\"\/>\n\n\n\n<p><strong>3. Sa\u00e7 d\u00f6k\u00fclmesine kar\u015f\u0131 nas\u0131l bir destek sunabilir?<\/strong><\/p>\n\n\n\n<p><strong>Niacinamide<\/strong>, <strong>Panthenol<\/strong> ve <strong>Biotin<\/strong> gibi bile\u015fenler, sa\u00e7 k\u00f6klerinin g\u00fc\u00e7lenmesine ve sa\u00e7 derisi bariyerinin korunmas\u0131na yard\u0131mc\u0131 olabilir.<br>Bu i\u00e7erikler, sa\u00e7\u0131n d\u00f6k\u00fclme e\u011filimini azaltmaya ve daha canl\u0131 g\u00f6r\u00fcnmesine destek sunabilir.<br><strong>Acvit Anti Grey Hair Growth Serum<\/strong>, sa\u00e7 derisini nemlendirmeye yard\u0131mc\u0131 olurken folik\u00fcllerin ihtiya\u00e7 duydu\u011fu besin ortam\u0131n\u0131 destekleyebilir.<\/p>\n\n\n\n<hr class=\"wp-block-separator has-alpha-channel-opacity\"\/>\n\n\n\n<p><strong>\u2697\ufe0f<\/strong><strong> 4. Do\u011fal i\u00e7erik oran\u0131 ne kadar?<\/strong><\/p>\n\n\n\n<p>Form\u00fcl\u00fcn yakla\u015f\u0131k <strong>%85\u2019i do\u011fal kaynakl\u0131 bile\u015fenlerden<\/strong> olu\u015fur.<br>Bitkisel \u00f6zler, vitamin t\u00fcrevleri ve biyoteknolojik peptitler bir arada kullan\u0131larak hem do\u011fall\u0131k hem de etkinlik dengesine odaklan\u0131lm\u0131\u015ft\u0131r.<br>Bu yakla\u015f\u0131m, sa\u00e7 bak\u0131m\u0131nda nazik ama i\u015flevsel bir bak\u0131m deneyimi sunabilir.<\/p>\n\n\n\n<hr class=\"wp-block-separator has-alpha-channel-opacity\"\/>\n\n\n\n<p><strong>\ud83c\udf3e<\/strong><strong> 5. Serumun i\u00e7inde hangi \u00f6nemli aktifler bulunur?<\/strong><\/p>\n\n\n\n<ul class=\"wp-block-list\">\n<li><strong>Palmitoyl Tetrapeptide-20 Amide:<\/strong> Melanin \u00fcretimini destekleyebilir, sa\u00e7 renginin korunmas\u0131na katk\u0131 sa\u011flayabilir.<\/li>\n\n\n\n<li><strong>Lepidium Meyenii (Maca K\u00f6k\u00fc) Ekstresi:<\/strong> Sa\u00e7 k\u00f6klerini uyarabilir, yeni sa\u00e7 olu\u015fumuna destek olabilir.<\/li>\n\n\n\n<li><strong>Niacinamide &amp; Biotin:<\/strong> Sa\u00e7 tellerinin dayan\u0131kl\u0131l\u0131\u011f\u0131n\u0131 art\u0131rmaya yard\u0131mc\u0131 olabilir.<\/li>\n\n\n\n<li><strong>Panthenol &amp; Allantoin:<\/strong> Sa\u00e7 derisini yat\u0131\u015ft\u0131rabilir, nem dengesine destek olabilir.<\/li>\n\n\n\n<li><strong>Faex (Maya) Ekstresi:<\/strong> Sa\u00e7 derisinde mikro besin deste\u011fi sa\u011flayabilir.<\/li>\n<\/ul>\n\n\n\n<hr class=\"wp-block-separator has-alpha-channel-opacity\"\/>\n\n\n\n<p><strong>\ud83c\udf38<\/strong><strong> 6. D\u00fczenli kullan\u0131mda ne t\u00fcr sonu\u00e7lar g\u00f6zlemlenebilir?<\/strong><\/p>\n\n\n\n<p>D\u00fczenli kullan\u0131mda, sa\u00e7 tellerinin daha dolgun, canl\u0131 ve sa\u011fl\u0131kl\u0131 g\u00f6r\u00fcnmesi m\u00fcmk\u00fcn olabilir.<br>Ayr\u0131ca sa\u00e7 renginin daha uzun s\u00fcre korunmas\u0131na ve yeni sa\u00e7 olu\u015fumunun desteklenmesine katk\u0131 sa\u011flayabilir.<br>Bu etkiler ki\u015fisel sa\u00e7 yap\u0131s\u0131, genetik fakt\u00f6rler ve kullan\u0131m s\u0131kl\u0131\u011f\u0131na g\u00f6re farkl\u0131l\u0131k g\u00f6sterebilir.<\/p>\n\n\n\n<hr class=\"wp-block-separator has-alpha-channel-opacity\"\/>\n\n\n\n<p><strong>7. Bilimsel olarak nas\u0131l \u00e7al\u0131\u015ft\u0131\u011f\u0131 d\u00fc\u015f\u00fcn\u00fcl\u00fcyor?<\/strong><\/p>\n\n\n\n<p>Serumdaki aktif bile\u015fenler, sa\u00e7 k\u00f6klerinin \u00e7evresindeki h\u00fccrelerle etkile\u015fime girerek <strong>melanosit aktivitesini<\/strong> (melanin \u00fcreten h\u00fccreler) uyarabilir.<br>Ayn\u0131 zamanda <strong>kan dola\u015f\u0131m\u0131n\u0131 art\u0131rmaya yard\u0131mc\u0131<\/strong> bile\u015fenler i\u00e7erdi\u011finden, sa\u00e7 folik\u00fcllerinin daha iyi beslenmesi m\u00fcmk\u00fcn olabilir.<br>Bu mekanizmalar, hem sa\u00e7\u0131n b\u00fcy\u00fcme d\u00f6ng\u00fcs\u00fcn\u00fc hem de pigment dengesini destekleyici bir rol oynayabilir.<\/p>\n\n\n\n<hr class=\"wp-block-separator has-alpha-channel-opacity\"\/>\n\n\n\n<p><strong>\ud83c\udf3c<\/strong><strong> Sonu\u00e7: Sa\u00e7 Ekosistemine Nazik Bir Destek<\/strong><\/p>\n\n\n\n<p><strong>Acvit Anti Grey Hair Growth Serum<\/strong>, do\u011fal ve biyoteknolojik i\u00e7erikleri bir araya getirerek sa\u00e7 derisini canland\u0131rmaya, k\u00f6kleri desteklemeye ve do\u011fal sa\u00e7 rengini korumaya yard\u0131mc\u0131 bir bak\u0131m sunabilir.<br>D\u00fczenli ve sab\u0131rl\u0131 kullan\u0131mda, sa\u00e7larda daha canl\u0131, dengeli ve sa\u011fl\u0131kl\u0131 bir g\u00f6r\u00fcn\u00fcm elde edilmesine katk\u0131 sa\u011flayabilir.<\/p>\n","protected":false},"excerpt":{"rendered":"<p>Sa\u00e7lar\u0131n beyazlamas\u0131, d\u00f6k\u00fclmesi ya da yo\u011funlu\u011funu kaybetmesi yaln\u0131zca genetik de\u011fil; stres, \u00e7evresel fakt\u00f6rler ve beslenme al\u0131\u015fkanl\u0131klar\u0131yla da yak\u0131ndan ili\u015fkilidir. Acvit Anti Grey Hair Growth Serum, sa\u00e7 k\u00f6klerini desteklemeye, do\u011fal rengin korunmas\u0131na ve sa\u00e7\u0131n sa\u011fl\u0131kl\u0131 yap\u0131s\u0131na yeniden kavu\u015fmas\u0131na yard\u0131mc\u0131 olabilecek \u015fekilde form\u00fcle edilmi\u015ftir. A\u015fa\u011f\u0131da bu \u00f6zel serum hakk\u0131nda en merak edilen sorular\u0131 ve bilimsel temellere dayanan [&hellip;]<\/p>\n","protected":false},"author":1,"featured_media":0,"comment_status":"closed","ping_status":"closed","sticky":false,"template":"","format":"standard","meta":{"footnotes":""},"categories":[1],"tags":[],"class_list":["post-9782","post","type-post","status-publish","format-standard","hentry","category-genel"],"aioseo_notices":[],"_links":{"self":[{"href":"https:\/\/www.acvit.com.tr\/magaza\/wp-json\/wp\/v2\/posts\/9782","targetHints":{"allow":["GET"]}}],"collection":[{"href":"https:\/\/www.acvit.com.tr\/magaza\/wp-json\/wp\/v2\/posts"}],"about":[{"href":"https:\/\/www.acvit.com.tr\/magaza\/wp-json\/wp\/v2\/types\/post"}],"author":[{"embeddable":true,"href":"https:\/\/www.acvit.com.tr\/magaza\/wp-json\/wp\/v2\/users\/1"}],"replies":[{"embeddable":true,"href":"https:\/\/www.acvit.com.tr\/magaza\/wp-json\/wp\/v2\/comments?post=9782"}],"version-history":[{"count":1,"href":"https:\/\/www.acvit.com.tr\/magaza\/wp-json\/wp\/v2\/posts\/9782\/revisions"}],"predecessor-version":[{"id":9783,"href":"https:\/\/www.acvit.com.tr\/magaza\/wp-json\/wp\/v2\/posts\/9782\/revisions\/9783"}],"wp:attachment":[{"href":"https:\/\/www.acvit.com.tr\/magaza\/wp-json\/wp\/v2\/media?parent=9782"}],"wp:term":[{"taxonomy":"category","embeddable":true,"href":"https:\/\/www.acvit.com.tr\/magaza\/wp-json\/wp\/v2\/categories?post=9782"},{"taxonomy":"post_tag","embeddable":true,"href":"https:\/\/www.acvit.com.tr\/magaza\/wp-json\/wp\/v2\/tags?post=9782"}],"curies":[{"name":"wp","href":"https:\/\/api.w.org\/{rel}","templated":true}]}}