{"id":9778,"date":"2025-10-15T11:29:39","date_gmt":"2025-10-15T08:29:39","guid":{"rendered":"https:\/\/www.acvit.com.tr\/magaza\/?p=9778"},"modified":"2025-10-15T11:30:08","modified_gmt":"2025-10-15T08:30:08","slug":"cilt-dengesini-yeniden-kesfet-acvit-4d-balance-repair-hydration-creamle","status":"publish","type":"post","link":"https:\/\/www.acvit.com.tr\/magaza\/cilt-dengesini-yeniden-kesfet-acvit-4d-balance-repair-hydration-creamle\/","title":{"rendered":"Cilt Dengesini Yeniden Ke\u015ffetmenin Yolu &#8211; Acvit 4D Balance Repair &amp; Hydration Cream"},"content":{"rendered":"\n<h2 class=\"wp-block-heading\">Cildimiz, g\u00fcn boyu maruz kald\u0131\u011f\u0131 \u00e7evresel stres fakt\u00f6rleri, hava kirlili\u011fi, g\u00fcne\u015f \u0131\u015f\u0131nlar\u0131 ve yo\u011fun ya\u015fam temposu nedeniyle zamanla bariyer b\u00fct\u00fcnl\u00fc\u011f\u00fcn\u00fc kaybedebilir. Bu durum, kuruluk, hassasiyet, mat g\u00f6r\u00fcn\u00fcm ve ince \u00e7izgiler gibi etkilerle kendini g\u00f6sterebilir.<\/h2>\n\n\n\n<p><br><strong>Acvit 4D Balance Repair &amp; Hydration Cream<\/strong>, cildi nazik\u00e7e onarmay\u0131, nem dengesini yeniden sa\u011flamay\u0131 ve do\u011fal \u0131\u015f\u0131lt\u0131s\u0131n\u0131 desteklemeyi hedefleyen \u00e7ok y\u00f6nl\u00fc bir bak\u0131m form\u00fcl\u00fcd\u00fcr.<\/p>\n\n\n\n<hr class=\"wp-block-separator has-alpha-channel-opacity\"\/>\n\n\n\n<h3 class=\"wp-block-heading\">\ud83d\udca7 Nemlendirme G\u00fcc\u00fcn\u00fc 4 Boyutlu Hyal\u00fcronik Asitten Al\u0131r<\/h3>\n\n\n\n<p>Form\u00fcldeki <strong>8 Boyutlu Hyal\u00fcronik Asit Kompleksi<\/strong>, farkl\u0131 molek\u00fcler a\u011f\u0131rl\u0131klardaki bile\u015fenleri sayesinde cildin hem y\u00fczeyine hem de daha derin katmanlar\u0131na ula\u015farak yo\u011fun nem deste\u011fi sa\u011flamaya yard\u0131mc\u0131 olabilir.<br>Bu yap\u0131, ciltte dolgunluk hissi kazand\u0131r\u0131rken nem kayb\u0131n\u0131n \u00f6nlenmesine de destek olur.<br><strong>Acvit 4D Balance Repair &amp; Hydration Cream<\/strong>, bu \u00e7ok katmanl\u0131 nemlendirme sistemiyle ciltte uzun s\u00fcreli konfor sa\u011flamaya yard\u0131mc\u0131 olur.<\/p>\n\n\n\n<hr class=\"wp-block-separator has-alpha-channel-opacity\"\/>\n\n\n\n<h3 class=\"wp-block-heading\">\ud83c\udf43 Cilt Onar\u0131m\u0131nda Do\u011fal G\u00fc\u00e7: Madecassoside &amp; Niacinamide<\/h3>\n\n\n\n<p><strong>Madecassoside<\/strong>, Asya merkezli <em>Centella Asiatica<\/em> bitkisinden elde edilen bir aktif bile\u015fendir. Ciltteki yat\u0131\u015ft\u0131r\u0131c\u0131 etkisiyle bilinir ve hassas ciltlerde konfor hissi olu\u015fturabilir.<br><strong>Niacinamide (B3 Vitamini)<\/strong> ise cilt tonunu e\u015fitlemeye, lekelerin g\u00f6r\u00fcn\u00fcm\u00fcn\u00fc azaltmaya ve bariyer fonksiyonunu desteklemeye katk\u0131 sa\u011flayabilir.<br><strong>Acvit 4D Balance Repair &amp; Hydration Cream<\/strong>, bu iki g\u00fc\u00e7l\u00fc i\u00e7eri\u011fi bir araya getirerek cildin daha dengeli, p\u00fcr\u00fczs\u00fcz ve canl\u0131 bir g\u00f6r\u00fcn\u00fcm kazanmas\u0131na yard\u0131mc\u0131 olur.<\/p>\n\n\n\n<hr class=\"wp-block-separator has-alpha-channel-opacity\"\/>\n\n\n\n<h3 class=\"wp-block-heading\">\u2600\ufe0f C Vitamini ve Ceramid ile Koruma Deste\u011fi<\/h3>\n\n\n\n<p><strong>Stabil C Vitamini (Ascorbyl Tetraisopalmitate)<\/strong>, cildin \u0131\u015f\u0131lt\u0131s\u0131n\u0131 destekleyebilen ve serbest radikallere kar\u015f\u0131 koruma sa\u011flayabilen bir antioksidand\u0131r.<br><strong>Ceramid benzeri lipid yap\u0131lar<\/strong>, cilt bariyerinin g\u00fc\u00e7lenmesine yard\u0131mc\u0131 olarak d\u0131\u015f etkenlere kar\u015f\u0131 koruyucu bir kalkan olu\u015fturabilir.<br>Bu sayede <strong>Acvit 4D Balance Repair &amp; Hydration Cream<\/strong>, cildin yenilenme s\u00fcrecine destek olurken, daha sa\u011fl\u0131kl\u0131 bir bariyer yap\u0131s\u0131n\u0131n korunmas\u0131na yard\u0131mc\u0131 olabilir.<\/p>\n\n\n\n<hr class=\"wp-block-separator has-alpha-channel-opacity\"\/>\n\n\n\n<h3 class=\"wp-block-heading\">\ud83c\udf3f Bitkisel Ya\u011flar ve Vegan Kolajen ile Besleyici Dokunu\u015f<\/h3>\n\n\n\n<p>Form\u00fcldeki <strong>Vitis Vinifera (\u00dcz\u00fcm \u00c7ekirde\u011fi) Ya\u011f\u0131<\/strong>, E vitamini ve polifenoller a\u00e7\u0131s\u0131ndan zengin olup cildi beslemeye ve elastikiyetini art\u0131rmaya destek olur.<br><strong>Vegan Kolajen<\/strong> ise cildin dolgun ve esnek g\u00f6r\u00fcn\u00fcm\u00fcn\u00fc destekleyerek ya\u015flanma belirtilerinin hafiflemesine katk\u0131da bulunabilir.<br><strong>Acvit 4D Balance Repair &amp; Hydration Cream<\/strong>, bu iki bile\u015feniyle cilde besleyici ve ipeksi bir dokunu\u015f kazand\u0131rabilir.<\/p>\n\n\n\n<hr class=\"wp-block-separator has-alpha-channel-opacity\"\/>\n\n\n\n<h3 class=\"wp-block-heading\">\ud83c\udf3c Kadifemsi Dokunu\u015f, Hassas Ciltlerle Uyum<\/h3>\n\n\n\n<p>Kremin kadifemsi dokusu, ciltte ya\u011fl\u0131 his b\u0131rakmadan kolayca emilir. Hassas cilt tipleri dahil olmak \u00fczere g\u00fcnl\u00fck bak\u0131m rutinine rahatl\u0131kla dahil edilebilir.<br>D\u00fczenli kullan\u0131mda, <strong>Acvit 4D Balance Repair &amp; Hydration Cream<\/strong>, cildin daha <strong>yumu\u015fak<\/strong>, <strong>dengeli<\/strong> ve <strong>\u0131\u015f\u0131lt\u0131l\u0131<\/strong> bir g\u00f6r\u00fcn\u00fcm kazanmas\u0131na destek olabilir.<\/p>\n\n\n\n<hr class=\"wp-block-separator has-alpha-channel-opacity\"\/>\n\n\n\n<h3 class=\"wp-block-heading\">\u2728 Sonu\u00e7 Olarak<\/h3>\n\n\n\n<p><strong>Acvit 4D Balance Repair &amp; Hydration Cream<\/strong>, modern cilt bak\u0131m\u0131nda \u00e7ok y\u00f6nl\u00fc bir yakla\u015f\u0131m sunan dengeli bir form\u00fcle sahiptir. Nem, onar\u0131m ve koruma etkilerini bir araya getirerek cildin do\u011fal yenilenme s\u00fcrecini destekleyebilir.<br>Bilimsel olarak ara\u015ft\u0131r\u0131lm\u0131\u015f aktifler ve bitkisel \u00f6zlerle g\u00fc\u00e7lendirilmi\u015f bu krem, cildi yeniden canland\u0131rmaya y\u00f6nelik nazik ama etkili bir bak\u0131m deneyimi sunabilir.<\/p>\n","protected":false},"excerpt":{"rendered":"<p>Cildimiz, g\u00fcn boyu maruz kald\u0131\u011f\u0131 \u00e7evresel stres fakt\u00f6rleri, hava kirlili\u011fi, g\u00fcne\u015f \u0131\u015f\u0131nlar\u0131 ve yo\u011fun ya\u015fam temposu nedeniyle zamanla bariyer b\u00fct\u00fcnl\u00fc\u011f\u00fcn\u00fc kaybedebilir. Bu durum, kuruluk, hassasiyet, mat g\u00f6r\u00fcn\u00fcm ve ince \u00e7izgiler gibi etkilerle kendini g\u00f6sterebilir. Acvit 4D Balance Repair &amp; Hydration Cream, cildi nazik\u00e7e onarmay\u0131, nem dengesini yeniden sa\u011flamay\u0131 ve do\u011fal \u0131\u015f\u0131lt\u0131s\u0131n\u0131 desteklemeyi hedefleyen \u00e7ok y\u00f6nl\u00fc [&hellip;]<\/p>\n","protected":false},"author":1,"featured_media":0,"comment_status":"closed","ping_status":"closed","sticky":false,"template":"","format":"standard","meta":{"footnotes":""},"categories":[1],"tags":[],"class_list":["post-9778","post","type-post","status-publish","format-standard","hentry","category-genel"],"aioseo_notices":[],"_links":{"self":[{"href":"https:\/\/www.acvit.com.tr\/magaza\/wp-json\/wp\/v2\/posts\/9778","targetHints":{"allow":["GET"]}}],"collection":[{"href":"https:\/\/www.acvit.com.tr\/magaza\/wp-json\/wp\/v2\/posts"}],"about":[{"href":"https:\/\/www.acvit.com.tr\/magaza\/wp-json\/wp\/v2\/types\/post"}],"author":[{"embeddable":true,"href":"https:\/\/www.acvit.com.tr\/magaza\/wp-json\/wp\/v2\/users\/1"}],"replies":[{"embeddable":true,"href":"https:\/\/www.acvit.com.tr\/magaza\/wp-json\/wp\/v2\/comments?post=9778"}],"version-history":[{"count":2,"href":"https:\/\/www.acvit.com.tr\/magaza\/wp-json\/wp\/v2\/posts\/9778\/revisions"}],"predecessor-version":[{"id":9781,"href":"https:\/\/www.acvit.com.tr\/magaza\/wp-json\/wp\/v2\/posts\/9778\/revisions\/9781"}],"wp:attachment":[{"href":"https:\/\/www.acvit.com.tr\/magaza\/wp-json\/wp\/v2\/media?parent=9778"}],"wp:term":[{"taxonomy":"category","embeddable":true,"href":"https:\/\/www.acvit.com.tr\/magaza\/wp-json\/wp\/v2\/categories?post=9778"},{"taxonomy":"post_tag","embeddable":true,"href":"https:\/\/www.acvit.com.tr\/magaza\/wp-json\/wp\/v2\/tags?post=9778"}],"curies":[{"name":"wp","href":"https:\/\/api.w.org\/{rel}","templated":true}]}}