{"id":9536,"date":"2025-09-25T17:19:24","date_gmt":"2025-09-25T14:19:24","guid":{"rendered":"https:\/\/www.acvit.com.tr\/magaza\/?p=9536"},"modified":"2025-09-25T17:19:27","modified_gmt":"2025-09-25T14:19:27","slug":"surdurulebilir-yasam-tarzi-icin-sifir-atik-onerileri","status":"publish","type":"post","link":"https:\/\/www.acvit.com.tr\/magaza\/surdurulebilir-yasam-tarzi-icin-sifir-atik-onerileri\/","title":{"rendered":"S\u00fcrd\u00fcr\u00fclebilir Ya\u015fam Tarz\u0131 \u0130\u00e7in S\u0131f\u0131r At\u0131k \u00d6nerileri"},"content":{"rendered":"\n<p><strong>Kozmetik \u00dcr\u00fcnlerinde Do\u011faya Sayg\u0131l\u0131, Bilin\u00e7li Se\u00e7imler<\/strong><\/p>\n\n\n\n<p><strong>Daha ya\u015fanabilir bir d\u00fcnya<\/strong> i\u00e7in at\u0131lmas\u0131 gereken en \u00f6nemli ad\u0131mlardan biri, ki\u015fisel t\u00fcketim al\u0131\u015fkanl\u0131klar\u0131m\u0131z\u0131 d\u00f6n\u00fc\u015ft\u00fcrmektir. G\u00fczellik ve ki\u015fisel bak\u0131m rutinlerimiz, d\u00fc\u015f\u00fcnd\u00fc\u011f\u00fcm\u00fczden \u00e7ok daha fazla at\u0131k \u00fcretmektedir. Plastik ambalajlar, mikroplastikler, kimyasal i\u00e7erikler\u2026 Hepsi hem \u00e7evreye hem de sa\u011fl\u0131\u011f\u0131m\u0131za ciddi etkiler b\u0131rakabiliyor.<br>\u0130\u015fte bu noktada <strong>\u201cs\u0131f\u0131r at\u0131k\u201d<\/strong> felsefesi devreye giriyor.<\/p>\n\n\n\n<hr class=\"wp-block-separator has-alpha-channel-opacity\"\/>\n\n\n\n<p><strong>S\u0131f\u0131r At\u0131k Nedir?<\/strong><\/p>\n\n\n\n<p><strong>S\u0131f\u0131r at\u0131k<\/strong>, at\u0131k olu\u015fumunu kayna\u011f\u0131nda azaltmay\u0131, yeniden kullan\u0131m\u0131 ve geri d\u00f6n\u00fc\u015f\u00fcm\u00fc te\u015fvik etmeyi ama\u00e7layan bir ya\u015fam tarz\u0131d\u0131r.<br>2018\u2019de T\u00fcrkiye&#8217;de \u00c7evre ve \u015eehircilik Bakanl\u0131\u011f\u0131 taraf\u0131ndan ba\u015flat\u0131lan <strong>S\u0131f\u0131r At\u0131k Projesi<\/strong>, Birle\u015fmi\u015f Milletler S\u00fcrd\u00fcr\u00fclebilir Kalk\u0131nma Ama\u00e7lar\u0131&#8217;yla da birebir \u00f6rt\u00fc\u015fmektedir.<\/p>\n\n\n\n<hr class=\"wp-block-separator has-alpha-channel-opacity\"\/>\n\n\n\n<p><strong>Kozmetik \u00dcr\u00fcnlerinde S\u0131f\u0131r At\u0131k Uygulamalar\u0131<\/strong><\/p>\n\n\n\n<p>Kozmetik end\u00fcstrisi, her y\u0131l <strong>120 milyar adet ambalaj at\u0131\u011f\u0131<\/strong> \u00fcretmektedir (Zero Waste Europe, 2021). Bu nedenle t\u00fcketici al\u0131\u015fkanl\u0131klar\u0131n\u0131 de\u011fi\u015ftirmek kritik \u00f6nem ta\u015f\u0131r.<\/p>\n\n\n\n<p><strong>1. Doldurulabilir ve Geri D\u00f6n\u00fc\u015ft\u00fcr\u00fclebilir Ambalajlar\u0131 Tercih Edin<\/strong><\/p>\n\n\n\n<ul class=\"wp-block-list\">\n<li>Cam, metal veya geri d\u00f6n\u00fc\u015ft\u00fcr\u00fclm\u00fc\u015f plastik ambalajlara y\u00f6nelin.<\/li>\n\n\n\n<li>Baz\u0131 markalar \u015fi\u015fe iade sistemiyle yeniden dolum imk\u00e2n\u0131 sunuyor. \u00d6rne\u011fin: Lush, The Body Shop.<\/li>\n\n\n\n<li>Minimal ambalajl\u0131 veya ambalajs\u0131z \u00fcr\u00fcnleri (kat\u0131 \u015fampuan, sabun vs.) tercih edin.<\/li>\n<\/ul>\n\n\n\n<p><strong>2. Tek Kullan\u0131ml\u0131k \u00dcr\u00fcnlerden Ka\u00e7\u0131n\u0131n<\/strong><\/p>\n\n\n\n<ul class=\"wp-block-list\">\n<li>Tek kullan\u0131ml\u0131k makyaj temizleme pedleri yerine y\u0131kanabilir kuma\u015f pedler veya bambu bezler kullan\u0131n.<\/li>\n\n\n\n<li>Seyahat boyu \u00fcr\u00fcnler yerine \u00e7ok ama\u00e7l\u0131, yo\u011fun form\u00fclleri tercih edin.<\/li>\n<\/ul>\n\n\n\n<p><strong>3. Su \u0130\u00e7ermeyen (Waterless) \u00dcr\u00fcnleri Deneyin<\/strong><\/p>\n\n\n\n<ul class=\"wp-block-list\">\n<li>Su, kozmetik \u00fcr\u00fcnlerin %70\u2019e varan k\u0131sm\u0131n\u0131 olu\u015fturabilir. Su i\u00e7ermeyen \u00fcr\u00fcnler (toz temizleyiciler, kat\u0131 \u015fampuanlar), hem daha az ambalaj kullan\u0131r hem de daha uzun \u00f6m\u00fcrl\u00fcd\u00fcr.<\/li>\n\n\n\n<li>Ayr\u0131ca suyun korunmas\u0131na da katk\u0131 sa\u011flar \u2014 \u00f6zellikle su stresi ya\u015fayan b\u00f6lgeler i\u00e7in \u00f6nemli bir tercih olur.<\/li>\n<\/ul>\n\n\n\n<p><strong>4. Do\u011fal ve Biyobozunur \u0130\u00e7erikler Se\u00e7in<\/strong><\/p>\n\n\n\n<ul class=\"wp-block-list\">\n<li>Bitkisel bazl\u0131, do\u011fada \u00e7\u00f6z\u00fcnebilen i\u00e7erikler mikroplastiklerin yerine ge\u00e7ebilir.<\/li>\n\n\n\n<li>\u00d6rnek: Hindistancevizi ya\u011f\u0131, kil, do\u011fal balmumu gibi i\u00e7erikler \u00e7evreye zarar vermez.<\/li>\n<\/ul>\n\n\n\n<p><strong>5. \u00dcr\u00fcnleri Bitirerek T\u00fcketin, \u0130srafa Dur Deyin<\/strong><\/p>\n\n\n\n<ul class=\"wp-block-list\">\n<li>Bir \u00fcr\u00fcn tam bitmeden yenisini almak, hem ekonomik hem de \u00e7evresel olarak israf yarat\u0131r.<\/li>\n\n\n\n<li>\u00c7ok i\u015flevli \u00fcr\u00fcnler (\u00f6rne\u011fin hem all\u0131k hem ruj olarak kullan\u0131lan stick \u00fcr\u00fcnler) daha az t\u00fcketim sa\u011flar.<\/li>\n<\/ul>\n\n\n\n<hr class=\"wp-block-separator has-alpha-channel-opacity\"\/>\n\n\n\n<p><strong>Bilimsel Olarak Neden \u00d6nemli?<\/strong><\/p>\n\n\n\n<ul class=\"wp-block-list\">\n<li><strong>Mikroplastikler<\/strong>, kozmetik \u00fcr\u00fcnlerden denizlere kar\u0131\u015farak bal\u0131klar ve di\u011fer deniz canl\u0131lar\u0131 arac\u0131l\u0131\u011f\u0131yla insan v\u00fccuduna kadar ula\u015fabiliyor (UNEP, 2018).<\/li>\n\n\n\n<li><strong>Ambalaj at\u0131klar\u0131<\/strong>, k\u00fcresel sera gaz\u0131 emisyonlar\u0131n\u0131n %3\u2019\u00fcnden fazlas\u0131n\u0131 olu\u015fturuyor.<\/li>\n\n\n\n<li><strong>D\u00fc\u015f\u00fck karbon ayak izi<\/strong> b\u0131rakan \u00fcretim ve t\u00fcketim al\u0131\u015fkanl\u0131klar\u0131, iklim de\u011fi\u015fikli\u011fiyle m\u00fccadelede bireysel fark yarat\u0131r.<\/li>\n<\/ul>\n\n\n\n<p><strong>Sonu\u00e7: G\u00fczellik Sadece D\u0131\u015fta De\u011fil, Davran\u0131\u015flar\u0131m\u0131zda da Olmal\u0131<\/strong><\/p>\n\n\n\n<p>S\u0131f\u0131r at\u0131k bir \u201cmoda\u201d de\u011fil, bir <strong>ya\u015fam tarz\u0131 d\u00f6n\u00fc\u015f\u00fcm\u00fcd\u00fcr<\/strong>. Daha az t\u00fcketmek, daha bilin\u00e7li se\u00e7imler yapmak ve do\u011faya zarar vermeyen alternatifleri tercih etmek, g\u00fczelli\u011fi yaln\u0131zca cildimizde de\u011fil, ya\u015fad\u0131\u011f\u0131m\u0131z d\u00fcnyada da s\u00fcrd\u00fcr\u00fclebilir k\u0131lar.<\/p>\n\n\n\n<p>Kozmetik al\u0131\u015fkanl\u0131klar\u0131m\u0131z\u0131 yeniden g\u00f6zden ge\u00e7irmenin tam zaman\u0131. Do\u011fa dostu \u00fcr\u00fcnlerle hem kendinizi hem gezegenimizi koruyabilirsiniz.<\/p>\n\n\n\n<hr class=\"wp-block-separator has-alpha-channel-opacity\"\/>\n\n\n\n<p><strong>Harekete Ge\u00e7in:<\/strong><\/p>\n\n\n\n<ul class=\"wp-block-list\">\n<li>Bug\u00fcn kulland\u0131\u011f\u0131n\u0131z \u00fcr\u00fcnlerden ka\u00e7\u0131 geri d\u00f6n\u00fc\u015ft\u00fcr\u00fclebilir?<\/li>\n\n\n\n<li>G\u00fczellik rutininizde plastik kullan\u0131m\u0131n\u0131 %50 azaltabilir misiniz?<\/li>\n\n\n\n<li>Bir sonraki al\u0131\u015fveri\u015finizde s\u0131f\u0131r at\u0131k hedefiyle se\u00e7im yapmay\u0131 deneyin.<\/li>\n<\/ul>\n","protected":false},"excerpt":{"rendered":"<p>Kozmetik \u00dcr\u00fcnlerinde Do\u011faya Sayg\u0131l\u0131, Bilin\u00e7li Se\u00e7imler Daha ya\u015fanabilir bir d\u00fcnya i\u00e7in at\u0131lmas\u0131 gereken en \u00f6nemli ad\u0131mlardan biri, ki\u015fisel t\u00fcketim al\u0131\u015fkanl\u0131klar\u0131m\u0131z\u0131 d\u00f6n\u00fc\u015ft\u00fcrmektir. G\u00fczellik ve ki\u015fisel bak\u0131m rutinlerimiz, d\u00fc\u015f\u00fcnd\u00fc\u011f\u00fcm\u00fczden \u00e7ok daha fazla at\u0131k \u00fcretmektedir. Plastik ambalajlar, mikroplastikler, kimyasal i\u00e7erikler\u2026 Hepsi hem \u00e7evreye hem de sa\u011fl\u0131\u011f\u0131m\u0131za ciddi etkiler b\u0131rakabiliyor.\u0130\u015fte bu noktada \u201cs\u0131f\u0131r at\u0131k\u201d felsefesi devreye giriyor. S\u0131f\u0131r At\u0131k [&hellip;]<\/p>\n","protected":false},"author":1,"featured_media":0,"comment_status":"closed","ping_status":"closed","sticky":false,"template":"","format":"standard","meta":{"footnotes":""},"categories":[1],"tags":[],"class_list":["post-9536","post","type-post","status-publish","format-standard","hentry","category-genel"],"aioseo_notices":[],"_links":{"self":[{"href":"https:\/\/www.acvit.com.tr\/magaza\/wp-json\/wp\/v2\/posts\/9536","targetHints":{"allow":["GET"]}}],"collection":[{"href":"https:\/\/www.acvit.com.tr\/magaza\/wp-json\/wp\/v2\/posts"}],"about":[{"href":"https:\/\/www.acvit.com.tr\/magaza\/wp-json\/wp\/v2\/types\/post"}],"author":[{"embeddable":true,"href":"https:\/\/www.acvit.com.tr\/magaza\/wp-json\/wp\/v2\/users\/1"}],"replies":[{"embeddable":true,"href":"https:\/\/www.acvit.com.tr\/magaza\/wp-json\/wp\/v2\/comments?post=9536"}],"version-history":[{"count":1,"href":"https:\/\/www.acvit.com.tr\/magaza\/wp-json\/wp\/v2\/posts\/9536\/revisions"}],"predecessor-version":[{"id":9537,"href":"https:\/\/www.acvit.com.tr\/magaza\/wp-json\/wp\/v2\/posts\/9536\/revisions\/9537"}],"wp:attachment":[{"href":"https:\/\/www.acvit.com.tr\/magaza\/wp-json\/wp\/v2\/media?parent=9536"}],"wp:term":[{"taxonomy":"category","embeddable":true,"href":"https:\/\/www.acvit.com.tr\/magaza\/wp-json\/wp\/v2\/categories?post=9536"},{"taxonomy":"post_tag","embeddable":true,"href":"https:\/\/www.acvit.com.tr\/magaza\/wp-json\/wp\/v2\/tags?post=9536"}],"curies":[{"name":"wp","href":"https:\/\/api.w.org\/{rel}","templated":true}]}}