{"id":9425,"date":"2025-06-21T11:12:41","date_gmt":"2025-06-21T08:12:41","guid":{"rendered":"https:\/\/www.acvit.com.tr\/magaza\/?p=9425"},"modified":"2025-06-21T11:12:43","modified_gmt":"2025-06-21T08:12:43","slug":"kozmetik-nedir","status":"publish","type":"post","link":"https:\/\/www.acvit.com.tr\/magaza\/kozmetik-nedir\/","title":{"rendered":"Kozmetik nedir?"},"content":{"rendered":"\n<p><strong>Kozmetik<\/strong>, insanlar\u0131n d\u0131\u015f g\u00f6r\u00fcn\u00fc\u015f\u00fcn\u00fc g\u00fczelle\u015ftirmek, bak\u0131m yapmak ya da ho\u015f bir koku sa\u011flamak amac\u0131yla kullan\u0131lan \u00fcr\u00fcnleri ifade eder. &#8220;Kozmetik&#8221; kelimesi hem bu \u00fcr\u00fcnleri hem de bu \u00fcr\u00fcnlerle ilgili olan sekt\u00f6r\u00fc kapsar.<\/p>\n\n\n\n<p><strong>Kozmetik \u00fcr\u00fcnlere \u00f6rnekler:<\/strong><\/p>\n\n\n\n<ul class=\"wp-block-list\">\n<li><strong>Makyaj malzemeleri<\/strong> (fond\u00f6ten, ruj, all\u0131k, far vb.)<\/li>\n\n\n\n<li><strong>Cilt bak\u0131m \u00fcr\u00fcnleri<\/strong> (nemlendirici, serum, maske)<\/li>\n\n\n\n<li><strong>Sa\u00e7 bak\u0131m \u00fcr\u00fcnleri<\/strong> (\u015fampuan, sa\u00e7 kremi, sa\u00e7 boyas\u0131)<\/li>\n\n\n\n<li><strong>Parf\u00fcmler<\/strong><\/li>\n\n\n\n<li><strong>G\u00fcne\u015f koruyucular<\/strong><\/li>\n\n\n\n<li><strong>Deodorantlar<\/strong><\/li>\n<\/ul>\n\n\n\n<p><strong>K\u00f6ken:<\/strong><\/p>\n\n\n\n<p>&#8220;Kozmetik&#8221; kelimesi, Yunanca <em>kosm\u0113tikos<\/em> (s\u00fcsleme sanat\u0131yla ilgili) kelimesinden t\u00fcremi\u015ftir.<\/p>\n\n\n\n<p>Bu \u00fcr\u00fcnlerin amac\u0131 t\u0131bbi de\u011fil; daha \u00e7ok estetik ve ki\u015fisel bak\u0131m y\u00f6neliktir. Ancak baz\u0131 kozmetik \u00fcr\u00fcnlerin i\u00e7inde <strong>dermakozmetik<\/strong> gibi cilt sa\u011fl\u0131\u011f\u0131n\u0131 da destekleyen bile\u015fenler olabilir.<\/p>\n\n\n\n<p><strong>Ka\u00e7 \u00e7e\u015fit kozmetik var<\/strong><\/p>\n\n\n\n<p>Kozmetik \u00fcr\u00fcnleri <strong>\u00e7e\u015fitlerine<\/strong> g\u00f6re farkl\u0131 kategorilere ay\u0131rmak m\u00fcmk\u00fcnd\u00fcr. Genel olarak <strong>5 ana kozmetik t\u00fcr\u00fc<\/strong> vard\u0131r, ancak bu gruplar kendi i\u00e7inde daha da alt ba\u015fl\u0131klara ayr\u0131l\u0131r. \u0130\u015fte detayl\u0131 s\u0131n\u0131fland\u0131rma:<\/p>\n\n\n\n<p><strong>Cilt Bak\u0131m Kozmetikleri nedleridr?<\/strong><\/p>\n\n\n\n<p>Cildin temizlenmesi, nemlendirilmesi, korunmas\u0131 ve gen\u00e7 g\u00f6r\u00fcn\u00fcm\u00fcn\u00fcn desteklenmesi i\u00e7in kullan\u0131l\u0131r.<\/p>\n\n\n\n<p><strong>Alt gruplar:<\/strong><\/p>\n\n\n\n<ul class=\"wp-block-list\">\n<li>Nemlendiriciler<\/li>\n\n\n\n<li>Temizleyiciler (tonik, y\u00fcz y\u0131kama jeli vs.)<\/li>\n\n\n\n<li>Peeling ve maskeler<\/li>\n\n\n\n<li>G\u00f6z \u00e7evresi \u00fcr\u00fcnleri<\/li>\n\n\n\n<li>Akne kar\u015f\u0131t\u0131 \u00fcr\u00fcnler<\/li>\n\n\n\n<li>Anti-aging (ya\u015flanma kar\u015f\u0131t\u0131) \u00fcr\u00fcnler<\/li>\n\n\n\n<li>G\u00fcne\u015f koruyucular (SPF)<\/li>\n<\/ul>\n\n\n\n<hr class=\"wp-block-separator has-alpha-channel-opacity\"\/>\n\n\n\n<p><strong>Makyaj kozmetikleri nelerdir?<\/strong><\/p>\n\n\n\n<p>Y\u00fcz\u00fc renklendirmek, hatlar\u0131 belirginle\u015ftirmek ve estetik g\u00f6r\u00fcn\u00fcm kazand\u0131rmak i\u00e7in kullan\u0131l\u0131r.<\/p>\n\n\n\n<p><strong>Alt gruplar:<\/strong><\/p>\n\n\n\n<ul class=\"wp-block-list\">\n<li>Fond\u00f6ten, BB\/CC krem<\/li>\n\n\n\n<li>Pudra, all\u0131k, bronzer, ayd\u0131nlat\u0131c\u0131<\/li>\n\n\n\n<li>G\u00f6z far\u0131, eyeliner, maskara<\/li>\n\n\n\n<li>Ruj, dudak kalemi, dudak parlat\u0131c\u0131s\u0131<\/li>\n\n\n\n<li>Ka\u015f \u00fcr\u00fcnleri<\/li>\n<\/ul>\n\n\n\n<hr class=\"wp-block-separator has-alpha-channel-opacity\"\/>\n\n\n\n<p><strong>Sa\u00e7 kozmetikleri nelerdir?<\/strong><\/p>\n\n\n\n<p>Sa\u00e7 bak\u0131m\u0131, \u015fekillendirme ve renklendirme amac\u0131yla kullan\u0131l\u0131r.<\/p>\n\n\n\n<p><strong>Alt gruplar:<\/strong><\/p>\n\n\n\n<ul class=\"wp-block-list\">\n<li>\u015eampuan ve sa\u00e7 kremi<\/li>\n\n\n\n<li>Sa\u00e7 maskesi, serum<\/li>\n\n\n\n<li>Sa\u00e7 spreyi, k\u00f6p\u00fck, j\u00f6le<\/li>\n\n\n\n<li>Sa\u00e7 boyas\u0131 ve renk a\u00e7\u0131c\u0131lar<\/li>\n\n\n\n<li>Kepek ve d\u00f6k\u00fclme kar\u015f\u0131t\u0131 \u00fcr\u00fcnler<\/li>\n<\/ul>\n\n\n\n<hr class=\"wp-block-separator has-alpha-channel-opacity\"\/>\n\n\n\n<p><strong>V\u00fccut kozmetikleri nelerdir?<\/strong><\/p>\n\n\n\n<p>T\u00fcm v\u00fccut cildi i\u00e7in bak\u0131m ve hijyen sa\u011flar.<\/p>\n\n\n\n<p><strong>Alt gruplar:<\/strong><\/p>\n\n\n\n<ul class=\"wp-block-list\">\n<li>Du\u015f jeli, sabun<\/li>\n\n\n\n<li>V\u00fccut losyonu, nemlendirici kremler<\/li>\n\n\n\n<li>Sel\u00fclit kar\u015f\u0131t\u0131 \u00fcr\u00fcnler<\/li>\n\n\n\n<li>El ve ayak bak\u0131m \u00fcr\u00fcnleri<\/li>\n\n\n\n<li>T\u0131ra\u015f sonras\u0131 losyonlar<\/li>\n<\/ul>\n\n\n\n<hr class=\"wp-block-separator has-alpha-channel-opacity\"\/>\n\n\n\n<p><strong>Parf\u00fcmeri ve Koku \u00dcr\u00fcnleri Nelerdir<\/strong><\/p>\n\n\n\n<p>Ho\u015f bir koku sa\u011flamak amac\u0131yla kullan\u0131l\u0131r.<\/p>\n\n\n\n<p><strong>Alt gruplar:<\/strong><\/p>\n\n\n\n<ul class=\"wp-block-list\">\n<li>Parf\u00fcm, eau de toilette<\/li>\n\n\n\n<li>Deodorant, roll-on<\/li>\n\n\n\n<li>V\u00fccut spreyleri<\/li>\n\n\n\n<li>Oda ve tekstil kokular\u0131 (kozmeti\u011fe yak\u0131n sekt\u00f6r)<\/li>\n<\/ul>\n\n\n\n<hr class=\"wp-block-separator has-alpha-channel-opacity\"\/>\n\n\n\n<p><strong>Ek Kategoriler (Baz\u0131 kaynaklara g\u00f6re ayr\u0131 gruplar olarak ge\u00e7er):<\/strong><\/p>\n\n\n\n<ul class=\"wp-block-list\">\n<li><strong>Bebek kozmetikleri<\/strong><\/li>\n\n\n\n<li><strong>Erkek kozmeti\u011fi<\/strong><\/li>\n\n\n\n<li><strong>Do\u011fal\/organik kozmetik<\/strong><\/li>\n\n\n\n<li><strong>Dermakozmetik<\/strong> (deri sa\u011fl\u0131\u011f\u0131na y\u00f6nelik, eczanelerde sat\u0131lan)<\/li>\n<\/ul>\n\n\n\n<hr class=\"wp-block-separator has-alpha-channel-opacity\"\/>\n\n\n\n<p>\u0130stersen hangi cilt tipi i\u00e7in hangi \u00fcr\u00fcnler uygun olur gibi daha \u00f6zel bilgiler de verebilirim.<\/p>\n\n\n\n<p><strong>Ka\u00e7 tip kozmetik mevcut<\/strong><\/p>\n\n\n\n<p>Kozmetik \u00fcr\u00fcnleri genel olarak <strong>5 temel tip<\/strong> alt\u0131nda toplan\u0131r. Bu s\u0131n\u0131fland\u0131rma, \u00fcr\u00fcnlerin kullan\u0131m ama\u00e7lar\u0131na g\u00f6re yap\u0131l\u0131r:<\/p>\n\n\n\n<hr class=\"wp-block-separator has-alpha-channel-opacity\"\/>\n\n\n\n<p><strong>Cilt Bak\u0131m Kozmeti\u011fi Nedir?<\/strong><\/p>\n\n\n\n<p>Cildi temizlemek, nemlendirmek, onarmak veya korumak amac\u0131yla kullan\u0131lan \u00fcr\u00fcnlerdir.<\/p>\n\n\n\n<p>\u00d6rnekler:<\/p>\n\n\n\n<ul class=\"wp-block-list\">\n<li>Nemlendiriciler<\/li>\n\n\n\n<li>Y\u00fcz temizleyiciler<\/li>\n\n\n\n<li>G\u00fcne\u015f kremleri<\/li>\n\n\n\n<li>Anti-aging \u00fcr\u00fcnler<\/li>\n<\/ul>\n\n\n\n<hr class=\"wp-block-separator has-alpha-channel-opacity\"\/>\n\n\n\n<p><strong>Renkli Kozmetik (Makyaj Kozmeti\u011fi) nelerdir?<\/strong><\/p>\n\n\n\n<p>Y\u00fcz hatlar\u0131n\u0131 belirginle\u015ftirmek, cilde renk katmak ve estetik g\u00f6r\u00fcn\u00fcm sa\u011flamak i\u00e7in kullan\u0131l\u0131r.<\/p>\n\n\n\n<p>\u00d6rnekler:<\/p>\n\n\n\n<ul class=\"wp-block-list\">\n<li>Fond\u00f6ten, all\u0131k, pudra<\/li>\n\n\n\n<li>Ruj, far, maskara, eyeliner<\/li>\n<\/ul>\n\n\n\n<hr class=\"wp-block-separator has-alpha-channel-opacity\"\/>\n\n\n\n<p><strong>Sa\u00e7 Kozmeti\u011fi nedir?<\/strong><\/p>\n\n\n\n<p>Sa\u00e7 temizli\u011fi, bak\u0131m\u0131, \u015fekillendirmesi veya renklendirmesi i\u00e7in kullan\u0131l\u0131r.<\/p>\n\n\n\n<p>\u00d6rnekler:<\/p>\n\n\n\n<ul class=\"wp-block-list\">\n<li>\u015eampuan, sa\u00e7 kremi<\/li>\n\n\n\n<li>Sa\u00e7 maskesi, serum<\/li>\n\n\n\n<li>Sa\u00e7 boyas\u0131, j\u00f6le, sprey<\/li>\n<\/ul>\n\n\n\n<hr class=\"wp-block-separator has-alpha-channel-opacity\"\/>\n\n\n\n<p><strong>V\u00fccut Kozmeti\u011fi nedir?<\/strong><\/p>\n\n\n\n<p>T\u00fcm v\u00fccut cildinin bak\u0131m\u0131n\u0131, temizli\u011fini ve yumu\u015fakl\u0131\u011f\u0131n\u0131 sa\u011flamak i\u00e7in kullan\u0131l\u0131r.<\/p>\n\n\n\n<p>\u00d6rnekler:<\/p>\n\n\n\n<ul class=\"wp-block-list\">\n<li>Du\u015f jeli, sabun<\/li>\n\n\n\n<li>V\u00fccut losyonu<\/li>\n\n\n\n<li>El ve ayak kremleri<\/li>\n\n\n\n<li>T\u0131ra\u015f \u00fcr\u00fcnleri<\/li>\n<\/ul>\n\n\n\n<hr class=\"wp-block-separator has-alpha-channel-opacity\"\/>\n\n\n\n<p><strong>Koku Kozmeti\u011fi (Parf\u00fcmeri) nedir?<\/strong><\/p>\n\n\n\n<p>Koku vermek amac\u0131yla kullan\u0131lan \u00fcr\u00fcnlerdir.<\/p>\n\n\n\n<p>\u00d6rnekler:<\/p>\n\n\n\n<ul class=\"wp-block-list\">\n<li>Parf\u00fcm<\/li>\n\n\n\n<li>Deodorant<\/li>\n\n\n\n<li>V\u00fccut spreyleri<\/li>\n<\/ul>\n\n\n\n<hr class=\"wp-block-separator has-alpha-channel-opacity\"\/>\n\n\n\n<p><strong>Ekstra Tipler (Baz\u0131 kaynaklarda ayr\u0131 de\u011ferlendirilir):<\/strong><\/p>\n\n\n\n<ul class=\"wp-block-list\">\n<li><strong>Bebek kozmeti\u011fi<\/strong> (\u015fampuan, pi\u015fik kremi vs.)<\/li>\n\n\n\n<li><strong>Erkek kozmeti\u011fi<\/strong> (t\u0131ra\u015f sonras\u0131 \u00fcr\u00fcnler, erkek cilt bak\u0131m\u0131)<\/li>\n\n\n\n<li><strong>Do\u011fal\/organik kozmetik<\/strong><\/li>\n\n\n\n<li><strong>Dermakozmetik<\/strong> (eczanelerde sat\u0131lan, cilt sorunlar\u0131na y\u00f6nelik \u00fcr\u00fcnler)<\/li>\n<\/ul>\n\n\n\n<hr class=\"wp-block-separator has-alpha-channel-opacity\"\/>\n\n\n\n<p>&nbsp;Temelde ka\u00e7 \u00e7e\u015fit kozmetik vard\u0131r?<\/p>\n\n\n\n<ol class=\"wp-block-list\">\n<li>Cilt bak\u0131m<\/li>\n\n\n\n<li>Makyaj<\/li>\n\n\n\n<li>Sa\u00e7<\/li>\n\n\n\n<li>V\u00fccut<\/li>\n\n\n\n<li>Koku<\/li>\n<\/ol>\n\n\n\n<p><strong>Kozmeti\u011fin insanl\u0131\u011fa faydas\u0131 nedir<\/strong><\/p>\n\n\n\n<p><strong>Kozmeti\u011fin insanl\u0131\u011fa faydas\u0131<\/strong>, sadece estetik ya da g\u00fczellikten ibaret de\u011fildir. Geni\u015f anlamda <strong>ki\u015fisel bak\u0131m, \u00f6zg\u00fcven, hijyen ve sosyal etkile\u015fim<\/strong> gibi bir\u00e7ok alanda \u00f6nemli katk\u0131lar sa\u011flar.<\/p>\n\n\n\n<p>\u0130\u015fte kozmeti\u011fin insanl\u0131\u011fa ba\u015fl\u0131ca faydalar\u0131:<\/p>\n\n\n\n<hr class=\"wp-block-separator has-alpha-channel-opacity\"\/>\n\n\n\n<p><strong>Kozmetik <\/strong><strong>Ki\u015fisel Bak\u0131m ve Hijyeni Nas\u0131l Sa\u011flar<\/strong><\/p>\n\n\n\n<ul class=\"wp-block-list\">\n<li>Temizlik \u00fcr\u00fcnleri (sabun, \u015fampuan, deodorant vb.) bireysel hijyenin korunmas\u0131na yard\u0131mc\u0131 olur.<\/li>\n\n\n\n<li>Cilt ve sa\u00e7 bak\u0131m \u00fcr\u00fcnleri, cilt hastal\u0131klar\u0131n\u0131 \u00f6nlemeye ve sa\u011fl\u0131kl\u0131 g\u00f6r\u00fcn\u00fcm kazand\u0131rmaya katk\u0131da bulunur.<\/li>\n<\/ul>\n\n\n\n<p><strong>Sonu\u00e7:<\/strong> Enfeksiyon risklerini azalt\u0131r, toplum sa\u011fl\u0131\u011f\u0131n\u0131 destekler.<\/p>\n\n\n\n<hr class=\"wp-block-separator has-alpha-channel-opacity\"\/>\n\n\n\n<p><strong>Kozmetik \u00d6zg\u00fcven ve Psikolojik Deste\u011fi nas\u0131l sa\u011flar<\/strong><\/p>\n\n\n\n<ul class=\"wp-block-list\">\n<li>Makyaj, sa\u00e7 \u015fekillendirme, cilt bak\u0131m\u0131 gibi uygulamalar ki\u015finin kendine olan g\u00fcvenini art\u0131rabilir.<\/li>\n\n\n\n<li>G\u00f6r\u00fcn\u00fcmden memnun olmak; sosyal ortamlarda daha rahat hissetmeyi sa\u011flar.<\/li>\n<\/ul>\n\n\n\n<p><strong>Sonu\u00e7:<\/strong> Psikolojik iyi olu\u015fu ve sosyal uyumu g\u00fc\u00e7lendirir.<\/p>\n\n\n\n<hr class=\"wp-block-separator has-alpha-channel-opacity\"\/>\n\n\n\n<p><strong>Kozmetik Cilt Sa\u011fl\u0131\u011f\u0131n\u0131 Korumas\u0131n\u0131 nas\u0131l sa\u011flar<\/strong><\/p>\n\n\n\n<ul class=\"wp-block-list\">\n<li>G\u00fcne\u015f koruyucular (SPF i\u00e7eren \u00fcr\u00fcnler), cilt kanseri riskini azalt\u0131r.<\/li>\n\n\n\n<li>Nemlendirici ve onar\u0131c\u0131 \u00fcr\u00fcnler, kuru ya da hassas ciltleri korur.<\/li>\n<\/ul>\n\n\n\n<p><strong>Sonu\u00e7:<\/strong> Kozmetik \u00fcr\u00fcnler sadece estetik de\u011fil, koruyucu sa\u011fl\u0131k amac\u0131 da ta\u015f\u0131r.<\/p>\n\n\n\n<hr class=\"wp-block-separator has-alpha-channel-opacity\"\/>\n\n\n\n<p><strong>Kozmetik Ekonomik ve K\u00fclt\u00fcrel Katk\u0131y\u0131 Nas\u0131l Sa\u011flar<\/strong><\/p>\n\n\n\n<ul class=\"wp-block-list\">\n<li>Kozmetik sekt\u00f6r\u00fc d\u00fcnya \u00e7ap\u0131nda milyonlarca ki\u015fiye i\u015f olana\u011f\u0131 sunar.<\/li>\n\n\n\n<li>Farkl\u0131 k\u00fclt\u00fcrlerin g\u00fczellik anlay\u0131\u015flar\u0131 kozmetikle ifade edilir, bu da k\u00fclt\u00fcrel zenginli\u011fi yans\u0131t\u0131r.<\/li>\n<\/ul>\n\n\n\n<p>\ud83d\udccc <strong>Sonu\u00e7:<\/strong> Ekonomiye ve k\u00fclt\u00fcrel \u00e7e\u015fitlili\u011fe katk\u0131 sa\u011flar.<\/p>\n\n\n\n<hr class=\"wp-block-separator has-alpha-channel-opacity\"\/>\n\n\n\n<p><strong>Bilimsel ve Teknolojik Geli\u015fmeler<\/strong><\/p>\n\n\n\n<ul class=\"wp-block-list\">\n<li>Kozmetik end\u00fcstrisi dermatoloji, biyoteknoloji ve kimya alanlar\u0131nda Ar-Ge \u00e7al\u0131\u015fmalar\u0131na katk\u0131da bulunur.<\/li>\n\n\n\n<li>Organik ve \u00e7evre dostu \u00fcr\u00fcnlere y\u00f6nelik geli\u015fmeler s\u00fcrd\u00fcr\u00fclebilirli\u011fi destekler.<\/li>\n<\/ul>\n\n\n\n<p>\ud83d\udccc <strong>Sonu\u00e7:<\/strong> Bilimsel ilerlemelere ve \u00e7evre duyarl\u0131l\u0131\u011f\u0131na katk\u0131 sa\u011flar.<\/p>\n\n\n\n<hr class=\"wp-block-separator has-alpha-channel-opacity\"\/>\n\n\n\n<p><strong>\ud83c\udfaf<\/strong><strong> \u00d6zet:<\/strong><\/p>\n\n\n\n<p><strong>Kozmeti\u011fin insanl\u0131\u011fa 5 temel faydas\u0131 nedir?<\/strong><\/p>\n\n\n\n<ol class=\"wp-block-list\">\n<li>Hijyen ve sa\u011fl\u0131k<\/li>\n\n\n\n<li>Psikolojik destek ve \u00f6zg\u00fcven<\/li>\n\n\n\n<li>Cilt koruma ve bak\u0131m<\/li>\n\n\n\n<li>Ekonomik ve k\u00fclt\u00fcrel katk\u0131<\/li>\n\n\n\n<li>Bilimsel ve \u00e7evresel geli\u015fmelere destek<\/li>\n<\/ol>\n\n\n\n<p><strong>Do\u011fal kozmetik nedir?<\/strong><\/p>\n\n\n\n<p><strong>Do\u011fal kozmetik<\/strong>, i\u00e7eri\u011finde do\u011fadan elde edilen (bitkisel, hayvansal ya da mineral kaynakl\u0131) maddelerin kullan\u0131ld\u0131\u011f\u0131, kimyasal katk\u0131lar\u0131n ya hi\u00e7 olmad\u0131\u011f\u0131 ya da \u00e7ok s\u0131n\u0131rl\u0131 \u015fekilde yer ald\u0131\u011f\u0131 kozmetik \u00fcr\u00fcnlerdir.<\/p>\n\n\n\n<hr class=\"wp-block-separator has-alpha-channel-opacity\"\/>\n\n\n\n<p><strong>&nbsp;Do\u011fal Kozmeti\u011fin Tan\u0131m\u0131 nas\u0131ld\u0131r<\/strong><\/p>\n\n\n\n<p>Sentetik katk\u0131 maddeleri, yapay koku, boya, paraben, SLS, silikon gibi kimyasallar i\u00e7ermeyen; \u00e7evre dostu ve genellikle hayvanlar \u00fczerinde test edilmeyen \u00fcr\u00fcnlerdir.<\/p>\n\n\n\n<hr class=\"wp-block-separator has-alpha-channel-opacity\"\/>\n\n\n\n<p><strong>Do\u011fal Kozmetiklerde Kullan\u0131lan Temel Bile\u015fenler:<\/strong><\/p>\n\n\n\n<ul class=\"wp-block-list\">\n<li><strong>Bitkisel ya\u011flar:<\/strong> Argan ya\u011f\u0131, jojoba ya\u011f\u0131, hindistancevizi ya\u011f\u0131, zeytinya\u011f\u0131<\/li>\n\n\n\n<li><strong>U\u00e7ucu ya\u011flar:<\/strong> Lavanta, \u00e7ay a\u011fac\u0131, g\u00fcl, nane ya\u011f\u0131<\/li>\n\n\n\n<li><strong>Kil ve mineraller:<\/strong> Bentonit kili, kaolin, \u00e7inko oksit<\/li>\n\n\n\n<li><strong>Bitki \u00f6zleri:<\/strong> Aloe vera, papatya, \u0131s\u0131rgan otu, ye\u015fil \u00e7ay<\/li>\n\n\n\n<li><strong>Do\u011fal koruyucular:<\/strong> E vitamini (tokoferol), greyfurt \u00e7ekirde\u011fi \u00f6z\u00fc<\/li>\n<\/ul>\n\n\n\n<hr class=\"wp-block-separator has-alpha-channel-opacity\"\/>\n\n\n\n<p><strong>&nbsp;Do\u011fal Kozmetiklerde Ka\u00e7\u0131n\u0131lan Maddeler Nelerdir?<\/strong><\/p>\n\n\n\n<ul class=\"wp-block-list\">\n<li>Paraben<\/li>\n\n\n\n<li>S\u00fclfat (SLS\/SLES)<\/li>\n\n\n\n<li>Silikon<\/li>\n\n\n\n<li>Sentetik parf\u00fcm ve renklendirici<\/li>\n\n\n\n<li>Petrol t\u00fcrevleri (mineral ya\u011flar)<\/li>\n\n\n\n<li>Alkol\u00fcn tahri\u015f edici t\u00fcrleri<\/li>\n<\/ul>\n\n\n\n<hr class=\"wp-block-separator has-alpha-channel-opacity\"\/>\n\n\n\n<p><strong>Do\u011fal Kozmeti\u011fin Faydalar\u0131 Nelerdir?<\/strong><\/p>\n\n\n\n<ul class=\"wp-block-list\">\n<li><strong>Cilt dostudur<\/strong>, hassas ciltlerde tahri\u015f riskini azalt\u0131r.<\/li>\n\n\n\n<li><strong>\u00c7evreye zarar vermez<\/strong>, biyolojik olarak par\u00e7alanabilir i\u00e7eriklere sahiptir.<\/li>\n\n\n\n<li><strong>Hayvan dostudur<\/strong>, genellikle <strong>cruelty-free<\/strong> (hayvan deneyi yap\u0131lmam\u0131\u015f) \u00fcr\u00fcnlerdir.<\/li>\n\n\n\n<li>Uzun vadede cilt sa\u011fl\u0131\u011f\u0131n\u0131 destekler.<\/li>\n<\/ul>\n\n\n\n<hr class=\"wp-block-separator has-alpha-channel-opacity\"\/>\n\n\n\n<p><strong>Dikkat Edilmesi Gerekenler:<\/strong><\/p>\n\n\n\n<ul class=\"wp-block-list\">\n<li>Her \u201cdo\u011fal\u201d etiketli \u00fcr\u00fcn ger\u00e7ekten %100 do\u011fal olmayabilir. \u0130\u00e7indekiler listesini okumak \u00f6nemlidir.<\/li>\n\n\n\n<li>Baz\u0131 do\u011fal i\u00e7erikler (\u00f6rne\u011fin u\u00e7ucu ya\u011flar) alerjiye yol a\u00e7abilir. Her cilt tipi i\u00e7in uygun olmayabilir.<\/li>\n\n\n\n<li>Raf \u00f6mr\u00fc genellikle daha k\u0131sad\u0131r \u00e7\u00fcnk\u00fc kimyasal koruyucu i\u00e7ermezler.<\/li>\n<\/ul>\n\n\n\n<hr class=\"wp-block-separator has-alpha-channel-opacity\"\/>\n\n\n\n<p><strong>\u00d6zet:<\/strong><\/p>\n\n\n\n<p><strong>Do\u011fal kozmetik<\/strong>, do\u011fadan gelen i\u00e7eriklerle \u00fcretilen, insan sa\u011fl\u0131\u011f\u0131na ve \u00e7evreye duyarl\u0131 \u00fcr\u00fcnlerdir. Sa\u011fl\u0131kl\u0131 ve s\u00fcrd\u00fcr\u00fclebilir g\u00fczellik anlay\u0131\u015f\u0131n\u0131 destekler.<\/p>\n\n\n\n<p>\u0130stersen &#8220;organik kozmetik&#8221; ile fark\u0131n\u0131 da a\u00e7\u0131klayabilirim; \u00e7\u00fcnk\u00fc ikisi bazen kar\u0131\u015ft\u0131r\u0131l\u0131r.<\/p>\n","protected":false},"excerpt":{"rendered":"<p>Kozmetik, insanlar\u0131n d\u0131\u015f g\u00f6r\u00fcn\u00fc\u015f\u00fcn\u00fc g\u00fczelle\u015ftirmek, bak\u0131m yapmak ya da ho\u015f bir koku sa\u011flamak amac\u0131yla kullan\u0131lan \u00fcr\u00fcnleri ifade eder. &#8220;Kozmetik&#8221; kelimesi hem bu \u00fcr\u00fcnleri hem de bu \u00fcr\u00fcnlerle ilgili olan sekt\u00f6r\u00fc kapsar. Kozmetik \u00fcr\u00fcnlere \u00f6rnekler: K\u00f6ken: &#8220;Kozmetik&#8221; kelimesi, Yunanca kosm\u0113tikos (s\u00fcsleme sanat\u0131yla ilgili) kelimesinden t\u00fcremi\u015ftir. Bu \u00fcr\u00fcnlerin amac\u0131 t\u0131bbi de\u011fil; daha \u00e7ok estetik ve ki\u015fisel bak\u0131m [&hellip;]<\/p>\n","protected":false},"author":1,"featured_media":0,"comment_status":"closed","ping_status":"closed","sticky":false,"template":"","format":"standard","meta":{"footnotes":""},"categories":[1],"tags":[],"class_list":["post-9425","post","type-post","status-publish","format-standard","hentry","category-genel"],"aioseo_notices":[],"_links":{"self":[{"href":"https:\/\/www.acvit.com.tr\/magaza\/wp-json\/wp\/v2\/posts\/9425","targetHints":{"allow":["GET"]}}],"collection":[{"href":"https:\/\/www.acvit.com.tr\/magaza\/wp-json\/wp\/v2\/posts"}],"about":[{"href":"https:\/\/www.acvit.com.tr\/magaza\/wp-json\/wp\/v2\/types\/post"}],"author":[{"embeddable":true,"href":"https:\/\/www.acvit.com.tr\/magaza\/wp-json\/wp\/v2\/users\/1"}],"replies":[{"embeddable":true,"href":"https:\/\/www.acvit.com.tr\/magaza\/wp-json\/wp\/v2\/comments?post=9425"}],"version-history":[{"count":1,"href":"https:\/\/www.acvit.com.tr\/magaza\/wp-json\/wp\/v2\/posts\/9425\/revisions"}],"predecessor-version":[{"id":9426,"href":"https:\/\/www.acvit.com.tr\/magaza\/wp-json\/wp\/v2\/posts\/9425\/revisions\/9426"}],"wp:attachment":[{"href":"https:\/\/www.acvit.com.tr\/magaza\/wp-json\/wp\/v2\/media?parent=9425"}],"wp:term":[{"taxonomy":"category","embeddable":true,"href":"https:\/\/www.acvit.com.tr\/magaza\/wp-json\/wp\/v2\/categories?post=9425"},{"taxonomy":"post_tag","embeddable":true,"href":"https:\/\/www.acvit.com.tr\/magaza\/wp-json\/wp\/v2\/tags?post=9425"}],"curies":[{"name":"wp","href":"https:\/\/api.w.org\/{rel}","templated":true}]}}