{"id":9423,"date":"2025-06-20T14:49:16","date_gmt":"2025-06-20T11:49:16","guid":{"rendered":"https:\/\/www.acvit.com.tr\/magaza\/?p=9423"},"modified":"2025-06-20T14:49:19","modified_gmt":"2025-06-20T11:49:19","slug":"selulit-catlak-giderici-vucut-sekillendirici-jel-neden-kullanmaliyiz","status":"publish","type":"post","link":"https:\/\/www.acvit.com.tr\/magaza\/selulit-catlak-giderici-vucut-sekillendirici-jel-neden-kullanmaliyiz\/","title":{"rendered":"Sel\u00fclit \u00e7atlak giderici v\u00fccut \u015fekillendirici jel neden kullanmal\u0131y\u0131z?"},"content":{"rendered":"\n<p>Sel\u00fclit ve \u00e7atlak giderici v\u00fccut \u015fekillendirici jel kullanman\u0131n temel nedenleri, hem <strong>estetik g\u00f6r\u00fcn\u00fcm\u00fc iyile\u015ftirmek<\/strong> hem de <strong>cilt sa\u011fl\u0131\u011f\u0131n\u0131 desteklemektir<\/strong>.<\/p>\n\n\n\n<p>\u0130\u015fte detayl\u0131 \u015fekilde neden kullan\u0131labilece\u011fini a\u00e7\u0131klayan baz\u0131 ba\u015fl\u0131klar:<\/p>\n\n\n\n<p><strong>Sel\u00fclit G\u00f6r\u00fcn\u00fcm\u00fcn\u00fc Azaltmaya Yard\u0131mc\u0131 Olur<\/strong><\/p>\n\n\n\n<p>Sel\u00fclit, \u00f6zellikle uyluk, kal\u00e7a ve kar\u0131n b\u00f6lgelerinde ortaya \u00e7\u0131kan portakal kabu\u011fu g\u00f6r\u00fcn\u00fcm\u00fcd\u00fcr. Bu jellerde genellikle \u015fu maddeler bulunur:<\/p>\n\n\n\n<ul class=\"wp-block-list\">\n<li><strong>Kafein<\/strong>: Kan dola\u015f\u0131m\u0131n\u0131 art\u0131rarak sel\u00fclitli b\u00f6lgede ge\u00e7ici olarak s\u0131k\u0131la\u015fma sa\u011flar.<\/li>\n\n\n\n<li><strong>L-karnitin, retinol<\/strong>: Cilt dokusunu iyile\u015ftirici ve s\u0131k\u0131la\u015ft\u0131r\u0131c\u0131 etki g\u00f6sterir.<\/li>\n\n\n\n<li><strong>Mentol veya esansiyel ya\u011flar<\/strong>: Serinletici, canland\u0131r\u0131c\u0131 etkiler sunar.<\/li>\n<\/ul>\n\n\n\n<p><strong>\u00c7atlaklar\u0131n G\u00f6r\u00fcn\u00fcm\u00fcn\u00fc Hafifletir<\/strong><\/p>\n\n\n\n<p>Hamilelik, h\u0131zl\u0131 kilo al\u0131p verme veya ergenlik d\u00f6nemindeki b\u00fcy\u00fcme gibi durumlarda ortaya \u00e7\u0131kan \u00e7atlaklar (striae), ciltteki kolajen yap\u0131s\u0131n\u0131n hasar g\u00f6rmesiyle olu\u015fur. \u00c7atlak giderici jeller:<\/p>\n\n\n\n<p><strong>E vitamini<\/strong>, <strong>sheabutter<\/strong>, <strong>bitkisel ya\u011flar<\/strong> i\u00e7ererek cildin elastikiyetini art\u0131r\u0131r.<\/p>\n\n\n\n<p>Yeni olu\u015fmu\u015f (pembe\/k\u0131rm\u0131z\u0131) \u00e7atlaklarda d\u00fczenli kullan\u0131mda g\u00f6zle g\u00f6r\u00fcl\u00fcr iyile\u015fme sa\u011flayabilir.<\/p>\n\n\n\n<hr class=\"wp-block-separator has-alpha-channel-opacity\"\/>\n\n\n\n<p><strong>V\u00fccut \u015eekillendirme ve S\u0131k\u0131la\u015ft\u0131rma Etkisi<\/strong><\/p>\n\n\n\n<p>\u00d6zellikle sporla birlikte kullan\u0131ld\u0131\u011f\u0131nda baz\u0131 jeller:<\/p>\n\n\n\n<ul class=\"wp-block-list\">\n<li><strong>Termojenik etki<\/strong> ile (\u00f6rne\u011fin \u0131s\u0131nma hissi) b\u00f6lgesel terlemeyi art\u0131rabilir.<\/li>\n\n\n\n<li>Bu da ge\u00e7ici bir incelme ve daha s\u0131k\u0131 bir g\u00f6r\u00fcn\u00fcm hissi verebilir.<\/li>\n<\/ul>\n\n\n\n<hr class=\"wp-block-separator has-alpha-channel-opacity\"\/>\n\n\n\n<p><strong>Cildi Nemlendirir ve Besler<\/strong><\/p>\n\n\n\n<p>Bu t\u00fcr \u00fcr\u00fcnlerin \u00e7o\u011funda nemlendirici i\u00e7erikler de bulunur (\u00f6rne\u011fin gliserin, aloe vera). Bu sayede:<\/p>\n\n\n\n<ul class=\"wp-block-list\">\n<li>Cilt daha yumu\u015fak, p\u00fcr\u00fczs\u00fcz hissedilir.<\/li>\n\n\n\n<li>Kuru b\u00f6lgelerde pullanma ya da ka\u015f\u0131nt\u0131 gibi problemler azalabilir.<\/li>\n<\/ul>\n\n\n\n<hr class=\"wp-block-separator has-alpha-channel-opacity\"\/>\n\n\n\n<p><strong>Psikolojik Motivasyon<\/strong><\/p>\n\n\n\n<p>Cilt bak\u0131m rutinine bu tarz bir \u00fcr\u00fcn eklemek, kendine bakma motivasyonunu art\u0131rabilir. Bu da genel olarak daha iyi bir v\u00fccut imaj\u0131 ve \u00f6zg\u00fcven anlam\u0131na gelir.<\/p>\n\n\n\n<hr class=\"wp-block-separator has-alpha-channel-opacity\"\/>\n\n\n\n<p><strong>Dikkat Edilmesi Gerekenler<\/strong><\/p>\n\n\n\n<ul class=\"wp-block-list\">\n<li><strong>Mucize beklenmemeli<\/strong>: Bu \u00fcr\u00fcnler destekleyicidir; tek ba\u015f\u0131na sel\u00fclit veya \u00e7atla\u011f\u0131 tamamen yok etmez.<\/li>\n\n\n\n<li><strong>Spor ve sa\u011fl\u0131kl\u0131 beslenmeyle birlikte kullan\u0131lmal\u0131d\u0131r.<\/strong><\/li>\n\n\n\n<li>Hassas ciltlerde alerji yapabilece\u011fi i\u00e7in \u00f6nce k\u00fc\u00e7\u00fck bir b\u00f6lgede denenmelidir.<\/li>\n\n\n\n<li>Hamilelik d\u00f6neminde kullan\u0131m \u00f6ncesi doktora dan\u0131\u015f\u0131lmal\u0131d\u0131r.<\/li>\n<\/ul>\n\n\n\n<p><strong>Sel\u00fclit Nedir?<\/strong><\/p>\n\n\n\n<p><strong>Sel\u00fclit<\/strong>, cildin y\u00fczeyinde olu\u015fan <strong>d\u00fczensiz, \u00e7ukurlu veya &#8220;portakal kabu\u011fu&#8221; g\u00f6r\u00fcn\u00fcm\u00fc<\/strong> ile kendini g\u00f6steren bir durumdur. Genellikle <strong>uyluk, kal\u00e7a, kar\u0131n ve kol<\/strong> b\u00f6lgelerinde g\u00f6r\u00fcl\u00fcr ve hem kad\u0131nlarda hem erkeklerde ortaya \u00e7\u0131kabilir, fakat <strong>kad\u0131nlarda daha yayg\u0131nd\u0131r<\/strong>.<\/p>\n\n\n\n<p><strong>Sel\u00fclit Neden Olu\u015fur?<\/strong><\/p>\n\n\n\n<p>Sel\u00fclit, cilt alt\u0131ndaki ya\u011f h\u00fccrelerinin <strong>ba\u011f dokusuna (kolajen liflerine)<\/strong> bask\u0131 yapmas\u0131yla olu\u015fur. Bu bask\u0131:<\/p>\n\n\n\n<ul class=\"wp-block-list\">\n<li>Ciltte y\u00fczeysel \u00e7\u0131k\u0131nt\u0131 ve \u00e7\u00f6k\u00fcnt\u00fclere neden olur.<\/li>\n\n\n\n<li>Kan ve lenf dola\u015f\u0131m\u0131n\u0131 etkileyerek \u015fi\u015fkinlik hissi yapabilir.<\/li>\n<\/ul>\n\n\n\n<p><strong>Sel\u00fclit Olu\u015fumunu Etkileyen Fakt\u00f6rler<\/strong><\/p>\n\n\n\n<figure class=\"wp-block-table\"><table class=\"has-fixed-layout\"><thead><tr><td><strong>Fakt\u00f6r<\/strong><\/td><td><strong>A\u00e7\u0131klama<\/strong><\/td><\/tr><\/thead><tbody><tr><td><strong>Hormonlar<\/strong><\/td><td>\u00d6strojen ba\u015fta olmak \u00fczere ins\u00fclin, prolaktin gibi hormonlar etkili olabilir.<\/td><\/tr><tr><td><strong>Genetik<\/strong><\/td><td>Ailede sel\u00fclit varsa g\u00f6r\u00fclme riski artar.<\/td><\/tr><tr><td><strong>Ya\u015fam tarz\u0131<\/strong><\/td><td>Hareketsizlik, sigara, dengesiz beslenme, yetersiz su t\u00fcketimi gibi nedenler.<\/td><\/tr><tr><td><strong>Cilt yap\u0131s\u0131<\/strong><\/td><td>\u0130nce, esnekli\u011fini kaybetmi\u015f ciltte daha belirgin hale gelir.<\/td><\/tr><tr><td><strong>Kilo durumu<\/strong><\/td><td>Zay\u0131f ki\u015filerde de g\u00f6r\u00fclebilir, ama fazla ya\u011f dokusu risk fakt\u00f6r\u00fcd\u00fcr.<\/td><\/tr><\/tbody><\/table><\/figure>\n\n\n\n<hr class=\"wp-block-separator has-alpha-channel-opacity\"\/>\n\n\n\n<p><strong>Sel\u00fclit T\u00fcrleri<\/strong><\/p>\n\n\n\n<ol class=\"wp-block-list\">\n<li><strong>Yumu\u015fak Sel\u00fclit (Soft)<\/strong>:<ol><li>Genellikle hareketsiz ki\u015filerde olur<\/li><\/ol>\n<ol class=\"wp-block-list\">\n<li>Cilt sark\u0131kt\u0131r, dokununca oynar<\/li>\n<\/ol>\n<\/li>\n\n\n\n<li><strong>Sert Sel\u00fclit (Hard)<\/strong>:<ol><li>Daha gen\u00e7 ki\u015filerde, cilt s\u0131k\u0131 ama y\u00fczey \u00e7ukurludur<\/li><\/ol>\n<ol class=\"wp-block-list\">\n<li>Dokununca ac\u0131yabilir<\/li>\n<\/ol>\n<\/li>\n\n\n\n<li><strong>\u00d6demli Sel\u00fclit (Edematous)<\/strong>:<ol><li>S\u0131v\u0131 tutulumu ve dola\u015f\u0131m bozuklu\u011fu ile birlikte g\u00f6r\u00fcl\u00fcr<\/li><\/ol>\n<ol class=\"wp-block-list\">\n<li>Bacaklarda \u015fi\u015flik, hassasiyet olur<\/li>\n<\/ol>\n<\/li>\n<\/ol>\n\n\n\n<hr class=\"wp-block-separator has-alpha-channel-opacity\"\/>\n\n\n\n<p><strong>Sel\u00fclit Tedavisi ve Azaltma Y\u00f6ntemleri<\/strong><\/p>\n\n\n\n<figure class=\"wp-block-table\"><table class=\"has-fixed-layout\"><thead><tr><td><strong>Y\u00f6ntem<\/strong><\/td><td><strong>A\u00e7\u0131klama<\/strong><\/td><\/tr><\/thead><tbody><tr><td><strong>Krem\/jel kullan\u0131m\u0131<\/strong><\/td><td>Kafein, retinol, biber, yosun gibi i\u00e7eriklerle dola\u015f\u0131m\u0131 art\u0131rmaya yard\u0131mc\u0131 olabilir<\/td><\/tr><tr><td><strong>Masaj &amp; f\u0131r\u00e7alama<\/strong><\/td><td>Kan dola\u015f\u0131m\u0131n\u0131 art\u0131rarak g\u00f6r\u00fcn\u00fcm\u00fc iyile\u015ftirebilir<\/td><\/tr><tr><td><strong>Spor &amp; egzersiz<\/strong><\/td><td>\u00d6zellikle bacak ve kal\u00e7a b\u00f6lgesini \u00e7al\u0131\u015ft\u0131ran hareketler \u00e7ok faydal\u0131d\u0131r<\/td><\/tr><tr><td><strong>Beslenme &amp; su t\u00fcketimi<\/strong><\/td><td>Tuz, \u015feker ve i\u015flenmi\u015f g\u0131dalardan uzak durmak, suyu art\u0131rmak etkili olur<\/td><\/tr><tr><td><strong>Profesyonel uygulamalar<\/strong><\/td><td>LPG, mezoterapi, radyofrekans gibi y\u00f6ntemlerle daha etkili sonu\u00e7 al\u0131nabilir<\/td><\/tr><\/tbody><\/table><\/figure>\n\n\n\n<hr class=\"wp-block-separator has-alpha-channel-opacity\"\/>\n\n\n\n<p><strong>Sel\u00fclit t\u00fcrleri nelerdir?<\/strong><\/p>\n\n\n\n<p>Cildin alt\u0131ndaki ya\u011f dokusunun d\u00fczensiz da\u011f\u0131l\u0131m\u0131 ve ba\u011f dokusunun zay\u0131flamas\u0131 sonucu olu\u015fan bir durumdur ve <strong>3 ana tipi<\/strong> vard\u0131r. Her biri farkl\u0131 \u00f6zellikler g\u00f6sterir ve farkl\u0131 \u015fekilde ele al\u0131nmal\u0131d\u0131r:<\/p>\n\n\n\n<hr class=\"wp-block-separator has-alpha-channel-opacity\"\/>\n\n\n\n<h2 class=\"wp-block-heading\"><strong>Sert (Fibrotik) Sel\u00fclit<\/strong><\/h2>\n\n\n\n<p><strong>G\u00f6r\u00fcn\u00fcm:<\/strong><\/p>\n\n\n\n<ul class=\"wp-block-list\">\n<li>Cilt gergin, s\u0131k\u0131 ama portakal kabu\u011fu g\u00f6r\u00fcn\u00fcm\u00fc belirgindir<\/li>\n\n\n\n<li>Bast\u0131r\u0131ld\u0131\u011f\u0131nda veya s\u0131k\u0131ld\u0131\u011f\u0131nda a\u011fr\u0131 olabilir<\/li>\n<\/ul>\n\n\n\n<p><strong>Kimlerde g\u00f6r\u00fcl\u00fcr?<\/strong><\/p>\n\n\n\n<ul class=\"wp-block-list\">\n<li>Gen\u00e7, fit kad\u0131nlarda daha s\u0131k<\/li>\n\n\n\n<li>Kas yap\u0131s\u0131 olan ama dola\u015f\u0131m\u0131 zay\u0131f ki\u015filerde<\/li>\n<\/ul>\n\n\n\n<p><strong>\u00d6zellikleri:<\/strong><\/p>\n\n\n\n<ul class=\"wp-block-list\">\n<li>Deriye yap\u0131\u015fm\u0131\u015ft\u0131r, hareket ettirilemez<\/li>\n\n\n\n<li>Tedavisi daha zordur, uzun s\u00fcreli bak\u0131m gerekir<\/li>\n<\/ul>\n\n\n\n<hr class=\"wp-block-separator has-alpha-channel-opacity\"\/>\n\n\n\n<h2 class=\"wp-block-heading\"><strong>Yumu\u015fak Sel\u00fclit<\/strong><\/h2>\n\n\n\n<p><strong>G\u00f6r\u00fcn\u00fcm:<\/strong><\/p>\n\n\n\n<ul class=\"wp-block-list\">\n<li>Cilt gev\u015fek, yumu\u015fak ve sarkmaya yatk\u0131n<\/li>\n\n\n\n<li>Duru\u015f de\u011fi\u015ftik\u00e7e (oturunca\/ayakta) sel\u00fclit \u015fekli de de\u011fi\u015fir<\/li>\n<\/ul>\n\n\n\n<p><strong>Kimlerde g\u00f6r\u00fcl\u00fcr?<\/strong><\/p>\n\n\n\n<ul class=\"wp-block-list\">\n<li>Daha az kasl\u0131, hareketsiz ya\u015fam s\u00fcrenlerde<\/li>\n\n\n\n<li>Ya\u015fla birlikte elastikiyet kayb\u0131 ya\u015fayan ki\u015filerde<\/li>\n<\/ul>\n\n\n\n<p><strong>\u00d6zellikleri:<\/strong><\/p>\n\n\n\n<ul class=\"wp-block-list\">\n<li>Dola\u015f\u0131m zay\u0131f, ba\u011f dokusu gev\u015fek<\/li>\n\n\n\n<li>Masaj, egzersiz ve s\u0131k\u0131la\u015ft\u0131r\u0131c\u0131 \u00fcr\u00fcnlerle olumlu yan\u0131t verir<\/li>\n<\/ul>\n\n\n\n<hr class=\"wp-block-separator has-alpha-channel-opacity\"\/>\n\n\n\n<h2 class=\"wp-block-heading\"><strong>\u00d6demli Sel\u00fclit<\/strong><\/h2>\n\n\n\n<p><strong>G\u00f6r\u00fcn\u00fcm:<\/strong><\/p>\n\n\n\n<ul class=\"wp-block-list\">\n<li>\u015ei\u015fkin, s\u00fcngerimsi yap\u0131<\/li>\n\n\n\n<li>Bacaklarda s\u0131v\u0131 birikimi ve bask\u0131 hissi olabilir<\/li>\n<\/ul>\n\n\n\n<p><strong>Kimlerde g\u00f6r\u00fcl\u00fcr?<\/strong><\/p>\n\n\n\n<ul class=\"wp-block-list\">\n<li>Genellikle dola\u015f\u0131m veya lenf problemi ya\u015fayanlarda<\/li>\n\n\n\n<li>Ayakta \u00e7ok duran ya da \u00e7ok az hareket edenlerde<\/li>\n<\/ul>\n\n\n\n<p><strong>\u00d6zellikleri:<\/strong><\/p>\n\n\n\n<ul class=\"wp-block-list\">\n<li>Dola\u015f\u0131m bozuklu\u011funa ba\u011fl\u0131 olarak s\u0131v\u0131 tutulur<\/li>\n\n\n\n<li>\u0130lk a\u015famadad\u0131r, erken m\u00fcdahaleyle d\u00fczelebilir<\/li>\n<\/ul>\n\n\n\n<hr class=\"wp-block-separator has-alpha-channel-opacity\"\/>\n\n\n\n<h2 class=\"wp-block-heading\">Ek Bilgi: Sel\u00fclit Dereceleri (G\u00f6rsel \u015eiddet)<\/h2>\n\n\n\n<p>Baz\u0131 kaynaklar sel\u00fcliti <strong>\u015fiddetine g\u00f6re 4 evrede<\/strong> de s\u0131n\u0131fland\u0131r\u0131r:<\/p>\n\n\n\n<figure class=\"wp-block-table\"><table class=\"has-fixed-layout\"><thead><tr><td><strong>Derece<\/strong><\/td><td><strong>A\u00e7\u0131klama<\/strong><\/td><\/tr><\/thead><tbody><tr><td>0. derece<\/td><td>Cilt d\u00fcz, bast\u0131r\u0131ld\u0131\u011f\u0131nda bile \u00e7ukur yok<\/td><\/tr><tr><td>1. derece<\/td><td>Normalde g\u00f6r\u00fcnmez, bast\u0131r\u0131ld\u0131\u011f\u0131nda \u00e7ukur g\u00f6r\u00fcn\u00fcr<\/td><\/tr><tr><td>2. derece<\/td><td>Ayakta g\u00f6r\u00fcn\u00fcr, yatarken kaybolur<\/td><\/tr><tr><td>3. derece<\/td><td>Hem ayakta hem yatarken g\u00f6r\u00fcn\u00fcr, derin \u00e7ukurlar vard\u0131r<\/td><\/tr><\/tbody><\/table><\/figure>\n\n\n\n<hr class=\"wp-block-separator has-alpha-channel-opacity\"\/>\n\n\n\n<p><strong>Sizde Sel\u00fclit var m\u0131? Varsa hangi t\u00fcr\u00fc\u2026<\/strong><\/p>\n\n\n\n<p>Harika! O zaman sana daha net yard\u0131mc\u0131 olabilmem i\u00e7in a\u015fa\u011f\u0131daki sorular\u0131 k\u0131saca yan\u0131tlar m\u0131s\u0131n? B\u00f6ylece sel\u00fclit t\u00fcr\u00fcn\u00fc ve olas\u0131 derecesini birlikte belirleyebiliriz:<\/p>\n\n\n\n<hr class=\"wp-block-separator has-alpha-channel-opacity\"\/>\n\n\n\n<p><strong>Hangi b\u00f6lgelerde sel\u00fclit var?<\/strong><\/p>\n\n\n\n<p>(\u00d6rne\u011fin: kal\u00e7a, uyluk, bacak arkas\u0131, kar\u0131n, kol gibi)<\/p>\n\n\n\n<hr class=\"wp-block-separator has-alpha-channel-opacity\"\/>\n\n\n\n<p><strong>Sel\u00fclit cildinde nas\u0131l g\u00f6r\u00fcn\u00fcyor?<\/strong><\/p>\n\n\n\n<ul class=\"wp-block-list\">\n<li>D\u00fcz dururken belli oluyor mu?<\/li>\n\n\n\n<li>Bast\u0131rd\u0131\u011f\u0131nda m\u0131 \u00e7\u0131k\u0131yor?<\/li>\n\n\n\n<li>Yatarken kayboluyor mu, yoksa hep mi belirgin?<\/li>\n<\/ul>\n\n\n\n<hr class=\"wp-block-separator has-alpha-channel-opacity\"\/>\n\n\n\n<p><strong>Cildin yap\u0131s\u0131 nas\u0131l?<\/strong><\/p>\n\n\n\n<ul class=\"wp-block-list\">\n<li>Sert ve s\u0131k\u0131 m\u0131?<\/li>\n\n\n\n<li>Gev\u015fek ve yumu\u015fak m\u0131?<\/li>\n\n\n\n<li>\u015ei\u015f, \u00f6demli veya s\u00fcngerimsi bir yap\u0131 var m\u0131?<\/li>\n<\/ul>\n\n\n\n<hr class=\"wp-block-separator has-alpha-channel-opacity\"\/>\n\n\n\n<p><strong>Dokununca a\u011fr\u0131 veya hassasiyet oluyor mu?<\/strong><\/p>\n\n\n\n<ul class=\"wp-block-list\">\n<li>\u00d6zellikle s\u0131k\u0131nca ya da masaj yap\u0131nca<\/li>\n<\/ul>\n\n\n\n<hr class=\"wp-block-separator has-alpha-channel-opacity\"\/>\n\n\n\n<p><strong>G\u00fcnl\u00fck hareket durumun nas\u0131l?<\/strong><\/p>\n\n\n\n<ul class=\"wp-block-list\">\n<li>Aktif misin? (y\u00fcr\u00fcy\u00fc\u015f, spor vs.)<\/li>\n\n\n\n<li>Uzun s\u00fcre oturarak m\u0131 \u00e7al\u0131\u015f\u0131yorsun?<\/li>\n\n\n\n<li>Ayakta \u00e7ok kal\u0131yor musun?<\/li>\n<\/ul>\n\n\n\n<p><strong>\u00c7atlak nedir?<\/strong><\/p>\n\n\n\n<p><strong>\u00c7atlak (Striae)<\/strong>, cildin orta tabakas\u0131 olan <strong>dermisin<\/strong> a\u015f\u0131r\u0131 gerilme sonucu y\u0131rt\u0131lmas\u0131yla olu\u015fan, genellikle <strong>ince, \u00e7izgi \u015feklinde izler<\/strong> b\u0131rakan bir cilt sorunudur. Genellikle <strong>kar\u0131n, kal\u00e7a, uyluk, g\u00f6\u011f\u00fcs ve bel<\/strong> b\u00f6lgelerinde g\u00f6r\u00fcl\u00fcr.<\/p>\n\n\n\n<p><strong>\u00c7atlaklar Nas\u0131l Olu\u015fur?<\/strong><\/p>\n\n\n\n<p>Cilt \u00fc\u00e7 tabakadan olu\u015fur:<\/p>\n\n\n\n<ol class=\"wp-block-list\">\n<li><strong>Epidermis<\/strong> (\u00fcst tabaka)<\/li>\n\n\n\n<li><strong>Dermis<\/strong> (orta tabaka)<\/li>\n\n\n\n<li><strong>Hipodermis<\/strong> (alt tabaka)<\/li>\n<\/ol>\n\n\n\n<p>\u00c7atlaklar, <strong>dermis tabakas\u0131ndaki kolajen ve elastin liflerinin<\/strong> h\u0131zl\u0131 gerilme nedeniyle zarar g\u00f6rmesiyle olu\u015fur. Bu zarar, cilt y\u00fczeyinden \u00e7izgiler veya y\u0131rt\u0131klar olarak g\u00f6r\u00fcn\u00fcr hale gelir.<\/p>\n\n\n\n<hr class=\"wp-block-separator has-alpha-channel-opacity\"\/>\n\n\n\n<p><strong>\u00c7atlaklar\u0131n Nedenleri<\/strong><\/p>\n\n\n\n<figure class=\"wp-block-table\"><table class=\"has-fixed-layout\"><thead><tr><td><strong>Neden<\/strong><\/td><td><strong>A\u00e7\u0131klama<\/strong><\/td><\/tr><\/thead><tbody><tr><td><strong>Hamilelik<\/strong><\/td><td>Kar\u0131n b\u00f6lgesindeki h\u0131zl\u0131 b\u00fcy\u00fcme \u00e7atlaklara neden olabilir.<\/td><\/tr><tr><td><strong>H\u0131zl\u0131 kilo al\u0131p verme<\/strong><\/td><td>Cilt k\u0131sa s\u00fcrede gerildi\u011finde elastikiyet kayb\u0131 olur.<\/td><\/tr><tr><td><strong>Ergenlik<\/strong><\/td><td>H\u0131zl\u0131 boy uzamas\u0131 veya kilo al\u0131m\u0131 \u00e7atlak olu\u015fturabilir.<\/td><\/tr><tr><td><strong>V\u00fccut geli\u015ftirme<\/strong><\/td><td>Kas k\u00fctlesindeki ani art\u0131\u015f deri alt\u0131nda gerilme yaratabilir.<\/td><\/tr><tr><td><strong>Genetik yatk\u0131nl\u0131k<\/strong><\/td><td>Ailede \u00e7atlak varsa olu\u015fma ihtimali daha y\u00fcksektir.<\/td><\/tr><tr><td><strong>Kortizon kullan\u0131m\u0131<\/strong><\/td><td>Kortikosteroidler cilt yap\u0131s\u0131n\u0131 zay\u0131flatabilir.<\/td><\/tr><\/tbody><\/table><\/figure>\n\n\n\n<hr class=\"wp-block-separator has-alpha-channel-opacity\"\/>\n\n\n\n<p><strong>\u00c7atlaklar\u0131n G\u00f6r\u00fcn\u00fcm\u00fc<\/strong><\/p>\n\n\n\n<p>\u00c7atlaklar genellikle 2 evreden ge\u00e7er:<\/p>\n\n\n\n<ol class=\"wp-block-list\">\n<li><strong>Yeni \u00e7atlaklar (Striae rubra)<\/strong><ol><li>Renkleri <strong>k\u0131rm\u0131z\u0131, mor veya pembe<\/strong> olur<\/li><\/ol><ol><li>Ka\u015f\u0131nt\u0131 ve hassasiyet g\u00f6r\u00fclebilir<\/li><\/ol>\n<ol class=\"wp-block-list\">\n<li>Bu a\u015famada tedaviye daha iyi yan\u0131t verir<\/li>\n<\/ol>\n<\/li>\n\n\n\n<li><strong>Eski \u00e7atlaklar (Striae alba)<\/strong><ol><li>Renkleri <strong>beyaz veya g\u00fcm\u00fc\u015f rengindedir<\/strong><\/li><\/ol><ol><li>Deri y\u00fczeyinden hafif \u00e7\u00f6k\u00fck olabilir<\/li><\/ol>\n<ol class=\"wp-block-list\">\n<li>Tedaviye diren\u00e7lidir, ancak g\u00f6r\u00fcn\u00fcm hafifletilebilir<\/li>\n<\/ol>\n<\/li>\n<\/ol>\n\n\n\n<hr class=\"wp-block-separator has-alpha-channel-opacity\"\/>\n\n\n\n<p><strong>\u00c7atlaklar\u0131 Azaltmak \u0130\u00e7in Ne Yap\u0131labilir?<\/strong><\/p>\n\n\n\n<figure class=\"wp-block-table\"><table class=\"has-fixed-layout\"><thead><tr><td><strong>Y\u00f6ntem<\/strong><\/td><td><strong>A\u00e7\u0131klama<\/strong><\/td><\/tr><\/thead><tbody><tr><td><strong>Nemlendirici kullan\u0131m\u0131<\/strong><\/td><td>Cildin elastikiyetini art\u0131r\u0131r, \u00e7atlak olu\u015fumunu \u00f6nlemeye yard\u0131mc\u0131 olur.<\/td><\/tr><tr><td><strong>Retinoid i\u00e7erikli kremler<\/strong><\/td><td>H\u00fccre yenilenmesini art\u0131rarak yeni \u00e7atlaklar\u0131 hafifletebilir (hamilelerde \u00f6nerilmez).<\/td><\/tr><tr><td><strong>Peptid &amp; kolajen destekli \u00fcr\u00fcnler<\/strong><\/td><td>Cilt dokusunun onar\u0131lmas\u0131na yard\u0131mc\u0131 olur.<\/td><\/tr><tr><td><strong>Lazer veya mikro i\u011fneleme<\/strong><\/td><td>Eski \u00e7atlaklar\u0131n rengini a\u00e7abilir ve derinli\u011fini azaltabilir.<\/td><\/tr><tr><td><strong>Cilt masaj\u0131 ve ya\u011flar<\/strong><\/td><td>Zeytinya\u011f\u0131, badem ya\u011f\u0131, kakao ya\u011f\u0131 gibi do\u011fal i\u00e7erikler cilt elastikiyetini destekler.<\/td><\/tr><\/tbody><\/table><\/figure>\n\n\n\n<hr class=\"wp-block-separator has-alpha-channel-opacity\"\/>\n\n\n\n<p><strong>Bilmen Gerekenler<\/strong><\/p>\n\n\n\n<ul class=\"wp-block-list\">\n<li><strong>Tamamen yok etmek<\/strong> zordur ama g\u00f6r\u00fcn\u00fcm\u00fc belirgin \u00f6l\u00e7\u00fcde azalt\u0131labilir.<\/li>\n\n\n\n<li>En iyi sonu\u00e7lar, \u00e7atlaklar yeni olu\u015ftu\u011funda elde edilir.<\/li>\n\n\n\n<li>Hamilelikte \u00e7atlak \u00f6nleyici ya\u011f\/kremler do\u011fum \u00f6ncesi ve sonras\u0131 kullan\u0131labilir ama doktor \u00f6nerisiyle.<\/li>\n<\/ul>\n\n\n\n<hr class=\"wp-block-separator has-alpha-channel-opacity\"\/>\n\n\n\n<p>\u0130stersen sana \u00f6zel \u00e7atlak kremi \u00f6nerileri veya evde uygulanabilecek do\u011fal y\u00f6ntemler listesi haz\u0131rlayabilirim. Yeni mi olu\u015ftu, eski mi oldu\u011funu s\u00f6ylersen daha net yard\u0131mc\u0131 olurum.<\/p>\n\n\n\n<p><strong>\u00c7atlak nas\u0131l giderilir<\/strong><\/p>\n\n\n\n<p>\u00c7atlaklar (stria), tamamen yok edilemese de <strong>g\u00f6r\u00fcn\u00fcm\u00fcn\u00fc b\u00fcy\u00fck \u00f6l\u00e7\u00fcde azaltmak<\/strong> m\u00fcmk\u00fcnd\u00fcr. \u00d6zellikle \u00e7atlaklar <strong>yeni olu\u015fmu\u015fsa (pembe, k\u0131rm\u0131z\u0131 renkteyse)<\/strong> tedaviye daha iyi yan\u0131t verir. \u0130\u015fte etkili y\u00f6ntemler:<\/p>\n\n\n\n<hr class=\"wp-block-separator has-alpha-channel-opacity\"\/>\n\n\n\n<p><strong>D\u00fczenli Nemlendirme (Temel Bak\u0131m)<\/strong><\/p>\n\n\n\n<p>Cildi nemli tutmak \u00e7atlak olu\u015fumunu \u00f6nlemeye ve mevcut \u00e7atlaklar\u0131n g\u00f6r\u00fcn\u00fcm\u00fcn\u00fc hafifletmeye yard\u0131mc\u0131 olur.<\/p>\n\n\n\n<p><strong>Do\u011fal ya\u011flar:<\/strong><\/p>\n\n\n\n<ul class=\"wp-block-list\">\n<li>Badem ya\u011f\u0131<\/li>\n\n\n\n<li>Kakao ya\u011f\u0131<\/li>\n\n\n\n<li>Zeytinya\u011f\u0131<\/li>\n\n\n\n<li>Hindistan cevizi ya\u011f\u0131<\/li>\n<\/ul>\n\n\n\n<p><strong>Nemlendirici kremler:<\/strong><\/p>\n\n\n\n<ul class=\"wp-block-list\">\n<li>Shea ya\u011f\u0131, gliserin, E vitamini, kolajen i\u00e7eren \u00fcr\u00fcnler tercih edilebilir.<\/li>\n<\/ul>\n\n\n\n<p>G\u00fcnde 1\u20132 kez, \u00f6zellikle du\u015ftan sonra uygulanmal\u0131.<\/p>\n\n\n\n<hr class=\"wp-block-separator has-alpha-channel-opacity\"\/>\n\n\n\n<p><strong>Retinoid Kremler (Retinol \/ Tretinoin)<\/strong><\/p>\n\n\n\n<p>Retinoidler, cilt h\u00fccrelerinin yenilenmesini destekler ve kolajen \u00fcretimini art\u0131r\u0131r.<\/p>\n\n\n\n<p><strong>Sadece yeni \u00e7atlaklarda<\/strong> (pembe\/k\u0131rm\u0131z\u0131 olanlarda) etkilidir.<br><strong>Hamilelik ve emzirme d\u00f6neminde kullan\u0131lmaz!<\/strong><br>Eczanelerde \u201ctretinoin\u201d i\u00e7eren re\u00e7eteli kremler bulunabilir (\u00f6rne\u011fin: Acnelyse, Avene Eluage).<\/p>\n\n\n\n<hr class=\"wp-block-separator has-alpha-channel-opacity\"\/>\n\n\n\n<p><strong>Peptid ve Kolajen \u0130\u00e7erikli \u00dcr\u00fcnler<\/strong><\/p>\n\n\n\n<p>Bu i\u00e7erikler, cildin elastikiyetini art\u0131r\u0131r ve onar\u0131m\u0131 destekler. Genellikle dermo-kozmetik \u00fcr\u00fcnlerde yer al\u0131r.<\/p>\n\n\n\n<p>\u00d6nerilen markalar: <strong>Bepanthol Derma<\/strong>, <strong>Mustela \u00c7atlak Kremi<\/strong>, <strong>Bio-Oil<\/strong>, <strong>StriVectin<\/strong>, <strong>Lierac Phytolastil<\/strong><\/p>\n\n\n\n<hr class=\"wp-block-separator has-alpha-channel-opacity\"\/>\n\n\n\n<p><strong>Kimyasal Peeling &amp; Mikrodermabrazyon<\/strong><\/p>\n\n\n\n<p>\u00d6l\u00fc h\u00fccreleri temizleyip yeni cilt olu\u015fumunu te\u015fvik eder.<\/p>\n\n\n\n<p>\ud83d\udd39 Dermatoloji kliniklerinde yap\u0131l\u0131r.<br>\ud83d\udd39 \u00d6zellikle renk e\u015fitsizliklerini azaltabilir.<\/p>\n\n\n\n<hr class=\"wp-block-separator has-alpha-channel-opacity\"\/>\n\n\n\n<p><strong>Lazer Tedavileri (En Etkili Klinik Y\u00f6ntem)<\/strong><\/p>\n\n\n\n<p>Lazer tedavisi kolajen \u00fcretimini uyar\u0131r ve hem yeni hem eski \u00e7atlaklar\u0131n g\u00f6r\u00fcn\u00fcm\u00fcn\u00fc azaltabilir.<\/p>\n\n\n\n<p>\ud83d\udd39 <strong>Fraksiyonel lazer<\/strong> (\u00f6rne\u011fin CO2 lazer): en s\u0131k kullan\u0131lan ve etkili y\u00f6ntemdir<br>\ud83d\udd39 <strong>IPL (yo\u011fun \u0131\u015f\u0131k):<\/strong> renk e\u015fitsizli\u011fi olan \u00e7atlaklarda etkilidir<br>\ud83d\udd39 Genellikle birka\u00e7 seans gerekir, maliyetlidir ama etkilidir<\/p>\n\n\n\n<hr class=\"wp-block-separator has-alpha-channel-opacity\"\/>\n\n\n\n<p><strong>Mikro i\u011fneleme (Dermaroller \/ Dermapen)<\/strong><\/p>\n\n\n\n<p>Ciltte k\u00fc\u00e7\u00fck kanallar a\u00e7arak iyile\u015fme s\u00fcrecini tetikler.<\/p>\n\n\n\n<p>\ud83d\udd39 Evde dermaroller ile yap\u0131labilir ama hijyen \u00e7ok \u00f6nemlidir<br>\ud83d\udd39 Klinik uygulamalarda Dermapen tercih edilir<br>\ud83d\udd39 Hyaluronik asit veya kolajen serumlar\u0131yla birlikte uygulan\u0131rsa etkisi artar<\/p>\n\n\n\n<hr class=\"wp-block-separator has-alpha-channel-opacity\"\/>\n\n\n\n<p><strong>Ne Zaman Sonu\u00e7 Al\u0131n\u0131r?<\/strong><\/p>\n\n\n\n<ul class=\"wp-block-list\">\n<li><strong>Yeni \u00e7atlaklar:<\/strong> 4\u20138 haftada belirgin iyile\u015fme g\u00f6r\u00fclebilir<\/li>\n\n\n\n<li><strong>Eski \u00e7atlaklar:<\/strong> 3\u20136 ayda g\u00f6zle g\u00f6r\u00fcl\u00fcr azalma olabilir<\/li>\n\n\n\n<li>Tedavi s\u00fcreci <strong>sab\u0131r ve d\u00fczenli uygulama<\/strong> ister<\/li>\n<\/ul>\n\n\n\n<hr class=\"wp-block-separator has-alpha-channel-opacity\"\/>\n\n\n\n<p><strong>\u00d6neri Kombinasyonu (Evde)<\/strong><\/p>\n\n\n\n<ol class=\"wp-block-list\">\n<li><strong>Du\u015f sonras\u0131<\/strong> cildi kurulamadan \u00f6nce do\u011fal ya\u011f (badem veya hindistancevizi) s\u00fcr.<\/li>\n\n\n\n<li>Gece yatmadan \u00f6nce \u00e7atlak kremi uygula (retinol yoksa g\u00fcnd\u00fcz de kullanabilirsin).<\/li>\n\n\n\n<li>Haftada 1\u20132 kez peeling yaparak \u00f6l\u00fc derileri temizle.<\/li>\n\n\n\n<li>\u0130stersen dermaroller ile haftada 1 kez uygulama yapabilirsin (ba\u015flang\u0131\u00e7 i\u011fne boyu: 0.25\u20130.5 mm).<\/li>\n\n\n\n<li>Bol su i\u00e7, kolajen destekleri almay\u0131 d\u00fc\u015f\u00fcn (tip 1 ve 3 kolajen i\u00e7erikli olanlar).<\/li>\n<\/ol>\n\n\n\n<p>\u00c7atlaklar\u0131 <strong>azaltmak<\/strong> ve <strong>cildi desteklemek<\/strong> i\u00e7in etkili olan y\u00f6ntemler<\/p>\n\n\n\n<p><strong>Nemlendirici Bak\u0131m Uygula<\/strong><\/p>\n\n\n\n<p>G\u00fcnl\u00fck olarak kullan\u0131lan yo\u011fun nemlendiriciler, cilt elastikiyetini art\u0131r\u0131r ve \u00e7atlaklar\u0131n g\u00f6r\u00fcn\u00fcm\u00fcn\u00fc azaltmaya yard\u0131mc\u0131 olur.<\/p>\n\n\n\n<p>\u0130\u00e7ermesi faydal\u0131 olan i\u00e7erikler:<\/p>\n\n\n\n<ul class=\"wp-block-list\">\n<li>E vitamini<\/li>\n\n\n\n<li>Shea ya\u011f\u0131<\/li>\n\n\n\n<li>Gliserin<\/li>\n\n\n\n<li>Bitkisel ya\u011flar (\u00f6rne\u011fin badem, kakao, hindistancevizi)<\/li>\n<\/ul>\n\n\n\n<p>G\u00fcnde 1\u20132 kez d\u00fczenli olarak kullan\u0131lmal\u0131, \u00f6zellikle du\u015f sonras\u0131 nemli cilde uygulanmal\u0131.<\/p>\n\n\n\n<hr class=\"wp-block-separator has-alpha-channel-opacity\"\/>\n\n\n\n<p><strong>Cilt Yenileyici Aktifler Kullan<\/strong><\/p>\n\n\n\n<p>Yeni olu\u015fmu\u015f (k\u0131rm\u0131z\u0131 veya pembe) \u00e7atlaklarda, h\u00fccre yenilenmesini destekleyen i\u00e7erikler daha etkilidir.<\/p>\n\n\n\n<p>\ud83d\udd39 \u00d6ne \u00e7\u0131kan i\u00e7erikler:<\/p>\n\n\n\n<ul class=\"wp-block-list\">\n<li><strong>Retinoidler (retinol, retinal)<\/strong><\/li>\n\n\n\n<li><strong>Peptitler<\/strong><\/li>\n\n\n\n<li><strong>Kolajen art\u0131r\u0131c\u0131 aktifler<\/strong><\/li>\n\n\n\n<li><strong>Hyaluronik asit<\/strong><\/li>\n<\/ul>\n\n\n\n<p><em>Not: Retinoid i\u00e7erikler hamilelikte ve emzirme d\u00f6neminde kullan\u0131lmamal\u0131d\u0131r.<\/em><\/p>\n\n\n\n<hr class=\"wp-block-separator has-alpha-channel-opacity\"\/>\n\n\n\n<p><strong>Do\u011fal Ya\u011flarla Masaj Yap<\/strong><\/p>\n\n\n\n<p>Besleyici ve yumu\u015fat\u0131c\u0131 do\u011fal ya\u011flarla yap\u0131lan masaj, kan dola\u015f\u0131m\u0131n\u0131 art\u0131rarak \u00e7atlak g\u00f6r\u00fcn\u00fcm\u00fcn\u00fc hafifletebilir.<\/p>\n\n\n\n<p>Tercih edilebilecek ya\u011f t\u00fcrleri:<\/p>\n\n\n\n<ul class=\"wp-block-list\">\n<li>Badem ya\u011f\u0131<\/li>\n\n\n\n<li>Kakao ya\u011f\u0131<\/li>\n\n\n\n<li>Zeytinya\u011f\u0131<\/li>\n\n\n\n<li>Jojoba ya\u011f\u0131<\/li>\n\n\n\n<li>Argan ya\u011f\u0131<\/li>\n<\/ul>\n\n\n\n<p>G\u00fcnde 1 defa, \u00f6zellikle gece yatmadan \u00f6nce uygulanabilir.<\/p>\n\n\n\n<hr class=\"wp-block-separator has-alpha-channel-opacity\"\/>\n\n\n\n<p><strong>Peeling ve Cilt Yenileme<\/strong><\/p>\n\n\n\n<p>\u00d6l\u00fc derileri temizlemek ve cilt yenilenmesini te\u015fvik etmek i\u00e7in:<\/p>\n\n\n\n<ul class=\"wp-block-list\">\n<li>Haftada 1\u20132 kez fiziksel veya kimyasal peeling (\u00f6rn. AHA\/BHA i\u00e7erikli) yap\u0131labilir.<\/li>\n\n\n\n<li>Cilt daha p\u00fcr\u00fczs\u00fcz hale gelir ve aktif i\u00e7eriklerin emilimi artar.<\/li>\n<\/ul>\n\n\n\n<hr class=\"wp-block-separator has-alpha-channel-opacity\"\/>\n\n\n\n<p><strong>Destekleyici Takviyeler (\u0130\u00e7ten Besleme)<\/strong><\/p>\n\n\n\n<p>Cilt sa\u011fl\u0131\u011f\u0131 i\u00e7eriden de desteklenebilir:<\/p>\n\n\n\n<p>\u00d6nerilen destekler:<\/p>\n\n\n\n<ul class=\"wp-block-list\">\n<li>Tip 1 ve 3 kolajen<\/li>\n\n\n\n<li>C vitamini (kolajen sentezi i\u00e7in gereklidir)<\/li>\n\n\n\n<li>\u00c7inko ve biotin<\/li>\n\n\n\n<li>Omega-3 ya\u011f asitleri<\/li>\n<\/ul>\n\n\n\n<p>D\u00fczenli kullan\u0131mda cildin elastikiyetini ve onar\u0131m kapasitesini art\u0131rabilir.<\/p>\n\n\n\n<hr class=\"wp-block-separator has-alpha-channel-opacity\"\/>\n\n\n\n<p><strong>Masaj, F\u0131r\u00e7alama, Egzersiz<\/strong><\/p>\n\n\n\n<p>Cilt y\u00fczeyine uygulanan kuru f\u0131r\u00e7alama veya masaj:<\/p>\n\n\n\n<ul class=\"wp-block-list\">\n<li>Lenf drenaj\u0131n\u0131 ve kan dola\u015f\u0131m\u0131n\u0131 art\u0131r\u0131r<\/li>\n\n\n\n<li>Cildin daha sa\u011fl\u0131kl\u0131 ve esnek g\u00f6r\u00fcnmesini sa\u011flar<\/li>\n\n\n\n<li>Egzersizle birle\u015fti\u011finde sonu\u00e7lar daha iyi olur<\/li>\n<\/ul>\n\n\n\n<hr class=\"wp-block-separator has-alpha-channel-opacity\"\/>\n\n\n\n<p><strong>Profesyonel Klinik Y\u00f6ntemler (\u0130ste\u011fe Ba\u011fl\u0131)<\/strong><\/p>\n\n\n\n<p>Daha derin \u00e7atlaklar i\u00e7in uzman kontrol\u00fcnde uygulanabilir:<\/p>\n\n\n\n<ul class=\"wp-block-list\">\n<li><strong>Mikroi\u011fneleme (Dermapen \/ Dermaroller)<\/strong><\/li>\n\n\n\n<li><strong>Fraksiyonel lazer tedavileri<\/strong><\/li>\n\n\n\n<li><strong>Lokal radyofrekans veya ultrason uygulamalar\u0131<\/strong><\/li>\n<\/ul>\n\n\n\n<p>Bu i\u015flemler genellikle birka\u00e7 seansl\u0131k k\u00fcrler halinde yap\u0131l\u0131r.<\/p>\n","protected":false},"excerpt":{"rendered":"<p>Sel\u00fclit ve \u00e7atlak giderici v\u00fccut \u015fekillendirici jel kullanman\u0131n temel nedenleri, hem estetik g\u00f6r\u00fcn\u00fcm\u00fc iyile\u015ftirmek hem de cilt sa\u011fl\u0131\u011f\u0131n\u0131 desteklemektir. \u0130\u015fte detayl\u0131 \u015fekilde neden kullan\u0131labilece\u011fini a\u00e7\u0131klayan baz\u0131 ba\u015fl\u0131klar: Sel\u00fclit G\u00f6r\u00fcn\u00fcm\u00fcn\u00fc Azaltmaya Yard\u0131mc\u0131 Olur Sel\u00fclit, \u00f6zellikle uyluk, kal\u00e7a ve kar\u0131n b\u00f6lgelerinde ortaya \u00e7\u0131kan portakal kabu\u011fu g\u00f6r\u00fcn\u00fcm\u00fcd\u00fcr. Bu jellerde genellikle \u015fu maddeler bulunur: \u00c7atlaklar\u0131n G\u00f6r\u00fcn\u00fcm\u00fcn\u00fc Hafifletir Hamilelik, h\u0131zl\u0131 [&hellip;]<\/p>\n","protected":false},"author":1,"featured_media":0,"comment_status":"closed","ping_status":"closed","sticky":false,"template":"","format":"standard","meta":{"footnotes":""},"categories":[1],"tags":[],"class_list":["post-9423","post","type-post","status-publish","format-standard","hentry","category-genel"],"aioseo_notices":[],"_links":{"self":[{"href":"https:\/\/www.acvit.com.tr\/magaza\/wp-json\/wp\/v2\/posts\/9423","targetHints":{"allow":["GET"]}}],"collection":[{"href":"https:\/\/www.acvit.com.tr\/magaza\/wp-json\/wp\/v2\/posts"}],"about":[{"href":"https:\/\/www.acvit.com.tr\/magaza\/wp-json\/wp\/v2\/types\/post"}],"author":[{"embeddable":true,"href":"https:\/\/www.acvit.com.tr\/magaza\/wp-json\/wp\/v2\/users\/1"}],"replies":[{"embeddable":true,"href":"https:\/\/www.acvit.com.tr\/magaza\/wp-json\/wp\/v2\/comments?post=9423"}],"version-history":[{"count":1,"href":"https:\/\/www.acvit.com.tr\/magaza\/wp-json\/wp\/v2\/posts\/9423\/revisions"}],"predecessor-version":[{"id":9424,"href":"https:\/\/www.acvit.com.tr\/magaza\/wp-json\/wp\/v2\/posts\/9423\/revisions\/9424"}],"wp:attachment":[{"href":"https:\/\/www.acvit.com.tr\/magaza\/wp-json\/wp\/v2\/media?parent=9423"}],"wp:term":[{"taxonomy":"category","embeddable":true,"href":"https:\/\/www.acvit.com.tr\/magaza\/wp-json\/wp\/v2\/categories?post=9423"},{"taxonomy":"post_tag","embeddable":true,"href":"https:\/\/www.acvit.com.tr\/magaza\/wp-json\/wp\/v2\/tags?post=9423"}],"curies":[{"name":"wp","href":"https:\/\/api.w.org\/{rel}","templated":true}]}}