{"id":9413,"date":"2025-06-19T15:13:47","date_gmt":"2025-06-19T12:13:47","guid":{"rendered":"https:\/\/www.acvit.com.tr\/magaza\/?p=9413"},"modified":"2025-06-19T15:13:50","modified_gmt":"2025-06-19T12:13:50","slug":"yaz-aylarinda-nemlendiriciye-ihtiyac-var-mi","status":"publish","type":"post","link":"https:\/\/www.acvit.com.tr\/magaza\/yaz-aylarinda-nemlendiriciye-ihtiyac-var-mi\/","title":{"rendered":"Yaz aylar\u0131nda nemlendiriciye ihtiya\u00e7 var m\u0131?"},"content":{"rendered":"\n<p>Evet, <strong>yaz aylar\u0131nda da nemlendiriciye ihtiya\u00e7 vard\u0131r<\/strong> \u2013 ama <strong>do\u011fru \u00fcr\u00fcnle<\/strong> ve <strong>cilt tipine uygun \u015fekilde<\/strong> kullanmak \u00e7ok \u00f6nemlidir.<\/p>\n\n\n\n<hr class=\"wp-block-separator has-alpha-channel-opacity\"\/>\n\n\n\n<p><strong>Yaz\u0131n Nemlendirici Kullanmak Neden Gerekli?<\/strong><\/p>\n\n\n\n<p><strong>\u2705 1. G\u00fcne\u015f, cildi kurutur.<\/strong><\/p>\n\n\n\n<p>G\u00fcne\u015f \u0131\u015f\u0131nlar\u0131 ve s\u0131cak hava, cildin y\u00fczeyindeki nemi buharla\u015ft\u0131r\u0131r. Bu da <strong>cilt bariyerinin zay\u0131flamas\u0131na<\/strong>, tahri\u015fe ve sivilceye neden olabilir.<\/p>\n\n\n\n<p><strong>\u2705 2. Sadece terlemek cildi nemli tutmaz.<\/strong><\/p>\n\n\n\n<p>Ter, su de\u011fil; i\u00e7inde tuz ve at\u0131klar da vard\u0131r. Terlemek, cildi <strong>daha \u00e7ok kurutabilir ve g\u00f6zenekleri t\u0131kayabilir<\/strong>.<\/p>\n\n\n\n<p><strong>\u2705 3. Cilt nemsiz kald\u0131\u011f\u0131nda daha \u00e7ok ya\u011f \u00fcretir.<\/strong><\/p>\n\n\n\n<p>Bu da <strong>daha fazla sivilce<\/strong> anlam\u0131na gelir. Yani, \u00f6zellikle <strong>ya\u011fl\u0131 ciltler bile nemlendiriciye ihtiya\u00e7 duyar<\/strong>.<\/p>\n\n\n\n<hr class=\"wp-block-separator has-alpha-channel-opacity\"\/>\n\n\n\n<p><strong>Yaz Aylar\u0131nda Nas\u0131l Bir Nemlendirici Kullan\u0131lmal\u0131?<\/strong><\/p>\n\n\n\n<p>Cilt tipine g\u00f6re \u00f6neriler:<\/p>\n\n\n\n<p><strong>\ud83d\udd39 Ya\u011fl\u0131 \/ Akneye E\u011filimli Cilt:<\/strong><\/p>\n\n\n\n<ul class=\"wp-block-list\">\n<li><strong>Jel yap\u0131l\u0131<\/strong>, su bazl\u0131<\/li>\n\n\n\n<li>\u201c<strong>Non-comedogenic<\/strong>\u201d (g\u00f6zenek t\u0131kamayan)<\/li>\n\n\n\n<li>\u0130\u00e7erikler: <strong>Hyaluronik asit<\/strong>, <strong>niacinamide<\/strong>, <strong>panthenol<\/strong><\/li>\n<\/ul>\n\n\n\n<p><strong>\ud83d\udd39 Karma Cilt:<\/strong><\/p>\n\n\n\n<ul class=\"wp-block-list\">\n<li>Hafif krem ya da jel-krem formunda<\/li>\n\n\n\n<li>T b\u00f6lgesi i\u00e7in daha ince, yanaklar i\u00e7in biraz daha nemlendirici \u00fcr\u00fcn kullan\u0131labilir.<\/li>\n<\/ul>\n\n\n\n<p><strong>\ud83d\udd39 Kuru Cilt:<\/strong><\/p>\n\n\n\n<ul class=\"wp-block-list\">\n<li>Su bazl\u0131 ama biraz daha yo\u011fun nemlendiriciler (g\u00fcnl\u00fck kullan\u0131m i\u00e7in)<\/li>\n\n\n\n<li>Geceleri daha yo\u011fun yap\u0131l\u0131 kullan\u0131labilir.<\/li>\n<\/ul>\n\n\n\n<p><strong>\ud83d\udd39 Hassas Cilt:<\/strong><\/p>\n\n\n\n<ul class=\"wp-block-list\">\n<li>Parf\u00fcms\u00fcz, alkol i\u00e7ermeyen, cildi yat\u0131\u015ft\u0131r\u0131c\u0131 (\u00f6rne\u011fin <strong>aloe vera<\/strong>, <strong>centella asiatica<\/strong>) i\u00e7erikli \u00fcr\u00fcnler<\/li>\n<\/ul>\n\n\n\n<hr class=\"wp-block-separator has-alpha-channel-opacity\"\/>\n\n\n\n<p><strong>\ud83e\uddf4 Bonus: G\u00fcne\u015f Kremi Unutulmas\u0131n<\/strong><\/p>\n\n\n\n<p>G\u00fcnd\u00fcz nemlendirici s\u00fcrd\u00fckten sonra her zaman:<\/p>\n\n\n\n<ul class=\"wp-block-list\">\n<li><strong>Ya\u011fs\u0131z, non-comedogenic g\u00fcne\u015f kremi (SPF 30\u201350)<\/strong> kullan\u0131lmal\u0131.<br>Bu da nem sa\u011flar ve akne izlerinin koyula\u015fmas\u0131n\u0131 \u00f6nler.<\/li>\n<\/ul>\n\n\n\n<hr class=\"wp-block-separator has-alpha-channel-opacity\"\/>\n\n\n\n<p><strong>\ud83d\udcdd \u00d6zet:<\/strong><\/p>\n\n\n\n<p>Evet, yaz\u0131n da nemlendirici gerekir.<br>Cilt \u201cya\u011fl\u0131\u201d olsa bile, <strong>nemsiz kalmak akneyi art\u0131rabilir<\/strong>.<br>Do\u011fru, hafif ve cildine uygun bir nemlendirici kullanmak \u00e7ok \u00f6nemlidir.<\/p>\n","protected":false},"excerpt":{"rendered":"<p>Evet, yaz aylar\u0131nda da nemlendiriciye ihtiya\u00e7 vard\u0131r \u2013 ama do\u011fru \u00fcr\u00fcnle ve cilt tipine uygun \u015fekilde kullanmak \u00e7ok \u00f6nemlidir. Yaz\u0131n Nemlendirici Kullanmak Neden Gerekli? \u2705 1. G\u00fcne\u015f, cildi kurutur. G\u00fcne\u015f \u0131\u015f\u0131nlar\u0131 ve s\u0131cak hava, cildin y\u00fczeyindeki nemi buharla\u015ft\u0131r\u0131r. Bu da cilt bariyerinin zay\u0131flamas\u0131na, tahri\u015fe ve sivilceye neden olabilir. \u2705 2. Sadece terlemek cildi nemli tutmaz. [&hellip;]<\/p>\n","protected":false},"author":1,"featured_media":0,"comment_status":"closed","ping_status":"closed","sticky":false,"template":"","format":"standard","meta":{"footnotes":""},"categories":[1],"tags":[],"class_list":["post-9413","post","type-post","status-publish","format-standard","hentry","category-genel"],"aioseo_notices":[],"_links":{"self":[{"href":"https:\/\/www.acvit.com.tr\/magaza\/wp-json\/wp\/v2\/posts\/9413","targetHints":{"allow":["GET"]}}],"collection":[{"href":"https:\/\/www.acvit.com.tr\/magaza\/wp-json\/wp\/v2\/posts"}],"about":[{"href":"https:\/\/www.acvit.com.tr\/magaza\/wp-json\/wp\/v2\/types\/post"}],"author":[{"embeddable":true,"href":"https:\/\/www.acvit.com.tr\/magaza\/wp-json\/wp\/v2\/users\/1"}],"replies":[{"embeddable":true,"href":"https:\/\/www.acvit.com.tr\/magaza\/wp-json\/wp\/v2\/comments?post=9413"}],"version-history":[{"count":1,"href":"https:\/\/www.acvit.com.tr\/magaza\/wp-json\/wp\/v2\/posts\/9413\/revisions"}],"predecessor-version":[{"id":9414,"href":"https:\/\/www.acvit.com.tr\/magaza\/wp-json\/wp\/v2\/posts\/9413\/revisions\/9414"}],"wp:attachment":[{"href":"https:\/\/www.acvit.com.tr\/magaza\/wp-json\/wp\/v2\/media?parent=9413"}],"wp:term":[{"taxonomy":"category","embeddable":true,"href":"https:\/\/www.acvit.com.tr\/magaza\/wp-json\/wp\/v2\/categories?post=9413"},{"taxonomy":"post_tag","embeddable":true,"href":"https:\/\/www.acvit.com.tr\/magaza\/wp-json\/wp\/v2\/tags?post=9413"}],"curies":[{"name":"wp","href":"https:\/\/api.w.org\/{rel}","templated":true}]}}