{"id":9410,"date":"2025-06-19T14:49:03","date_gmt":"2025-06-19T11:49:03","guid":{"rendered":"https:\/\/www.acvit.com.tr\/magaza\/?p=9410"},"modified":"2025-06-19T14:49:06","modified_gmt":"2025-06-19T11:49:06","slug":"akneyle-sivilce-zit-kutuplar-midir","status":"publish","type":"post","link":"https:\/\/www.acvit.com.tr\/magaza\/akneyle-sivilce-zit-kutuplar-midir\/","title":{"rendered":"Akneyle Sivilce Z\u0131t Kutuplar M\u0131d\u0131r?"},"content":{"rendered":"\n<p><\/p>\n\n\n\n<p>Hay\u0131r, <strong>akne ile sivilce z\u0131t kutuplar de\u011fildir<\/strong>; asl\u0131nda birbirleriyle olduk\u00e7a <strong>ili\u015fkili terimlerdir<\/strong>. Genellikle halk aras\u0131nda bu iki kavram kar\u0131\u015ft\u0131r\u0131l\u0131r veya e\u015fanlaml\u0131 olarak kullan\u0131l\u0131r. \u0130\u015fin t\u0131bbi boyutuna bakarsak:<\/p>\n\n\n\n<p><strong>\ud83d\udd0d Tan\u0131mlar:<\/strong><\/p>\n\n\n\n<ul class=\"wp-block-list\">\n<li><strong>Akne (Acne Vulgaris):<\/strong><br>Ciltte bulunan ya\u011f bezlerinin (sebaceous gland) iltihaplanmas\u0131yla ortaya \u00e7\u0131kan <strong>kronik bir cilt hastal\u0131\u011f\u0131d\u0131r<\/strong>. Siyah nokta, beyaz nokta, pap\u00fcl, p\u00fcst\u00fcl, nod\u00fcl ve kist gibi <strong>\u00e7e\u015fitli lezyonlar\u0131<\/strong> i\u00e7erir.<\/li>\n\n\n\n<li><strong>Sivilce:<\/strong><br>Akne hastal\u0131\u011f\u0131n\u0131n bir belirtisidir. Genelde <strong>iltihapl\u0131 veya iltihaps\u0131z k\u00fc\u00e7\u00fck kabarc\u0131klar<\/strong> \u015feklinde kendini g\u00f6sterir. Yani sivilce, aknenin daha <strong>dar anlaml\u0131 bir bile\u015fenidir<\/strong>.<\/li>\n<\/ul>\n\n\n\n<hr class=\"wp-block-separator has-alpha-channel-opacity\"\/>\n\n\n\n<p><strong>\ud83d\udd01 Aralar\u0131ndaki \u0130li\u015fki:<\/strong><\/p>\n\n\n\n<figure class=\"wp-block-table\"><table class=\"has-fixed-layout\"><thead><tr><td><strong>\u00d6zellik<\/strong><\/td><td><strong>&nbsp;&nbsp;&nbsp;&nbsp;&nbsp; Akne<\/strong><\/td><td><strong>Sivilce<\/strong><\/td><\/tr><\/thead><tbody><tr><td>Kapsam<\/td><td>&nbsp;&nbsp;&nbsp;&nbsp;&nbsp; Geni\u015f (hastal\u0131k b\u00fct\u00fcn\u00fcd\u00fcr)<\/td><td>Dar (tek bir belirti\/lezyon)<\/td><\/tr><tr><td>T\u0131bbi terim mi?<\/td><td>&nbsp;&nbsp;&nbsp;&nbsp;&nbsp;&nbsp; Evet<\/td><td>Hay\u0131r (daha halk aras\u0131nda kullan\u0131l\u0131r)<\/td><\/tr><tr><td>Z\u0131t m\u0131?<\/td><td>&nbsp;&nbsp;&nbsp;&nbsp;&nbsp; Hay\u0131r<\/td><td>Hay\u0131r<\/td><\/tr><\/tbody><\/table><\/figure>\n\n\n\n<hr class=\"wp-block-separator has-alpha-channel-opacity\"\/>\n\n\n\n<p><strong>\ud83d\udccc \u00d6zet:<\/strong><\/p>\n\n\n\n<ul class=\"wp-block-list\">\n<li>Akne bir <strong>hastal\u0131k<\/strong>, sivilce ise onun <strong>belirtilerinden biri<\/strong>dir.<\/li>\n\n\n\n<li>Z\u0131t de\u011filler; aksine <strong>ayn\u0131 sorunun farkl\u0131 d\u00fczeydeki ifadeleri<\/strong>dir.<\/li>\n\n\n\n<li>Her sivilce vakas\u0131 akne olmayabilir ama her akne hastas\u0131nda genelde sivilce bulunur.<\/li>\n<\/ul>\n\n\n\n<p><strong>Akne ile sivilce aras\u0131ndaki fark nedir?<\/strong><\/p>\n\n\n\n<p>Akne ve sivilce, genellikle ayn\u0131 \u015fey san\u0131lsa da asl\u0131nda aralar\u0131nda <strong>baz\u0131 \u00f6nemli farklar<\/strong> vard\u0131r. A\u015fa\u011f\u0131da bu farklar\u0131 a\u00e7\u0131k ve sade \u015fekilde bulabilirsin:<\/p>\n\n\n\n<hr class=\"wp-block-separator has-alpha-channel-opacity\"\/>\n\n\n\n<p><strong>\ud83d\udd0d Akne ve Sivilce Aras\u0131ndaki Fark<\/strong><\/p>\n\n\n\n<figure class=\"wp-block-table\"><table class=\"has-fixed-layout\"><thead><tr><td><strong>\u00d6zellik<\/strong><\/td><td><strong>Akne<\/strong><\/td><td><strong>Sivilce<\/strong><\/td><\/tr><\/thead><tbody><tr><td><strong>Tan\u0131m<\/strong><\/td><td>Ciltte ya\u011f bezlerinin iltihaplanmas\u0131yla olu\u015fan <strong>kronik bir cilt hastal\u0131\u011f\u0131<\/strong>d\u0131r.<\/td><td>Akne hastal\u0131\u011f\u0131 s\u0131ras\u0131nda ciltte g\u00f6r\u00fclen <strong>tekil kabarc\u0131klar<\/strong>d\u0131r.<\/td><\/tr><tr><td><strong>Kapsam<\/strong><\/td><td>Geni\u015f; siyah nokta, beyaz nokta, kist, nod\u00fcl, p\u00fcst\u00fcl gibi bir\u00e7ok lezyonu kapsar.<\/td><td>Dar; genellikle iltihapl\u0131 veya iltihaps\u0131z <strong>tek bir kabart\u0131<\/strong>d\u0131r.<\/td><\/tr><tr><td><strong>T\u0131bbi Terim<\/strong><\/td><td>Evet, t\u0131bbi bir tan\u0131d\u0131r.<\/td><td>Hay\u0131r, daha \u00e7ok halk aras\u0131nda kullan\u0131l\u0131r.<\/td><\/tr><tr><td><strong>S\u00fcre\u00e7<\/strong><\/td><td>Uzun s\u00fcrebilir, tedavi gerektirir.<\/td><td>Ge\u00e7ici olabilir, kendi kendine ge\u00e7ebilir.<\/td><\/tr><tr><td><strong>\u015eiddet<\/strong><\/td><td>Hafiften \u015fiddetliye kadar de\u011fi\u015febilir.<\/td><td>Genellikle hafif ve s\u0131n\u0131rl\u0131d\u0131r.<\/td><\/tr><\/tbody><\/table><\/figure>\n\n\n\n<hr class=\"wp-block-separator has-alpha-channel-opacity\"\/>\n\n\n\n<p><strong>\ud83e\uddf4 \u00d6rnekle A\u00e7\u0131klama:<\/strong><\/p>\n\n\n\n<ul class=\"wp-block-list\">\n<li>E\u011fer y\u00fcz\u00fcnde <strong>ara s\u0131ra \u00e7\u0131kan birka\u00e7 k\u0131rm\u0131z\u0131 kabart\u0131<\/strong> varsa \u2192 bu <strong>sivilcedir<\/strong>.<\/li>\n\n\n\n<li>E\u011fer bu sivilceler s\u00fcrekli tekrar ediyor, cildinde <strong>siyah noktalar, iltihapl\u0131 kistler<\/strong> de varsa \u2192 bu <strong>aknedir<\/strong>.<\/li>\n<\/ul>\n\n\n\n<hr class=\"wp-block-separator has-alpha-channel-opacity\"\/>\n\n\n\n<p><strong>\ud83e\udde0 K\u0131sa \u00d6zet:<\/strong><\/p>\n\n\n\n<p><strong>Sivilce<\/strong>, <strong>aknenin bir par\u00e7as\u0131d\u0131r<\/strong>.<br><strong>Akne<\/strong>, <strong>daha geni\u015f ve ciddi bir cilt hastal\u0131\u011f\u0131d\u0131r<\/strong>.<\/p>\n\n\n\n<p>\u0130stersen hangi t\u00fcr sivilceler akneye d\u00f6n\u00fc\u015f\u00fcr ya da nas\u0131l tedavi edilir gibi konulara da detayl\u0131 girebilirim.<\/p>\n\n\n\n<p><strong>Akne t\u00fcrlerini ve nas\u0131l tedavi edildi\u011fine g\u00f6z atal\u0131m<\/strong><\/p>\n\n\n\n<p>Tabii! A\u015fa\u011f\u0131da <strong>akne t\u00fcrlerini<\/strong> ve <strong>nas\u0131l tedavi edildiklerini<\/strong> detayl\u0131 ama sade bir \u015fekilde anlat\u0131yorum:<\/p>\n\n\n\n<hr class=\"wp-block-separator has-alpha-channel-opacity\"\/>\n\n\n\n<p><strong>\u2705 Akne T\u00fcrleri<\/strong><\/p>\n\n\n\n<p>Akne, g\u00f6r\u00fcn\u00fcm\u00fcne ve \u015fiddetine g\u00f6re farkl\u0131 t\u00fcrlere ayr\u0131l\u0131r:<\/p>\n\n\n\n<p><strong>\ud83d\udd39 1. Komedonal Akne (Siyah ve Beyaz Noktalar)<\/strong><\/p>\n\n\n\n<ul class=\"wp-block-list\">\n<li><strong>Siyah nokta (a\u00e7\u0131k komedon):<\/strong> G\u00f6zenek t\u0131kan\u0131r, i\u00e7i oksitlenip siyahla\u015f\u0131r.<\/li>\n\n\n\n<li><strong>Beyaz nokta (kapal\u0131 komedon):<\/strong> G\u00f6zenek kapal\u0131 kal\u0131r, i\u00e7i ya\u011f doludur ama iltihap yoktur.<\/li>\n\n\n\n<li><strong>Genelde hafif seyreder.<\/strong><\/li>\n<\/ul>\n\n\n\n<p><strong>\ud83d\udd39 2. Pap\u00fcl ve P\u00fcst\u00fcl (\u0130ltihapl\u0131 Sivilceler)<\/strong><\/p>\n\n\n\n<ul class=\"wp-block-list\">\n<li><strong>Pap\u00fcl:<\/strong> K\u0131zar\u0131k, sert ve k\u00fc\u00e7\u00fck kabar\u0131kl\u0131klar.<\/li>\n\n\n\n<li><strong>P\u00fcst\u00fcl:<\/strong> Pap\u00fcl\u00fcn ucu iltihaplan\u0131p sar\u0131ms\u0131 irin i\u00e7erir.<\/li>\n\n\n\n<li><strong>Orta dereceli akne t\u00fcr\u00fcd\u00fcr.<\/strong><\/li>\n<\/ul>\n\n\n\n<p><strong>\ud83d\udd39 3. Nod\u00fcl ve Kistik Akne<\/strong><\/p>\n\n\n\n<ul class=\"wp-block-list\">\n<li>Derin, b\u00fcy\u00fck, a\u011fr\u0131l\u0131, i\u00e7i irin dolu lezyonlard\u0131r.<\/li>\n\n\n\n<li><strong>Kist:<\/strong> Daha yumu\u015fak ve i\u00e7i s\u0131v\u0131 dolu.<\/li>\n\n\n\n<li><strong>Nod\u00fcl:<\/strong> Daha sert, derin, iltihapl\u0131 yap\u0131lar.<\/li>\n\n\n\n<li><strong>\u015eiddetli ve iz b\u0131rakma riski y\u00fcksektir.<\/strong><\/li>\n<\/ul>\n\n\n\n<p><strong>\ud83d\udd39 4. Fulminan Akne (Akne Fulminans)<\/strong><\/p>\n\n\n\n<ul class=\"wp-block-list\">\n<li>\u00c7ok nadir ama \u015fiddetli, sistemik belirtilerle seyreder (ate\u015f, halsizlik).<\/li>\n\n\n\n<li>Acil dermatolojik m\u00fcdahale gerektirir.<\/li>\n<\/ul>\n\n\n\n<hr class=\"wp-block-separator has-alpha-channel-opacity\"\/>\n\n\n\n<p><strong>\ud83d\udc8a Akne Tedavi Y\u00f6ntemleri<\/strong><\/p>\n\n\n\n<p>Tedavi, aknenin t\u00fcr\u00fcne ve \u015fiddetine g\u00f6re de\u011fi\u015fir:<\/p>\n\n\n\n<p><strong>\ud83d\udd38 1. Topikal (Cilde S\u00fcr\u00fclen) Tedaviler<\/strong><\/p>\n\n\n\n<ul class=\"wp-block-list\">\n<li>Hafif ve orta d\u00fczeyde aknede kullan\u0131l\u0131r.<\/li>\n\n\n\n<li><strong>\u0130\u00e7erikler:<\/strong>\n<ul class=\"wp-block-list\">\n<li><strong>Benzoil peroksit:<\/strong> Bakteri \u00f6ld\u00fcr\u00fcr.<\/li>\n\n\n\n<li><strong>Retinoidler (Adapalen, tretinoin):<\/strong> G\u00f6zenekleri a\u00e7ar.<\/li>\n\n\n\n<li><strong>Antibiyotik kremler:<\/strong> (klindamisin, eritromisin)<\/li>\n\n\n\n<li><strong>Salisilik asit:<\/strong> Cilt y\u00fczeyini temizler.<\/li>\n<\/ul>\n<\/li>\n<\/ul>\n\n\n\n<p><strong>\ud83d\udd38 2. A\u011f\u0131zdan Al\u0131nan \u0130la\u00e7lar<\/strong><\/p>\n\n\n\n<ul class=\"wp-block-list\">\n<li>Orta ve \u015fiddetli akne i\u00e7in tercih edilir.<\/li>\n\n\n\n<li><strong>Antibiyotikler:<\/strong> Doksisiklin, minosiklin (iltihap azalt\u0131c\u0131)<\/li>\n\n\n\n<li><strong>Hormonal tedaviler (kad\u0131nlar i\u00e7in):<\/strong>\n<ul class=\"wp-block-list\">\n<li>Do\u011fum kontrol haplar\u0131 veya antiandrojenler (\u00f6rne\u011fin spironolakton)<\/li>\n<\/ul>\n<\/li>\n\n\n\n<li><strong>\u0130zotretinoin (Roaccutane):<\/strong>\n<ul class=\"wp-block-list\">\n<li>\u015eiddetli kistik aknede kullan\u0131l\u0131r.<\/li>\n\n\n\n<li><strong>En etkili ama ciddi yan etkileri olan<\/strong> bir ila\u00e7t\u0131r (mutlaka doktor g\u00f6zetiminde).<\/li>\n<\/ul>\n<\/li>\n<\/ul>\n\n\n\n<p><strong>\ud83d\udd38 3. Di\u011fer Destekleyici Y\u00f6ntemler<\/strong><\/p>\n\n\n\n<ul class=\"wp-block-list\">\n<li>Kimyasal peeling (salicylic acid, AHA, BHA)<\/li>\n\n\n\n<li>Lazer ve \u0131\u015f\u0131k tedavileri<\/li>\n\n\n\n<li>Medikal cilt bak\u0131mlar\u0131<\/li>\n\n\n\n<li>PRP ve mezoterapi (baz\u0131 durumlarda)<\/li>\n<\/ul>\n\n\n\n<hr class=\"wp-block-separator has-alpha-channel-opacity\"\/>\n\n\n\n<p><strong>\ud83e\uddf4 G\u00fcnl\u00fck Cilt Bak\u0131m\u0131 da \u00d6nemli:<\/strong><\/p>\n\n\n\n<ul class=\"wp-block-list\">\n<li><strong>Y\u00fcz\u00fc g\u00fcnde 2 kez nazik\u00e7e temizlemek<\/strong><\/li>\n\n\n\n<li><strong>Ya\u011fs\u0131z (non-comedogenic) \u00fcr\u00fcnler kullanmak<\/strong><\/li>\n\n\n\n<li><strong>Sivilcelerle oynamamak<\/strong><\/li>\n\n\n\n<li><strong>D\u00fczenli g\u00fcne\u015f koruyucu kullanmak<\/strong><\/li>\n<\/ul>\n\n\n\n<hr class=\"wp-block-separator has-alpha-channel-opacity\"\/>\n\n\n\n<p><strong>\ud83d\udcdd \u00d6zetle:<\/strong><\/p>\n\n\n\n<ul class=\"wp-block-list\">\n<li>Akne t\u00fcrleri <strong>hafif (siyah nokta)<\/strong> ile ba\u015flar, <strong>\u015fiddetli (kistik, nod\u00fcler)<\/strong> hale gelebilir.<\/li>\n\n\n\n<li>Tedavi, <strong>ki\u015fisel cilt yap\u0131s\u0131na ve \u015fiddete g\u00f6re<\/strong> belirlenir.<\/li>\n\n\n\n<li>\u0130nat\u00e7\u0131 ya da derin iz b\u0131rakan aknelerde mutlaka bir <strong>dermatolo\u011fa ba\u015fvurmak<\/strong> gerekir.<\/li>\n<\/ul>\n\n\n\n<hr class=\"wp-block-separator has-alpha-channel-opacity\"\/>\n\n\n\n<p><strong>\ud83d\udc76 1. Ya\u015fa G\u00f6re Akne Tedavisi \u00d6nerileri<\/strong><\/p>\n\n\n\n<p><strong>\ud83d\udd39 Ergenlik D\u00f6nemi (12\u201318 ya\u015f)<\/strong><\/p>\n\n\n\n<p>Bu d\u00f6nemde hormonlar artar, ya\u011f bezleri fazla \u00e7al\u0131\u015f\u0131r.<\/p>\n\n\n\n<ul class=\"wp-block-list\">\n<li><strong>Temizlik:<\/strong> G\u00fcnde 2 kez nazik y\u00fcz temizleyici kullan.<\/li>\n\n\n\n<li><strong>Topikal \u00fcr\u00fcnler:<\/strong> Benzoil peroksit veya salisilik asit i\u00e7eren \u00fcr\u00fcnler.<\/li>\n\n\n\n<li><strong>G\u00fcne\u015f koruyucu:<\/strong> Ya\u011fs\u0131z (non-comedogenic) olmal\u0131.<\/li>\n\n\n\n<li>\u015eiddetliyse: Dermatolog antibiyotik veya retinoid \u00f6nerebilir.<\/li>\n<\/ul>\n\n\n\n<p><strong>\ud83d\udd39 Gen\u00e7 Yeti\u015fkinler (18\u201325 ya\u015f)<\/strong><\/p>\n\n\n\n<ul class=\"wp-block-list\">\n<li>Hormonal dengesizlik (stres, adet d\u00f6ng\u00fcs\u00fc vs.) devam edebilir.<\/li>\n\n\n\n<li><strong>Do\u011fum kontrol haplar\u0131<\/strong> veya <strong>antiandrojen ila\u00e7lar (kad\u0131nlar i\u00e7in)<\/strong> etkili olabilir.<\/li>\n\n\n\n<li>Derin sivilceler i\u00e7in gerekirse <strong>izotretinoin<\/strong>.<\/li>\n<\/ul>\n\n\n\n<p><strong>\ud83d\udd39 Yeti\u015fkin Aknesi (25 ya\u015f ve sonras\u0131)<\/strong><\/p>\n\n\n\n<p>\u00d6zellikle \u00e7ene ve boyun \u00e7evresinde \u00e7\u0131kma e\u011filimindedir.<\/p>\n\n\n\n<ul class=\"wp-block-list\">\n<li><strong>Hormonel denge<\/strong> \u00f6nemlidir (kad\u0131nlarda PCOS gibi durumlar tetikleyebilir).<\/li>\n\n\n\n<li><strong>Spironolakton<\/strong>, <strong>d\u00fc\u015f\u00fck doz antibiyotik<\/strong> veya izotretinoin gerekebilir.<\/li>\n\n\n\n<li>Beslenme (\u015feker, s\u00fct \u00fcr\u00fcnleri) kontrol edilmeli.<\/li>\n<\/ul>\n\n\n\n<hr class=\"wp-block-separator has-alpha-channel-opacity\"\/>\n\n\n\n<p><strong>2. Do\u011fal ve Destekleyici Y\u00f6ntemler (Hafif ve orta d\u00fczey aknede)<\/strong><\/p>\n\n\n\n<p>Not: Bunlar destek ama\u00e7l\u0131d\u0131r; \u015fiddetli aknede yeterli olmaz.<\/p>\n\n\n\n<p><strong>\u2705 Do\u011fal Destekler:<\/strong><\/p>\n\n\n\n<ul class=\"wp-block-list\">\n<li><strong>Aloe vera jeli:<\/strong> Antibakteriyel, yat\u0131\u015ft\u0131r\u0131c\u0131.<\/li>\n\n\n\n<li><strong>\u00c7ay a\u011fac\u0131 ya\u011f\u0131 (tea tree oil):<\/strong> Seyreltilerek kullan\u0131l\u0131rsa iltihab\u0131 azalt\u0131r.<\/li>\n\n\n\n<li><strong>Bal ve tar\u00e7\u0131n maskesi:<\/strong> Antibakteriyel etkili, haftada 1 uygulanabilir.<\/li>\n\n\n\n<li><strong>Elma sirkesi tonik (\u00e7ok seyreltilmi\u015f):<\/strong> Hafif g\u00f6zenek temizli\u011fi sa\u011flar.<\/li>\n<\/ul>\n\n\n\n<p><strong>\u2705 Beslenme:<\/strong><\/p>\n\n\n\n<ul class=\"wp-block-list\">\n<li><strong>S\u00fct \u00fcr\u00fcnlerini azaltmak<\/strong>, baz\u0131 ki\u015filerde akneyi azalt\u0131r.<\/li>\n\n\n\n<li><strong>\u015eekerli ve rafine karbonhidratlar\u0131<\/strong> s\u0131n\u0131rlamak \u00f6nemli.<\/li>\n\n\n\n<li><strong>\u00c7inko<\/strong>, <strong>Omega-3<\/strong>, <strong>probiyotikler<\/strong> destek olabilir.<\/li>\n<\/ul>\n\n\n\n<hr class=\"wp-block-separator has-alpha-channel-opacity\"\/>\n\n\n\n<p><strong>3. Akne \u0130zleri ve Tedavisi<\/strong><\/p>\n\n\n\n<p>Akne ge\u00e7tikten sonra kalan <strong>k\u0131rm\u0131z\u0131 lekeler<\/strong>, <strong>\u00e7ukur izler<\/strong> ya da <strong>renk d\u00fczensizlikleri<\/strong> i\u00e7in farkl\u0131 tedaviler uygulan\u0131r:<\/p>\n\n\n\n<p><strong>Hafif \u0130zler (k\u0131rm\u0131z\u0131l\u0131k, kahverengilik):<\/strong><\/p>\n\n\n\n<ul class=\"wp-block-list\">\n<li><strong>C vitamini serumlar\u0131<\/strong><\/li>\n\n\n\n<li><strong>Niacinamide (B3 vitamini)<\/strong>: Cilt tonunu e\u015fitler.<\/li>\n\n\n\n<li><strong>Kimyasal peeling (glikolik, salisilik asit)<\/strong><\/li>\n<\/ul>\n\n\n\n<p><strong>Orta ve Derin \u0130zler (\u00e7ukur, skar):<\/strong><\/p>\n\n\n\n<ul class=\"wp-block-list\">\n<li><strong>Dermapen \/ mikroi\u011fneleme<\/strong><\/li>\n\n\n\n<li><strong>Fraksiyonel lazer<\/strong> (CO2 lazer)<\/li>\n\n\n\n<li><strong>PRP (kendi kan\u0131ndan elde edilen plazma ile cilt yenileme)<\/strong><\/li>\n\n\n\n<li><strong>Dolgu uygulamalar\u0131<\/strong> (baz\u0131 \u00e7ukur izlerde ge\u00e7ici olarak)<\/li>\n<\/ul>\n\n\n\n<p><strong>Uyar\u0131:<\/strong><\/p>\n\n\n\n<p>T\u00fcm bu i\u015flemler dermatolog kontrol\u00fcnde yap\u0131lmal\u0131d\u0131r. Evde denenmesi risklidir.<\/p>\n\n\n\n<hr class=\"wp-block-separator has-alpha-channel-opacity\"\/>\n\n\n\n<p><strong>\u00d6zetle:<\/strong><\/p>\n\n\n\n<ul class=\"wp-block-list\">\n<li>Akne ya\u015f\u0131 ne olursa olsun <strong>ki\u015fiye \u00f6zel yakla\u015f\u0131m gerekir<\/strong>.<\/li>\n\n\n\n<li>Do\u011fal y\u00f6ntemler hafif vakalarda destek olur ama <strong>kal\u0131c\u0131 \u00e7\u00f6z\u00fcm i\u00e7in do\u011fru \u00fcr\u00fcn ve takip \u015fart<\/strong>.<\/li>\n\n\n\n<li>\u0130z tedavisi daha farkl\u0131 ve profesyonel yakla\u015f\u0131mlar gerektirir.<\/li>\n<\/ul>\n\n\n\n<p><strong>Cilt tipine g\u00f6re bak\u0131m rutini<\/strong><\/p>\n\n\n\n<p>Harika! Sana <strong>basit, etkili ve ya\u015fa\/cilt tipine uygun bir akne bak\u0131m rutini<\/strong> olu\u015fturay\u0131m. Bunun i\u00e7in \u00f6nce birka\u00e7 sorum olacak, b\u00f6ylece \u00f6neriler ki\u015fisel ve do\u011fru olur:<\/p>\n\n\n\n<hr class=\"wp-block-separator has-alpha-channel-opacity\"\/>\n\n\n\n<p><strong>\u2753 Cilt Tipinle \u0130lgili K\u00fc\u00e7\u00fck Anket:<\/strong><\/p>\n\n\n\n<ol start=\"1\" class=\"wp-block-list\">\n<li><strong>Cilt tipin nas\u0131l?<\/strong>\n<ul class=\"wp-block-list\">\n<li>Ya\u011fl\u0131<\/li>\n\n\n\n<li>Karma (T b\u00f6lgesi ya\u011fl\u0131, yanaklar kuru)<\/li>\n\n\n\n<li>Kuru<\/li>\n\n\n\n<li>Hassas<\/li>\n\n\n\n<li>Emin de\u011filim<\/li>\n<\/ul>\n<\/li>\n\n\n\n<li><strong>Akneler hangi b\u00f6lgede daha \u00e7ok \u00e7\u0131k\u0131yor?<\/strong>\n<ul class=\"wp-block-list\">\n<li>Al\u0131n<\/li>\n\n\n\n<li>Yanaklar<\/li>\n\n\n\n<li>\u00c7ene \/ Boyun<\/li>\n\n\n\n<li>S\u0131rt \/ G\u00f6\u011f\u00fcs<\/li>\n\n\n\n<li>Her yerde biraz<\/li>\n<\/ul>\n<\/li>\n\n\n\n<li><strong>\u015eu anda kulland\u0131\u011f\u0131n bir \u00fcr\u00fcn var m\u0131? Varsa hangileri?<\/strong><\/li>\n\n\n\n<li><strong>Ya\u015f\u0131n\u0131 payla\u015fabilir misin?<\/strong> (Tedavi se\u00e7iminde \u00f6nemli)<\/li>\n\n\n\n<li><strong>Hamilelik \/ emzirme d\u00f6nemi var m\u0131?<\/strong> (Baz\u0131 i\u00e7erikler sak\u0131ncal\u0131 olabilir)<\/li>\n<\/ol>\n","protected":false},"excerpt":{"rendered":"<p>Hay\u0131r, akne ile sivilce z\u0131t kutuplar de\u011fildir; asl\u0131nda birbirleriyle olduk\u00e7a ili\u015fkili terimlerdir. Genellikle halk aras\u0131nda bu iki kavram kar\u0131\u015ft\u0131r\u0131l\u0131r veya e\u015fanlaml\u0131 olarak kullan\u0131l\u0131r. \u0130\u015fin t\u0131bbi boyutuna bakarsak: \ud83d\udd0d Tan\u0131mlar: \ud83d\udd01 Aralar\u0131ndaki \u0130li\u015fki: \u00d6zellik &nbsp;&nbsp;&nbsp;&nbsp;&nbsp; Akne Sivilce Kapsam &nbsp;&nbsp;&nbsp;&nbsp;&nbsp; Geni\u015f (hastal\u0131k b\u00fct\u00fcn\u00fcd\u00fcr) Dar (tek bir belirti\/lezyon) T\u0131bbi terim mi? &nbsp;&nbsp;&nbsp;&nbsp;&nbsp;&nbsp; Evet Hay\u0131r (daha halk aras\u0131nda kullan\u0131l\u0131r) [&hellip;]<\/p>\n","protected":false},"author":1,"featured_media":0,"comment_status":"closed","ping_status":"closed","sticky":false,"template":"","format":"standard","meta":{"footnotes":""},"categories":[1],"tags":[],"class_list":["post-9410","post","type-post","status-publish","format-standard","hentry","category-genel"],"aioseo_notices":[],"_links":{"self":[{"href":"https:\/\/www.acvit.com.tr\/magaza\/wp-json\/wp\/v2\/posts\/9410","targetHints":{"allow":["GET"]}}],"collection":[{"href":"https:\/\/www.acvit.com.tr\/magaza\/wp-json\/wp\/v2\/posts"}],"about":[{"href":"https:\/\/www.acvit.com.tr\/magaza\/wp-json\/wp\/v2\/types\/post"}],"author":[{"embeddable":true,"href":"https:\/\/www.acvit.com.tr\/magaza\/wp-json\/wp\/v2\/users\/1"}],"replies":[{"embeddable":true,"href":"https:\/\/www.acvit.com.tr\/magaza\/wp-json\/wp\/v2\/comments?post=9410"}],"version-history":[{"count":1,"href":"https:\/\/www.acvit.com.tr\/magaza\/wp-json\/wp\/v2\/posts\/9410\/revisions"}],"predecessor-version":[{"id":9411,"href":"https:\/\/www.acvit.com.tr\/magaza\/wp-json\/wp\/v2\/posts\/9410\/revisions\/9411"}],"wp:attachment":[{"href":"https:\/\/www.acvit.com.tr\/magaza\/wp-json\/wp\/v2\/media?parent=9410"}],"wp:term":[{"taxonomy":"category","embeddable":true,"href":"https:\/\/www.acvit.com.tr\/magaza\/wp-json\/wp\/v2\/categories?post=9410"},{"taxonomy":"post_tag","embeddable":true,"href":"https:\/\/www.acvit.com.tr\/magaza\/wp-json\/wp\/v2\/tags?post=9410"}],"curies":[{"name":"wp","href":"https:\/\/api.w.org\/{rel}","templated":true}]}}