{"id":9404,"date":"2025-06-17T12:24:32","date_gmt":"2025-06-17T09:24:32","guid":{"rendered":"https:\/\/www.acvit.com.tr\/magaza\/?p=9404"},"modified":"2025-06-17T12:24:38","modified_gmt":"2025-06-17T09:24:38","slug":"cilt-gozenekleri-neden-olusur-nasil-tedavi-edilir","status":"publish","type":"post","link":"https:\/\/www.acvit.com.tr\/magaza\/cilt-gozenekleri-neden-olusur-nasil-tedavi-edilir\/","title":{"rendered":"Cilt g\u00f6zenekleri neden olu\u015fur? Nas\u0131l tedavi edilir?"},"content":{"rendered":"\n<p>Cilt g\u00f6zenekleri, cildin do\u011fal yap\u0131s\u0131n\u0131n bir par\u00e7as\u0131d\u0131r. Her insanda vard\u0131r ve asl\u0131nda cilt sa\u011fl\u0131\u011f\u0131 i\u00e7in gereklidirler \u00e7\u00fcnk\u00fc:<\/p>\n\n\n\n<ul class=\"wp-block-list\">\n<li><strong>Ya\u011f (sebum)<\/strong> \u00fcretimini sa\u011flarlar.<\/li>\n\n\n\n<li><strong>Terleme<\/strong> ve toksin at\u0131m\u0131 gibi i\u015flevlere katk\u0131da bulunurlar.<\/li>\n\n\n\n<li><strong>T\u00fcy k\u00f6klerinin<\/strong> \u00e7\u0131kt\u0131\u011f\u0131 yerlerdir.<\/li>\n<\/ul>\n\n\n\n<p>Ancak baz\u0131 durumlarda g\u00f6zenekler daha <strong>belirgin hale gelebilir<\/strong>. Bu genellikle &#8220;g\u00f6zenek olu\u015fumu&#8221; veya &#8220;g\u00f6zenek geni\u015flemesi&#8221; olarak ifade edilir.<\/p>\n\n\n\n<hr class=\"wp-block-separator has-alpha-channel-opacity\"\/>\n\n\n\n<p><strong>G\u00f6zeneklerin Belirginle\u015fme Nedenleri<\/strong><\/p>\n\n\n\n<ol start=\"1\" class=\"wp-block-list\">\n<li><strong>A\u015f\u0131r\u0131 sebum \u00fcretimi:<\/strong> \u00d6zellikle ya\u011fl\u0131 ciltlerde s\u0131k g\u00f6r\u00fcl\u00fcr.<\/li>\n\n\n\n<li><strong>Cilt ya\u015flanmas\u0131:<\/strong> Kolajen ve elastin kayb\u0131yla cilt sarkar, g\u00f6zenekler daha b\u00fcy\u00fck g\u00f6r\u00fcn\u00fcr.<\/li>\n\n\n\n<li><strong>G\u00fcne\u015f hasar\u0131:<\/strong> G\u00fcne\u015f, kolajen yap\u0131s\u0131n\u0131 zay\u0131flat\u0131r ve g\u00f6zenekleri geni\u015fletebilir.<\/li>\n\n\n\n<li><strong>Genetik yatk\u0131nl\u0131k<\/strong><\/li>\n\n\n\n<li><strong>T\u0131kal\u0131 g\u00f6zenekler:<\/strong> Siyah nokta, kir ve \u00f6l\u00fc h\u00fccre birikimi g\u00f6zenekleri geni\u015fletebilir.<\/li>\n\n\n\n<li><strong>Yetersiz temizlik \/ yanl\u0131\u015f \u00fcr\u00fcn kullan\u0131m\u0131<\/strong><\/li>\n\n\n\n<li><strong>Sigara ve stres<\/strong><\/li>\n<\/ol>\n\n\n\n<hr class=\"wp-block-separator has-alpha-channel-opacity\"\/>\n\n\n\n<p><strong>G\u00f6zenek Tedavisi ve K\u00fc\u00e7\u00fcltme Y\u00f6ntemleri<\/strong><\/p>\n\n\n\n<p><strong>1. Cilt Temizli\u011fi<\/strong><\/p>\n\n\n\n<ul class=\"wp-block-list\">\n<li><strong>Sabah ve ak\u015fam<\/strong> nazik bir temizleyici ile y\u00fcz y\u0131kanmal\u0131.<\/li>\n\n\n\n<li>Makyaj kal\u0131nt\u0131lar\u0131 mutlaka temizlenmeli.<\/li>\n\n\n\n<li>Ya\u011fl\u0131 ciltler i\u00e7in salisilik asit i\u00e7eren temizleyiciler faydal\u0131 olabilir.<\/li>\n<\/ul>\n\n\n\n<p><strong>2. Peeling ve Eksfoliasyon<\/strong><\/p>\n\n\n\n<ul class=\"wp-block-list\">\n<li>Haftada 1\u20132 defa kimyasal peeling (AHA, BHA) kullan\u0131labilir.<\/li>\n\n\n\n<li>\u00d6l\u00fc deri tabakas\u0131n\u0131 temizlemek g\u00f6zeneklerin t\u0131kanmas\u0131n\u0131 \u00f6nler.<\/li>\n<\/ul>\n\n\n\n<p><strong>3. Nemlendirme<\/strong><\/p>\n\n\n\n<ul class=\"wp-block-list\">\n<li>Cilt tipiyle uyumlu, <strong>komedojenik olmayan<\/strong> (g\u00f6zenek t\u0131kamayan) nemlendiriciler kullan\u0131lmal\u0131.<\/li>\n<\/ul>\n\n\n\n<p><strong>4. G\u00fcne\u015f Koruyucu Kullan\u0131m\u0131<\/strong><\/p>\n\n\n\n<ul class=\"wp-block-list\">\n<li>G\u00fcne\u015f hasar\u0131 g\u00f6zenekleri b\u00fcy\u00fct\u00fcr. <strong>Her g\u00fcn SPF 30+<\/strong> i\u00e7eren g\u00fcne\u015f kremi kullan\u0131lmal\u0131.<\/li>\n<\/ul>\n\n\n\n<p><strong>5. Topikal Tedaviler<\/strong><\/p>\n\n\n\n<ul class=\"wp-block-list\">\n<li><strong>Retinoidler (Retinol, Tretinoin):<\/strong> H\u00fccre yenilenmesini art\u0131r\u0131r, g\u00f6zenek g\u00f6r\u00fcn\u00fcm\u00fcn\u00fc azalt\u0131r.<\/li>\n\n\n\n<li><strong>Niacinamide (%5-10):<\/strong> Ya\u011f \u00fcretimini dengeler, g\u00f6zenekleri k\u00fc\u00e7\u00fcltmeye yard\u0131mc\u0131 olur.<\/li>\n\n\n\n<li><strong>Salicylic acid:<\/strong> Ya\u011fda \u00e7\u00f6z\u00fcn\u00fcr oldu\u011fu i\u00e7in g\u00f6zenek i\u00e7ine n\u00fcfuz edip temizlik sa\u011flar.<\/li>\n<\/ul>\n\n\n\n<p><strong>6. Profesyonel Uygulamalar (Dermatolog taraf\u0131ndan yap\u0131lmal\u0131)<\/strong><\/p>\n\n\n\n<ul class=\"wp-block-list\">\n<li><strong>Lazer tedavileri (CO2, Fraxel vb.)<\/strong><\/li>\n\n\n\n<li><strong>Mikro i\u011fneleme (microneedling)<\/strong><\/li>\n\n\n\n<li><strong>Kimyasal peelingler (TCA, Jessner&#8217;s)<\/strong><\/li>\n\n\n\n<li><strong>HydraFacial<\/strong> gibi cilt bak\u0131m seanslar\u0131<\/li>\n<\/ul>\n\n\n\n<hr class=\"wp-block-separator has-alpha-channel-opacity\"\/>\n\n\n\n<p><strong>Ekstra \u0130pu\u00e7lar\u0131<\/strong><\/p>\n\n\n\n<ul class=\"wp-block-list\">\n<li>Bol su i\u00e7mek, dengeli beslenmek cilt sa\u011fl\u0131\u011f\u0131n\u0131 destekler.<\/li>\n\n\n\n<li>S\u0131k s\u0131k y\u00fcz\u00fcn\u00fc y\u0131kamak yerine do\u011fru \u00fcr\u00fcnlerle <strong>dengeli temizlik<\/strong> yap\u0131lmal\u0131.<\/li>\n\n\n\n<li>G\u00f6zenekleri s\u0131kmak, ovalamak <strong>ters etki<\/strong> yaratabilir.<\/li>\n<\/ul>\n\n\n\n<hr class=\"wp-block-separator has-alpha-channel-opacity\"\/>\n\n\n\n<p>Cilt tipine \u00f6zel bir bak\u0131m rutini de \u00f6nerebilirim.<\/p>\n\n\n\n<p>Harika! Sana \u00f6zel bir <strong>g\u00f6zenek k\u00fc\u00e7\u00fcltmeye y\u00f6nelik cilt bak\u0131m rutini<\/strong> olu\u015fturabilmem i\u00e7in a\u015fa\u011f\u0131daki sorulara k\u0131saca yan\u0131t verir misin?<\/p>\n\n\n\n<hr class=\"wp-block-separator has-alpha-channel-opacity\"\/>\n\n\n\n<p><strong>Cilt Tipi Belirleme<\/strong><\/p>\n\n\n\n<ol start=\"1\" class=\"wp-block-list\">\n<li><strong>Cildin g\u00fcn i\u00e7inde nas\u0131l hissediliyor?<\/strong><br>a) Parlak ve ya\u011fl\u0131<br>b) Gerilmi\u015f ve kuru<br>c) Al\u0131n-burun-\u00e7ene b\u00f6lgesi ya\u011fl\u0131, yanaklar kuru (karma)<br>d) K\u0131zar\u0131k, hassas ve \u00e7abuk tahri\u015f olan<\/li>\n\n\n\n<li><strong>Siyah nokta, sivilce veya g\u00f6zenek problemi hangi b\u00f6lgelerde daha \u00e7ok?<\/strong><\/li>\n\n\n\n<li><strong>Herhangi bir cilt problemin (akne, rozasea, egzama vb.) veya alerjin var m\u0131?<\/strong><\/li>\n\n\n\n<li><strong>G\u00fcnl\u00fck bak\u0131m \u00fcr\u00fcnlerinde \u00f6zellikle hassas oldu\u011fun i\u00e7erikler var m\u0131?<\/strong> (\u00d6rn: parf\u00fcm, alkol, asitler)<\/li>\n\n\n\n<li><strong>Ya\u015f aral\u0131\u011f\u0131n nedir?<\/strong> (Kolajen ve g\u00f6zenek durumunu de\u011ferlendirmek i\u00e7in)<\/li>\n<\/ol>\n","protected":false},"excerpt":{"rendered":"<p>Cilt g\u00f6zenekleri, cildin do\u011fal yap\u0131s\u0131n\u0131n bir par\u00e7as\u0131d\u0131r. Her insanda vard\u0131r ve asl\u0131nda cilt sa\u011fl\u0131\u011f\u0131 i\u00e7in gereklidirler \u00e7\u00fcnk\u00fc: Ancak baz\u0131 durumlarda g\u00f6zenekler daha belirgin hale gelebilir. Bu genellikle &#8220;g\u00f6zenek olu\u015fumu&#8221; veya &#8220;g\u00f6zenek geni\u015flemesi&#8221; olarak ifade edilir. G\u00f6zeneklerin Belirginle\u015fme Nedenleri G\u00f6zenek Tedavisi ve K\u00fc\u00e7\u00fcltme Y\u00f6ntemleri 1. Cilt Temizli\u011fi 2. Peeling ve Eksfoliasyon 3. Nemlendirme 4. G\u00fcne\u015f Koruyucu [&hellip;]<\/p>\n","protected":false},"author":1,"featured_media":0,"comment_status":"closed","ping_status":"closed","sticky":false,"template":"","format":"standard","meta":{"footnotes":""},"categories":[1],"tags":[],"class_list":["post-9404","post","type-post","status-publish","format-standard","hentry","category-genel"],"aioseo_notices":[],"_links":{"self":[{"href":"https:\/\/www.acvit.com.tr\/magaza\/wp-json\/wp\/v2\/posts\/9404","targetHints":{"allow":["GET"]}}],"collection":[{"href":"https:\/\/www.acvit.com.tr\/magaza\/wp-json\/wp\/v2\/posts"}],"about":[{"href":"https:\/\/www.acvit.com.tr\/magaza\/wp-json\/wp\/v2\/types\/post"}],"author":[{"embeddable":true,"href":"https:\/\/www.acvit.com.tr\/magaza\/wp-json\/wp\/v2\/users\/1"}],"replies":[{"embeddable":true,"href":"https:\/\/www.acvit.com.tr\/magaza\/wp-json\/wp\/v2\/comments?post=9404"}],"version-history":[{"count":1,"href":"https:\/\/www.acvit.com.tr\/magaza\/wp-json\/wp\/v2\/posts\/9404\/revisions"}],"predecessor-version":[{"id":9405,"href":"https:\/\/www.acvit.com.tr\/magaza\/wp-json\/wp\/v2\/posts\/9404\/revisions\/9405"}],"wp:attachment":[{"href":"https:\/\/www.acvit.com.tr\/magaza\/wp-json\/wp\/v2\/media?parent=9404"}],"wp:term":[{"taxonomy":"category","embeddable":true,"href":"https:\/\/www.acvit.com.tr\/magaza\/wp-json\/wp\/v2\/categories?post=9404"},{"taxonomy":"post_tag","embeddable":true,"href":"https:\/\/www.acvit.com.tr\/magaza\/wp-json\/wp\/v2\/tags?post=9404"}],"curies":[{"name":"wp","href":"https:\/\/api.w.org\/{rel}","templated":true}]}}