{"id":9363,"date":"2025-05-20T13:20:44","date_gmt":"2025-05-20T10:20:44","guid":{"rendered":"https:\/\/www.acvit.com.tr\/magaza\/?p=9363"},"modified":"2025-05-20T13:20:46","modified_gmt":"2025-05-20T10:20:46","slug":"akne-ile-sivilce-zit-kutuplar-midir","status":"publish","type":"post","link":"https:\/\/www.acvit.com.tr\/magaza\/akne-ile-sivilce-zit-kutuplar-midir\/","title":{"rendered":"Akne ile Sivilce Z\u0131t Kutuplar M\u0131d\u0131r?"},"content":{"rendered":"\n<p>G\u00fcnl\u00fck dilde \u00e7o\u011fu zaman birbirinin yerine kullan\u0131lan &#8220;akne&#8221; ve &#8220;sivilce&#8221; terimleri, cilt sa\u011fl\u0131\u011f\u0131 alan\u0131nda kafa kar\u0131\u015f\u0131kl\u0131\u011f\u0131na neden olabilmektedir. Bu iki terim aras\u0131nda ger\u00e7ekten bir fark var m\u0131, yoksa ayn\u0131 durumu farkl\u0131 kelimelerle mi ifade ediyoruz? Bu makalede, akne ile sivilcenin tan\u0131mlar\u0131n\u0131, t\u0131bbi a\u00e7\u0131dan benzerliklerini ve farkl\u0131l\u0131klar\u0131n\u0131 ele alarak, bu iki kavram\u0131n z\u0131t kutuplar m\u0131 yoksa ayn\u0131 spektrumun par\u00e7alar\u0131 m\u0131 oldu\u011funu inceleyece\u011fiz.<\/p>\n\n\n\n<p><strong>Akne Nedir?<\/strong><\/p>\n\n\n\n<p>Akne, t\u0131bbi ad\u0131yla <strong>akne vulgaris<\/strong>, k\u0131l folik\u00fcllerinin ve ya\u011f bezlerinin kronik bir inflamatuar hastal\u0131\u011f\u0131d\u0131r. Genellikle ergenlik d\u00f6neminde ba\u015flar ve hormonal de\u011fi\u015fikliklere ba\u011fl\u0131 olarak geli\u015fir. Siyah noktalar (komedon), beyaz noktalar, pap\u00fcller, p\u00fcst\u00fcller ve nod\u00fcller gibi farkl\u0131 lezyon tipleri ile kendini g\u00f6sterir. Akne sadece y\u00fcz\u00fc de\u011fil, s\u0131rt, g\u00f6\u011f\u00fcs ve omuz gibi ya\u011f bezlerinin yo\u011fun oldu\u011fu b\u00f6lgeleri de etkileyebilir.<\/p>\n\n\n\n<p><strong>Sivilce Nedir?<\/strong><\/p>\n\n\n\n<p>&#8220;Sivilce&#8221;, aknenin halk aras\u0131ndaki yayg\u0131n ad\u0131d\u0131r. Genellikle tekil ya da birka\u00e7 iltihapl\u0131 kabarc\u0131k olarak g\u00f6r\u00fcl\u00fcr. T\u00fcrk\u00e7ede &#8220;sivilce \u00e7\u0131kt\u0131&#8221; ifadesi, \u00e7o\u011fu zaman y\u00fczeydeki iltihapl\u0131 bir lezyonu tan\u0131mlamak i\u00e7in kullan\u0131l\u0131r. Bu kullan\u0131m t\u0131bbi de\u011fil, g\u00fcndelik bir tan\u0131mlamad\u0131r. Asl\u0131nda sivilce, akne hastal\u0131\u011f\u0131n\u0131n g\u00f6r\u00fcnen semptomlar\u0131ndan yaln\u0131zca biridir.<\/p>\n\n\n\n<p><strong>Z\u0131t Kutuplar m\u0131, Ayn\u0131 Hastal\u0131\u011f\u0131n Par\u00e7alar\u0131 m\u0131?<\/strong><\/p>\n\n\n\n<p>Akne ve sivilce z\u0131t kutuplar de\u011fildir; <strong>ayn\u0131 cilt problemine dair farkl\u0131 bak\u0131\u015f a\u00e7\u0131lar\u0131n\u0131<\/strong> temsil ederler. Akne bir <strong>hastal\u0131k tan\u0131m\u0131<\/strong>, sivilce ise bu hastal\u0131\u011f\u0131n <strong>g\u00f6r\u00fcn\u00fcr belirtisidir<\/strong>. Sivilceler, akne hastal\u0131\u011f\u0131n\u0131n cilt y\u00fczeyinde ortaya \u00e7\u0131kan sonu\u00e7lar\u0131d\u0131r. Bu nedenle, bu iki kavram z\u0131t kutuplar de\u011fil, <strong>i\u00e7 i\u00e7e ge\u00e7mi\u015f bir ili\u015fki<\/strong> i\u00e7indedir.<\/p>\n\n\n\n<p><strong>Toplumsal ve Psikolojik Alg\u0131lar<\/strong><\/p>\n\n\n\n<p>Sivilce genellikle ge\u00e7ici, basit bir sorun gibi alg\u0131lan\u0131rken, akne daha kronik ve tedavi gerektiren bir hastal\u0131k olarak de\u011ferlendirilir. Bu alg\u0131 fark\u0131, ki\u015filerin tedavi aray\u0131\u015flar\u0131n\u0131 ve psikolojik etkilenme d\u00fczeylerini de de\u011fi\u015ftirebilir. Oysa erken ve do\u011fru m\u00fcdahale, aknenin kal\u0131c\u0131 izler b\u0131rakmas\u0131n\u0131 \u00f6nleyebilir.<\/p>\n\n\n\n<p><strong>Sonu\u00e7<\/strong><\/p>\n\n\n\n<p>Akne ile sivilce aras\u0131nda t\u0131bbi anlamda bir z\u0131tl\u0131k bulunmamaktad\u0131r. Aksine, <strong>sivilce, akne hastal\u0131\u011f\u0131n\u0131n y\u00fczeydeki yans\u0131mas\u0131d\u0131r<\/strong>. Bu nedenle, bu iki kavram\u0131 z\u0131t kutuplar olarak de\u011fil, <strong>ayn\u0131 problemin farkl\u0131 y\u00fczleri<\/strong> olarak de\u011ferlendirmek daha do\u011frudur. Bu fark\u0131ndal\u0131k, hem do\u011fru tan\u0131 ve tedavi s\u00fcre\u00e7leri hem de toplumsal bilin\u00e7 a\u00e7\u0131s\u0131ndan \u00f6nemlidir.<\/p>\n\n\n\n<p><\/p>\n","protected":false},"excerpt":{"rendered":"<p>G\u00fcnl\u00fck dilde \u00e7o\u011fu zaman birbirinin yerine kullan\u0131lan &#8220;akne&#8221; ve &#8220;sivilce&#8221; terimleri, cilt sa\u011fl\u0131\u011f\u0131 alan\u0131nda kafa kar\u0131\u015f\u0131kl\u0131\u011f\u0131na neden olabilmektedir. Bu iki terim aras\u0131nda ger\u00e7ekten bir fark var m\u0131, yoksa ayn\u0131 durumu farkl\u0131 kelimelerle mi ifade ediyoruz? Bu makalede, akne ile sivilcenin tan\u0131mlar\u0131n\u0131, t\u0131bbi a\u00e7\u0131dan benzerliklerini ve farkl\u0131l\u0131klar\u0131n\u0131 ele alarak, bu iki kavram\u0131n z\u0131t kutuplar m\u0131 yoksa [&hellip;]<\/p>\n","protected":false},"author":1,"featured_media":0,"comment_status":"closed","ping_status":"closed","sticky":false,"template":"","format":"standard","meta":{"footnotes":""},"categories":[1],"tags":[],"class_list":["post-9363","post","type-post","status-publish","format-standard","hentry","category-genel"],"aioseo_notices":[],"_links":{"self":[{"href":"https:\/\/www.acvit.com.tr\/magaza\/wp-json\/wp\/v2\/posts\/9363","targetHints":{"allow":["GET"]}}],"collection":[{"href":"https:\/\/www.acvit.com.tr\/magaza\/wp-json\/wp\/v2\/posts"}],"about":[{"href":"https:\/\/www.acvit.com.tr\/magaza\/wp-json\/wp\/v2\/types\/post"}],"author":[{"embeddable":true,"href":"https:\/\/www.acvit.com.tr\/magaza\/wp-json\/wp\/v2\/users\/1"}],"replies":[{"embeddable":true,"href":"https:\/\/www.acvit.com.tr\/magaza\/wp-json\/wp\/v2\/comments?post=9363"}],"version-history":[{"count":1,"href":"https:\/\/www.acvit.com.tr\/magaza\/wp-json\/wp\/v2\/posts\/9363\/revisions"}],"predecessor-version":[{"id":9364,"href":"https:\/\/www.acvit.com.tr\/magaza\/wp-json\/wp\/v2\/posts\/9363\/revisions\/9364"}],"wp:attachment":[{"href":"https:\/\/www.acvit.com.tr\/magaza\/wp-json\/wp\/v2\/media?parent=9363"}],"wp:term":[{"taxonomy":"category","embeddable":true,"href":"https:\/\/www.acvit.com.tr\/magaza\/wp-json\/wp\/v2\/categories?post=9363"},{"taxonomy":"post_tag","embeddable":true,"href":"https:\/\/www.acvit.com.tr\/magaza\/wp-json\/wp\/v2\/tags?post=9363"}],"curies":[{"name":"wp","href":"https:\/\/api.w.org\/{rel}","templated":true}]}}