{"id":9340,"date":"2025-05-08T18:25:15","date_gmt":"2025-05-08T15:25:15","guid":{"rendered":"https:\/\/www.acvit.com.tr\/magaza\/?p=9340"},"modified":"2025-05-08T18:25:17","modified_gmt":"2025-05-08T15:25:17","slug":"vitamin-complex-kolajen-serum-ne-ise-yarar","status":"publish","type":"post","link":"https:\/\/www.acvit.com.tr\/magaza\/vitamin-complex-kolajen-serum-ne-ise-yarar\/","title":{"rendered":"Vitamin Complex Kolajen Serum Ne \u0130\u015fe Yarar?"},"content":{"rendered":"\n<p>Vitamin Complex Kolajen Serum, cilt bak\u0131m\u0131nda s\u0131k\u00e7a tercih edilen bir \u00fcr\u00fcnd\u00fcr ve i\u00e7eri\u011findeki aktif bile\u015fenlerle cildin gen\u00e7, s\u0131k\u0131 ve sa\u011fl\u0131kl\u0131 g\u00f6r\u00fcnmesine katk\u0131 sa\u011flar. Bu serumlar genellikle kolajen, C vitamini ve hyaluronik asit gibi bile\u015fenler i\u00e7erir, bu da cilt bak\u0131m\u0131nda \u00f6nemli faydalar sa\u011flar.<\/p>\n\n\n\n<p><strong>Vitamin Complex Kolajen Serumun Faydalar\u0131<\/strong><\/p>\n\n\n\n<ol start=\"1\" class=\"wp-block-list\">\n<li><strong>Kolajen Deste\u011fi:<\/strong> Kolajen, cildin elastikiyetini ve s\u0131k\u0131l\u0131\u011f\u0131n\u0131 sa\u011flayan ana proteindir. Ya\u015fla birlikte kolajen \u00fcretimi azal\u0131r, bu da sarkmalara ve k\u0131r\u0131\u015f\u0131kl\u0131klara yol a\u00e7ar. Kolajen i\u00e7eren serumlar, bu kayb\u0131 telafi etmeye ve cilt yap\u0131s\u0131n\u0131 g\u00fc\u00e7lendirmeye yard\u0131mc\u0131 olur.<\/li>\n\n\n\n<li><strong>Cilt S\u0131k\u0131l\u0131\u011f\u0131 ve Elastikiyet:<\/strong> Kolajen ve C vitamini kombinasyonu, cildin s\u0131k\u0131l\u0131\u011f\u0131n\u0131 ve elastikiyetini art\u0131rarak daha gen\u00e7 ve dinamik bir g\u00f6r\u00fcn\u00fcm sa\u011flar.<\/li>\n\n\n\n<li><strong>Cilt Tonu ve Ayd\u0131nl\u0131k:<\/strong> C vitamini, cilt tonunu e\u015fitlemeye ve koyu lekelerin g\u00f6r\u00fcn\u00fcm\u00fcn\u00fc azaltmaya yard\u0131mc\u0131 olur.<\/li>\n\n\n\n<li><strong>Nem Deste\u011fi:<\/strong> Hyaluronik asit, cildin nem dengesini korur, cildin nemlenmesine yard\u0131mc\u0131 olur ve dolay\u0131s\u0131yla cildin daha yumu\u015fak ve dolgun g\u00f6r\u00fcnmesini sa\u011flar.<\/li>\n\n\n\n<li><strong>Anti-Aging Etkisi:<\/strong> Bu serumlar, ya\u015flanma belirtilerini azaltmaya yard\u0131mc\u0131 olarak cildin daha gen\u00e7 ve sa\u011fl\u0131kl\u0131 g\u00f6r\u00fcnmesini sa\u011flar.<\/li>\n<\/ol>\n\n\n\n<p><strong>Kullan\u0131m \u00d6nerileri<\/strong><\/p>\n\n\n\n<ul class=\"wp-block-list\">\n<li><strong>Temiz Cilde Uygulama:<\/strong> Serumu, temizlenmi\u015f cilde uygulamak, \u00fcr\u00fcn\u00fcn etkinli\u011fini art\u0131r\u0131r.<\/li>\n\n\n\n<li><strong>G\u00fcnd\u00fcz ve Gece Kullan\u0131m\u0131:<\/strong> G\u00fcnl\u00fck bak\u0131m rutininize dahil edebilir, sabah ve ak\u015fam kullanabilirsiniz.<\/li>\n\n\n\n<li><strong>D\u00fczenli Kullan\u0131m:<\/strong> En iyi sonu\u00e7lar\u0131 almak i\u00e7in \u00fcr\u00fcn\u00fc d\u00fczenli olarak kullanman\u0131z \u00f6nerilir.<\/li>\n<\/ul>\n\n\n\n<p><strong>\u00d6ne \u00c7\u0131kan \u00dcr\u00fcnler<\/strong><\/p>\n\n\n\n<ul class=\"wp-block-list\">\n<li><strong>Acvit Kolajen Serum:<\/strong> Cildinize ihtiyac\u0131 olan vitamin ve mineralleri sa\u011flamaya yard\u0131mc\u0131 olurken, cildin kolajen kayb\u0131n\u0131 takviye etmeye yard\u0131mc\u0131 olur.<\/li>\n\n\n\n<li><strong>VITUP Collagen Complex Serum:<\/strong> \u0130\u00e7eri\u011findeki hyaluronik asit ve aloe vera ile cildin nem dengesini korur ve ya\u015flanma belirtilerini azaltmaya yard\u0131mc\u0131 olur.<\/li>\n\n\n\n<li><strong>DS V-Line Collagen + Vitamin C Serum:<\/strong> %4,5 deniz kolajeni ve %0,5 3-O-Etil-Askorbik Asit i\u00e7eren bu serum, cilt s\u0131k\u0131l\u0131\u011f\u0131n\u0131 ve esnekli\u011fini art\u0131r\u0131r.<\/li>\n<\/ul>\n\n\n\n<p>Vitamin Complex Kolajen Serum, cildinize gen\u00e7lik ve canl\u0131l\u0131k katmak i\u00e7in etkili bir se\u00e7enek olabilir. Cilt tipinize ve ihtiya\u00e7lar\u0131n\u0131za uygun bir \u00fcr\u00fcn se\u00e7erek, d\u00fczenli kullan\u0131m ile en iyi sonu\u00e7lar\u0131 elde edebilirsiniz<\/p>\n","protected":false},"excerpt":{"rendered":"<p>Vitamin Complex Kolajen Serum, cilt bak\u0131m\u0131nda s\u0131k\u00e7a tercih edilen bir \u00fcr\u00fcnd\u00fcr ve i\u00e7eri\u011findeki aktif bile\u015fenlerle cildin gen\u00e7, s\u0131k\u0131 ve sa\u011fl\u0131kl\u0131 g\u00f6r\u00fcnmesine katk\u0131 sa\u011flar. Bu serumlar genellikle kolajen, C vitamini ve hyaluronik asit gibi bile\u015fenler i\u00e7erir, bu da cilt bak\u0131m\u0131nda \u00f6nemli faydalar sa\u011flar. Vitamin Complex Kolajen Serumun Faydalar\u0131 Kullan\u0131m \u00d6nerileri \u00d6ne \u00c7\u0131kan \u00dcr\u00fcnler Vitamin Complex Kolajen [&hellip;]<\/p>\n","protected":false},"author":1,"featured_media":0,"comment_status":"closed","ping_status":"closed","sticky":false,"template":"","format":"standard","meta":{"footnotes":""},"categories":[1],"tags":[],"class_list":["post-9340","post","type-post","status-publish","format-standard","hentry","category-genel"],"aioseo_notices":[],"_links":{"self":[{"href":"https:\/\/www.acvit.com.tr\/magaza\/wp-json\/wp\/v2\/posts\/9340","targetHints":{"allow":["GET"]}}],"collection":[{"href":"https:\/\/www.acvit.com.tr\/magaza\/wp-json\/wp\/v2\/posts"}],"about":[{"href":"https:\/\/www.acvit.com.tr\/magaza\/wp-json\/wp\/v2\/types\/post"}],"author":[{"embeddable":true,"href":"https:\/\/www.acvit.com.tr\/magaza\/wp-json\/wp\/v2\/users\/1"}],"replies":[{"embeddable":true,"href":"https:\/\/www.acvit.com.tr\/magaza\/wp-json\/wp\/v2\/comments?post=9340"}],"version-history":[{"count":1,"href":"https:\/\/www.acvit.com.tr\/magaza\/wp-json\/wp\/v2\/posts\/9340\/revisions"}],"predecessor-version":[{"id":9341,"href":"https:\/\/www.acvit.com.tr\/magaza\/wp-json\/wp\/v2\/posts\/9340\/revisions\/9341"}],"wp:attachment":[{"href":"https:\/\/www.acvit.com.tr\/magaza\/wp-json\/wp\/v2\/media?parent=9340"}],"wp:term":[{"taxonomy":"category","embeddable":true,"href":"https:\/\/www.acvit.com.tr\/magaza\/wp-json\/wp\/v2\/categories?post=9340"},{"taxonomy":"post_tag","embeddable":true,"href":"https:\/\/www.acvit.com.tr\/magaza\/wp-json\/wp\/v2\/tags?post=9340"}],"curies":[{"name":"wp","href":"https:\/\/api.w.org\/{rel}","templated":true}]}}