{"id":9329,"date":"2025-05-03T11:22:37","date_gmt":"2025-05-03T08:22:37","guid":{"rendered":"https:\/\/www.acvit.com.tr\/magaza\/?p=9329"},"modified":"2025-05-03T11:22:40","modified_gmt":"2025-05-03T08:22:40","slug":"sicak-havalarda-cildimizi-nasil-korumaliyiz","status":"publish","type":"post","link":"https:\/\/www.acvit.com.tr\/magaza\/sicak-havalarda-cildimizi-nasil-korumaliyiz\/","title":{"rendered":"S\u0131cak havalarda cildimizi nas\u0131l korumal\u0131y\u0131z"},"content":{"rendered":"\n<p>S\u0131cak havalarda cildimizi korumak, g\u00fcne\u015fin zararl\u0131 etkilerinden korunmak ve cilt sa\u011fl\u0131\u011f\u0131n\u0131 korumak a\u00e7\u0131s\u0131ndan olduk\u00e7a \u00f6nemlidir. \u0130\u015fte dikkat etmeniz gereken temel noktalar:<\/p>\n\n\n\n<p><strong>Cildinizi Korumak \u0130\u00e7in G\u00fcne\u015f Koruyucu Kullan\u0131n<\/strong><\/p>\n\n\n\n<p>SPF 30 ve \u00fczeri, geni\u015f spektrumlu (UVA + UVB) bir g\u00fcne\u015f kremi kullan\u0131n. G\u00fcne\u015fe \u00e7\u0131kmadan 20-30 dakika \u00f6nce s\u00fcr\u00fcn, 2 saatte bir ve terledikten\/denize girdikten sonra tekrar uygulay\u0131n.<\/p>\n\n\n\n<p><strong>Cildinizi Korumak \u0130\u00e7in G\u00fcne\u015fin En Yo\u011fun Oldu\u011fu Saatlerde G\u00f6lgeyi Tercih Edin<\/strong><\/p>\n\n\n\n<p>Saat 11.00 &#8211; 16.00 aras\u0131 direkt g\u00fcne\u015ften ka\u00e7\u0131n\u0131n. \u015eapka, g\u00fcne\u015f g\u00f6zl\u00fc\u011f\u00fc ve uzun kollu, ince pamuklu k\u0131yafetlerle korunma sa\u011flay\u0131n.<\/p>\n\n\n\n<p><strong>Cildinizi Korumak \u0130\u00e7in Bol Su \u0130\u00e7in<\/strong><\/p>\n\n\n\n<p>S\u0131cak hava cildi kurutabilir; yeterli su t\u00fcketimi cildin nem dengesini korur.<\/p>\n\n\n\n<p><strong>Cildinizi Korumak \u0130\u00e7in Hafif ve Do\u011fal \u00dcr\u00fcnler Kullan\u0131n<\/strong><\/p>\n\n\n\n<p>Ya\u011fl\u0131, a\u011f\u0131r kremler yerine su bazl\u0131 nemlendiriciler tercih edin. A\u015f\u0131r\u0131 terleme g\u00f6zenekleri t\u0131kayabilir; hafif \u00fcr\u00fcnler cildin nefes almas\u0131na yard\u0131mc\u0131 olur.<\/p>\n\n\n\n<p><strong>Cildinizi Korumak \u0130\u00e7in Cilt Temizli\u011fine \u00d6zen G\u00f6sterin<\/strong><\/p>\n\n\n\n<p>Ter, toz ve g\u00fcne\u015f koruyucu kal\u0131nt\u0131lar\u0131n\u0131 nazik bir temizleyiciyle d\u00fczenli olarak temizleyin.<\/p>\n\n\n\n<p><strong>Cildinizi Korumak \u0130\u00e7in Beslenmenize Dikkat Edin<\/strong><\/p>\n\n\n\n<p>Antioksidan i\u00e7eren meyve ve sebzeler (\u00f6rne\u011fin domates, havu\u00e7, \u00e7ilek) cildi i\u00e7eriden korur.<\/p>\n\n\n\n<p><strong>Cildinizi Korumak \u0130\u00e7in Bronzla\u015fmaya \u00c7al\u0131\u015fmaktan Ka\u00e7\u0131n\u0131n<\/strong><\/p>\n\n\n\n<p>G\u00fcne\u015flenmek cilt ya\u015flanmas\u0131n\u0131 h\u0131zland\u0131r\u0131r ve cilt kanseri riskini art\u0131r\u0131r.<\/p>\n\n\n\n<p><strong>Cildinizi Korumak \u0130\u00e7in <\/strong><strong>Cilt Tipine \u00d6zel \u00d6neriler<\/strong><\/p>\n\n\n\n<p>Cilt tipine g\u00f6re s\u0131cak havalarda nelere dikkat etmen gerekti\u011fini detayl\u0131ca payla\u015f\u0131yorum:<\/p>\n\n\n\n<h2 class=\"wp-block-heading\"><strong>Cilt Tipine G\u00f6re Yaz Aylar\u0131nda Cilt Koruma \u00d6nerileri<\/strong><\/h2>\n\n\n\n<h3 class=\"wp-block-heading\"><strong>Ya\u011fl\u0131 Cilt<\/strong><\/h3>\n\n\n\n<p><strong>Belirtiler:<\/strong> Parlama, geni\u015f g\u00f6zenekler, siyah nokta\/akne e\u011filimi<br><strong>Dikkat Edilmesi Gerekenler:<\/strong><\/p>\n\n\n\n<ul class=\"wp-block-list\">\n<li><strong>Su bazl\u0131, ya\u011fs\u0131z g\u00fcne\u015f kremi (non-comedogenic)<\/strong> kullan.<\/li>\n\n\n\n<li>G\u00fcnde 2 kez nazik bir temizleyiciyle cildini y\u0131ka.<\/li>\n\n\n\n<li>Alkols\u00fcz tonikler ile g\u00f6zeneklerini s\u0131k\u0131la\u015ft\u0131r.<\/li>\n\n\n\n<li>Cildin nem dengesini sa\u011flamak i\u00e7in <strong>hafif bir jel nemlendirici<\/strong> kullan.<\/li>\n<\/ul>\n\n\n\n<h3 class=\"wp-block-heading\"><strong>2. Kuru Cilt<\/strong><\/h3>\n\n\n\n<p><strong>Belirtiler:<\/strong> Pullanma, gerginlik hissi, mat g\u00f6r\u00fcn\u00fcm<br><strong>Dikkat Edilmesi Gerekenler:<\/strong><\/p>\n\n\n\n<ul class=\"wp-block-list\">\n<li>G\u00fcne\u015f kremi + <strong>yo\u011fun nemlendirici i\u00e7erikli (\u00f6rne\u011fin hyaluronik asitli)<\/strong> \u00fcr\u00fcnler kullan.<\/li>\n\n\n\n<li>Du\u015ftan sonra cilt h\u00e2l\u00e2 hafif nemliyken nemlendirici uygula.<\/li>\n\n\n\n<li>A\u015f\u0131r\u0131 s\u0131cak suyla y\u00fcz\u00fcn\u00fc y\u0131kamaktan ka\u00e7\u0131n.<\/li>\n\n\n\n<li>Nemlendirici i\u00e7eren temizleyiciler tercih et.<\/li>\n<\/ul>\n\n\n\n<h3 class=\"wp-block-heading\"><strong>3. Karma Cilt<\/strong><\/h3>\n\n\n\n<p><strong>Belirtiler:<\/strong> T b\u00f6lgesi ya\u011fl\u0131, yanaklar kuru\/normal<br><strong>Dikkat Edilmesi Gerekenler:<\/strong><\/p>\n\n\n\n<ul class=\"wp-block-list\">\n<li>Hafif, dengeleyici nemlendiriciler kullan.<\/li>\n\n\n\n<li>Cildin farkl\u0131 b\u00f6lgelerine farkl\u0131 \u00fcr\u00fcnler uygulayabilirsin (\u00f6rne\u011fin T b\u00f6lgesine matla\u015ft\u0131r\u0131c\u0131).<\/li>\n\n\n\n<li>G\u00fcne\u015f kremi se\u00e7iminde <strong>matla\u015ft\u0131r\u0131c\u0131 ve su bazl\u0131<\/strong> form\u00fcller iyi \u00e7al\u0131\u015f\u0131r.<\/li>\n<\/ul>\n\n\n\n<h3 class=\"wp-block-heading\"><strong>4. Hassas Cilt<\/strong><\/h3>\n\n\n\n<p><strong>Belirtiler:<\/strong> K\u0131zar\u0131kl\u0131k, tahri\u015fe yatk\u0131nl\u0131k, ka\u015f\u0131nt\u0131<br><strong>Dikkat Edilmesi Gerekenler:<\/strong><\/p>\n\n\n\n<ul class=\"wp-block-list\">\n<li><strong>Parf\u00fcm, alkol ve renklendirici i\u00e7ermeyen \u00fcr\u00fcnler<\/strong> kullan.<\/li>\n\n\n\n<li>Fiziksel g\u00fcne\u015f koruyucular (\u00e7inko oksitli, titanyum dioksitli) tercih et.<\/li>\n\n\n\n<li>Cildine zarar vermeyecek, nazik temizleyiciler kullan.<\/li>\n<\/ul>\n\n\n\n<h3 class=\"wp-block-heading\"><strong>5. Normal Cilt<\/strong><\/h3>\n\n\n\n<p><strong>Belirtiler:<\/strong> Dengeye sahip, \u00e7ok kuru ya da ya\u011fl\u0131 de\u011fil<br><strong>Dikkat Edilmesi Gerekenler:<\/strong><\/p>\n\n\n\n<ul class=\"wp-block-list\">\n<li>Hafif nemlendiriciler ve standart SPF 30+ g\u00fcne\u015f kremi yeterlidir.<\/li>\n\n\n\n<li>Temizlik, nemlendirme ve koruma rutinine sad\u0131k kal.<\/li>\n<\/ul>\n\n\n\n<p><strong>Cilt Tipine G\u00f6re S\u0131caklarda Bak\u0131m Nas\u0131l Yap\u0131lmal\u0131d\u0131r?<\/strong><\/p>\n\n\n\n<p>Cilt tipine g\u00f6re s\u0131cak havalarda bak\u0131m, cildin ihtiya\u00e7lar\u0131na uygun \u00fcr\u00fcnler ve al\u0131\u015fkanl\u0131klarla \u015fekillendirilmelidir.<\/p>\n\n\n\n<p>A\u015fa\u011f\u0131da her cilt tipi i\u00e7in yaz aylar\u0131nda uygulanabilecek ideal bak\u0131m rutinlerini bulabilirsin:<\/p>\n\n\n\n<h2 class=\"wp-block-heading\"><strong>YA\u011eLI C\u0130LT<\/strong><\/h2>\n\n\n\n<h3 class=\"wp-block-heading\">Sabah:<\/h3>\n\n\n\n<ul class=\"wp-block-list\">\n<li><strong>Jel bazl\u0131 bir temizleyici<\/strong> ile y\u0131ka.<\/li>\n\n\n\n<li><strong>Alkols\u00fcz tonik<\/strong> ile g\u00f6zenekleri ar\u0131nd\u0131r.<\/li>\n\n\n\n<li><strong>Hafif, su bazl\u0131 nemlendirici<\/strong> uygula.<\/li>\n\n\n\n<li><strong>Matla\u015ft\u0131r\u0131c\u0131 g\u00fcne\u015f kremi (SPF 30+)<\/strong> s\u00fcr.<\/li>\n<\/ul>\n\n\n\n<h3 class=\"wp-block-heading\">Ak\u015fam:<\/h3>\n\n\n\n<ul class=\"wp-block-list\">\n<li>G\u00fcnl\u00fck makyaj ve g\u00fcne\u015f kremini <strong>micellar su<\/strong> ile temizle.<\/li>\n\n\n\n<li>Nazik bir temizleyici ile cildi y\u0131ka.<\/li>\n\n\n\n<li>Haftada 2-3 kez <strong>kil maskesi<\/strong> ile fazla ya\u011f\u0131 dengele.<\/li>\n\n\n\n<li><strong>Salisilik asit i\u00e7eren tonik veya serum<\/strong> kullanabilirsin.<\/li>\n<\/ul>\n\n\n\n<h2 class=\"wp-block-heading\"><strong>KURU C\u0130LT<\/strong><\/h2>\n\n\n\n<h3 class=\"wp-block-heading\">Sabah:<\/h3>\n\n\n\n<ul class=\"wp-block-list\">\n<li><strong>Krem temizleyici<\/strong> veya nemlendirici i\u00e7erikli y\u00fcz y\u0131kama jeli kullan.<\/li>\n\n\n\n<li><strong>Hyaluronik asitli serum<\/strong> veya nemlendirici uygula.<\/li>\n\n\n\n<li><strong>Nemlendirici i\u00e7erikli SPF 30+ g\u00fcne\u015f kremi<\/strong> s\u00fcr.<\/li>\n<\/ul>\n\n\n\n<h3 class=\"wp-block-heading\">Ak\u015fam:<\/h3>\n\n\n\n<ul class=\"wp-block-list\">\n<li>Yumu\u015fak temizleyici ile makyaj\u0131n\u0131 temizle.<\/li>\n\n\n\n<li>Cildi nemlendiren serum ve <strong>yo\u011fun bir gece kremi<\/strong> kullan.<\/li>\n\n\n\n<li>Haftada 1-2 kez <strong>besleyici nem maskesi<\/strong> yapabilirsin.<\/li>\n<\/ul>\n\n\n\n<h2 class=\"wp-block-heading\"><strong>KARMA C\u0130LT<\/strong><\/h2>\n\n\n\n<h3 class=\"wp-block-heading\">Sabah:<\/h3>\n\n\n\n<ul class=\"wp-block-list\">\n<li>Hafif temizleyiciyle y\u00fcz\u00fcn\u00fc y\u0131ka.<\/li>\n\n\n\n<li>T b\u00f6lgesine <strong>matla\u015ft\u0131r\u0131c\u0131 tonik<\/strong>, yanaklara ise hafif nemlendirici uygula.<\/li>\n\n\n\n<li><strong>Ya\u011fs\u0131z, su bazl\u0131 g\u00fcne\u015f kremi<\/strong> kullan.<\/li>\n<\/ul>\n\n\n\n<h3 class=\"wp-block-heading\">Ak\u015fam:<\/h3>\n\n\n\n<ul class=\"wp-block-list\">\n<li>Makyaj ve g\u00fcne\u015f koruyucuyu ar\u0131nd\u0131r.<\/li>\n\n\n\n<li>Cildi dengeleyen serumlar (niacinamide gibi) kullan\u0131labilir.<\/li>\n\n\n\n<li>Gerekirse b\u00f6lgesel bak\u0131m: T b\u00f6lgesine kil maskesi, yanaklara nem maskesi.<\/li>\n<\/ul>\n\n\n\n<h2 class=\"wp-block-heading\"><strong>HASSAS C\u0130LT<\/strong><\/h2>\n\n\n\n<h3 class=\"wp-block-heading\">Sabah:<\/h3>\n\n\n\n<ul class=\"wp-block-list\">\n<li><strong>Sabunsuz, parf\u00fcms\u00fcz temizleyici<\/strong> kullan.<\/li>\n\n\n\n<li><strong>Cildi yat\u0131\u015ft\u0131ran tonik veya termal su spreyi<\/strong> uygula.<\/li>\n\n\n\n<li><strong>Fiziksel g\u00fcne\u015f koruyucu (\u00e7inko oksit, titanyum dioksit i\u00e7eren)<\/strong> s\u00fcr.<\/li>\n<\/ul>\n\n\n\n<h3 class=\"wp-block-heading\">Ak\u015fam:<\/h3>\n\n\n\n<ul class=\"wp-block-list\">\n<li>Cildi nazik\u00e7e temizle, ovalamaktan ka\u00e7\u0131n.<\/li>\n\n\n\n<li><strong>Aloe vera, panthenol<\/strong> gibi yat\u0131\u015ft\u0131r\u0131c\u0131 i\u00e7erikler i\u00e7eren \u00fcr\u00fcnler kullan.<\/li>\n\n\n\n<li>Haftada 1 kez yat\u0131\u015ft\u0131r\u0131c\u0131 maske uygulayabilirsin.<\/li>\n<\/ul>\n\n\n\n<h2 class=\"wp-block-heading\"><strong>NORMAL C\u0130LT<\/strong><\/h2>\n\n\n\n<h3 class=\"wp-block-heading\">Sabah:<\/h3>\n\n\n\n<ul class=\"wp-block-list\">\n<li>Hafif bir temizleyici kullan.<\/li>\n\n\n\n<li>Hafif bir nemlendirici + SPF 30+ g\u00fcne\u015f kremi yeterlidir.<\/li>\n<\/ul>\n\n\n\n<h3 class=\"wp-block-heading\">Ak\u015fam:<\/h3>\n\n\n\n<ul class=\"wp-block-list\">\n<li>G\u00fcn sonunda cildi temizleyip hafif nemlendirici uygula.<\/li>\n\n\n\n<li>Cilt dengedeyse haftada 1-2 maske (nem veya ayd\u0131nlat\u0131c\u0131) yeterli.<\/li>\n<\/ul>\n","protected":false},"excerpt":{"rendered":"<p>S\u0131cak havalarda cildimizi korumak, g\u00fcne\u015fin zararl\u0131 etkilerinden korunmak ve cilt sa\u011fl\u0131\u011f\u0131n\u0131 korumak a\u00e7\u0131s\u0131ndan olduk\u00e7a \u00f6nemlidir. \u0130\u015fte dikkat etmeniz gereken temel noktalar: Cildinizi Korumak \u0130\u00e7in G\u00fcne\u015f Koruyucu Kullan\u0131n SPF 30 ve \u00fczeri, geni\u015f spektrumlu (UVA + UVB) bir g\u00fcne\u015f kremi kullan\u0131n. G\u00fcne\u015fe \u00e7\u0131kmadan 20-30 dakika \u00f6nce s\u00fcr\u00fcn, 2 saatte bir ve terledikten\/denize girdikten sonra tekrar uygulay\u0131n. [&hellip;]<\/p>\n","protected":false},"author":1,"featured_media":0,"comment_status":"closed","ping_status":"closed","sticky":false,"template":"","format":"standard","meta":{"footnotes":""},"categories":[1],"tags":[],"class_list":["post-9329","post","type-post","status-publish","format-standard","hentry","category-genel"],"aioseo_notices":[],"_links":{"self":[{"href":"https:\/\/www.acvit.com.tr\/magaza\/wp-json\/wp\/v2\/posts\/9329","targetHints":{"allow":["GET"]}}],"collection":[{"href":"https:\/\/www.acvit.com.tr\/magaza\/wp-json\/wp\/v2\/posts"}],"about":[{"href":"https:\/\/www.acvit.com.tr\/magaza\/wp-json\/wp\/v2\/types\/post"}],"author":[{"embeddable":true,"href":"https:\/\/www.acvit.com.tr\/magaza\/wp-json\/wp\/v2\/users\/1"}],"replies":[{"embeddable":true,"href":"https:\/\/www.acvit.com.tr\/magaza\/wp-json\/wp\/v2\/comments?post=9329"}],"version-history":[{"count":1,"href":"https:\/\/www.acvit.com.tr\/magaza\/wp-json\/wp\/v2\/posts\/9329\/revisions"}],"predecessor-version":[{"id":9330,"href":"https:\/\/www.acvit.com.tr\/magaza\/wp-json\/wp\/v2\/posts\/9329\/revisions\/9330"}],"wp:attachment":[{"href":"https:\/\/www.acvit.com.tr\/magaza\/wp-json\/wp\/v2\/media?parent=9329"}],"wp:term":[{"taxonomy":"category","embeddable":true,"href":"https:\/\/www.acvit.com.tr\/magaza\/wp-json\/wp\/v2\/categories?post=9329"},{"taxonomy":"post_tag","embeddable":true,"href":"https:\/\/www.acvit.com.tr\/magaza\/wp-json\/wp\/v2\/tags?post=9329"}],"curies":[{"name":"wp","href":"https:\/\/api.w.org\/{rel}","templated":true}]}}