{"id":9306,"date":"2025-05-01T13:47:35","date_gmt":"2025-05-01T10:47:35","guid":{"rendered":"https:\/\/www.acvit.com.tr\/magaza\/?p=9306"},"modified":"2025-05-01T13:47:38","modified_gmt":"2025-05-01T10:47:38","slug":"erkeklerde-en-sik-karsilasilan-10-sac-sorunu","status":"publish","type":"post","link":"https:\/\/www.acvit.com.tr\/magaza\/erkeklerde-en-sik-karsilasilan-10-sac-sorunu\/","title":{"rendered":"Erkeklerde En S\u0131k Kar\u015f\u0131la\u015f\u0131lan 10 Sa\u00e7 Sorunu"},"content":{"rendered":"\n<p>Erkeklerde sa\u00e7la ilgili problemler hem estetik hem de psikolojik olarak etkili olabilir. Genetik fakt\u00f6rler, hormonal de\u011fi\u015fiklikler, stres, yanl\u0131\u015f bak\u0131m al\u0131\u015fkanl\u0131klar\u0131 ve ya\u015fam tarz\u0131 gibi bir\u00e7ok etken bu sorunlar\u0131n temelinde yer al\u0131r.<\/p>\n\n\n\n<p><strong>1. Sa\u00e7 D\u00f6k\u00fclmesi (Androgenetik Alopesi)<\/strong><\/p>\n\n\n\n<ul class=\"wp-block-list\">\n<li>En yayg\u0131n erkek sa\u00e7 sorunudur. Genellikle al\u0131n ve tepe b\u00f6lgesinden ba\u015flar.<\/li>\n\n\n\n<li>Genetik ve testosteron hormonu (DHT) kaynakl\u0131d\u0131r.<\/li>\n<\/ul>\n\n\n\n<p><strong>2. Sa\u00e7lar\u0131n Seyrekle\u015fmesi<\/strong><\/p>\n\n\n\n<ul class=\"wp-block-list\">\n<li>Sa\u00e7 d\u00f6k\u00fclmesine ba\u011fl\u0131 ya da sa\u00e7 k\u00f6klerinin zay\u0131flamas\u0131 sonucu sa\u00e7lar incelerek seyrelir.<\/li>\n\n\n\n<li>Sa\u00e7 hacmi azal\u0131r, kafa derisi g\u00f6r\u00fcn\u00fcr hale gelir.<\/li>\n<\/ul>\n\n\n\n<p><strong>3. Kepeklenme<\/strong><\/p>\n\n\n\n<ul class=\"wp-block-list\">\n<li>Sa\u00e7 derisinin pullanmas\u0131yla olu\u015fur.<\/li>\n\n\n\n<li>Kuru kepek ve ya\u011fl\u0131 kepek (seboreik dermatit) olmak \u00fczere iki t\u00fcr\u00fc vard\u0131r.<\/li>\n<\/ul>\n\n\n\n<p><strong>4. Ya\u011fl\u0131 Sa\u00e7 Derisi<\/strong><\/p>\n\n\n\n<ul class=\"wp-block-list\">\n<li>A\u015f\u0131r\u0131 sebum \u00fcretimi sa\u00e7\u0131n \u00e7abuk ya\u011flanmas\u0131na neden olur.<\/li>\n\n\n\n<li>Bu durum kepek ve ka\u015f\u0131nt\u0131ya da yol a\u00e7abilir.<\/li>\n<\/ul>\n\n\n\n<p><strong>5. Ka\u015f\u0131nt\u0131l\u0131 Sa\u00e7 Derisi<\/strong><\/p>\n\n\n\n<ul class=\"wp-block-list\">\n<li>Genellikle kepek, egzama, mantar veya alerjik reaksiyonlar nedeniyle olu\u015fur.<\/li>\n<\/ul>\n\n\n\n<p><strong>6. Sa\u00e7larda \u0130ncelme ve Zay\u0131flama<\/strong><\/p>\n\n\n\n<ul class=\"wp-block-list\">\n<li>Sa\u00e7 telleri zay\u0131f, k\u0131r\u0131lgan ve cans\u0131z hale gelir.<\/li>\n\n\n\n<li>Genetik, beslenme eksikli\u011fi ve stres ba\u015fl\u0131ca nedenleridir.<\/li>\n<\/ul>\n\n\n\n<p><strong>7. K\u0131r\u0131k ve Y\u0131pranm\u0131\u015f Sa\u00e7 U\u00e7lar\u0131<\/strong><\/p>\n\n\n\n<ul class=\"wp-block-list\">\n<li>\u00d6zellikle uzun sa\u00e7 kullanan erkeklerde g\u00f6r\u00fcl\u00fcr.<\/li>\n\n\n\n<li>F\u00f6n, j\u00f6le, s\u0131k y\u0131kama gibi nedenlerle sa\u00e7 u\u00e7lar\u0131 \u00e7atalla\u015f\u0131r.<\/li>\n<\/ul>\n\n\n\n<p><strong>8. D\u00f6k\u00fclmeye Ba\u011fl\u0131 A\u00e7\u0131kl\u0131klar \/ Sa\u00e7s\u0131z Alanlar<\/strong><\/p>\n\n\n\n<ul class=\"wp-block-list\">\n<li>Tepe ve al\u0131n b\u00f6lgesinde <strong>kel noktalar<\/strong> olu\u015fabilir.<\/li>\n\n\n\n<li>\u0130leri evrede sa\u00e7 ekimi gibi i\u015flemler gerekebilir.<\/li>\n<\/ul>\n\n\n\n<p><strong>9. Boya ve Kimyasal \u0130\u015flemlerden Kaynakl\u0131 Y\u0131pranma<\/strong><\/p>\n\n\n\n<ul class=\"wp-block-list\">\n<li>Sa\u00e7 boyas\u0131, d\u00fczle\u015ftirme, a\u00e7\u0131c\u0131 gibi i\u015flemler sa\u00e7\u0131 zay\u0131flatabilir.<\/li>\n\n\n\n<li>Erkeklerde son y\u0131llarda artan bak\u0131m al\u0131\u015fkanl\u0131klar\u0131yla bu sorun da yayg\u0131nla\u015fm\u0131\u015ft\u0131r.<\/li>\n<\/ul>\n\n\n\n<p><strong>10. Psikolojik Sa\u00e7 Yolma (Trikotillomani)<\/strong><\/p>\n\n\n\n<ul class=\"wp-block-list\">\n<li>Stres ve psikolojik nedenlerle sa\u00e7 \u00e7ekme al\u0131\u015fkanl\u0131\u011f\u0131.<\/li>\n\n\n\n<li>Genellikle fark edilmez ama ciddi d\u00f6k\u00fclmelere neden olabilir.<\/li>\n<\/ul>\n","protected":false},"excerpt":{"rendered":"<p>Erkeklerde sa\u00e7la ilgili problemler hem estetik hem de psikolojik olarak etkili olabilir. Genetik fakt\u00f6rler, hormonal de\u011fi\u015fiklikler, stres, yanl\u0131\u015f bak\u0131m al\u0131\u015fkanl\u0131klar\u0131 ve ya\u015fam tarz\u0131 gibi bir\u00e7ok etken bu sorunlar\u0131n temelinde yer al\u0131r. 1. Sa\u00e7 D\u00f6k\u00fclmesi (Androgenetik Alopesi) 2. Sa\u00e7lar\u0131n Seyrekle\u015fmesi 3. Kepeklenme 4. Ya\u011fl\u0131 Sa\u00e7 Derisi 5. Ka\u015f\u0131nt\u0131l\u0131 Sa\u00e7 Derisi 6. Sa\u00e7larda \u0130ncelme ve Zay\u0131flama 7. [&hellip;]<\/p>\n","protected":false},"author":1,"featured_media":0,"comment_status":"closed","ping_status":"closed","sticky":false,"template":"","format":"standard","meta":{"footnotes":""},"categories":[1],"tags":[],"class_list":["post-9306","post","type-post","status-publish","format-standard","hentry","category-genel"],"aioseo_notices":[],"_links":{"self":[{"href":"https:\/\/www.acvit.com.tr\/magaza\/wp-json\/wp\/v2\/posts\/9306","targetHints":{"allow":["GET"]}}],"collection":[{"href":"https:\/\/www.acvit.com.tr\/magaza\/wp-json\/wp\/v2\/posts"}],"about":[{"href":"https:\/\/www.acvit.com.tr\/magaza\/wp-json\/wp\/v2\/types\/post"}],"author":[{"embeddable":true,"href":"https:\/\/www.acvit.com.tr\/magaza\/wp-json\/wp\/v2\/users\/1"}],"replies":[{"embeddable":true,"href":"https:\/\/www.acvit.com.tr\/magaza\/wp-json\/wp\/v2\/comments?post=9306"}],"version-history":[{"count":1,"href":"https:\/\/www.acvit.com.tr\/magaza\/wp-json\/wp\/v2\/posts\/9306\/revisions"}],"predecessor-version":[{"id":9307,"href":"https:\/\/www.acvit.com.tr\/magaza\/wp-json\/wp\/v2\/posts\/9306\/revisions\/9307"}],"wp:attachment":[{"href":"https:\/\/www.acvit.com.tr\/magaza\/wp-json\/wp\/v2\/media?parent=9306"}],"wp:term":[{"taxonomy":"category","embeddable":true,"href":"https:\/\/www.acvit.com.tr\/magaza\/wp-json\/wp\/v2\/categories?post=9306"},{"taxonomy":"post_tag","embeddable":true,"href":"https:\/\/www.acvit.com.tr\/magaza\/wp-json\/wp\/v2\/tags?post=9306"}],"curies":[{"name":"wp","href":"https:\/\/api.w.org\/{rel}","templated":true}]}}