{"id":9301,"date":"2025-05-01T13:38:55","date_gmt":"2025-05-01T10:38:55","guid":{"rendered":"https:\/\/www.acvit.com.tr\/magaza\/?p=9301"},"modified":"2025-05-01T13:55:16","modified_gmt":"2025-05-01T10:55:16","slug":"kadinlarin-en-cok-karsilastigi-10-sac-sorunu-nelerdir","status":"publish","type":"post","link":"https:\/\/www.acvit.com.tr\/magaza\/kadinlarin-en-cok-karsilastigi-10-sac-sorunu-nelerdir\/","title":{"rendered":"Kad\u0131nlar\u0131n En \u00c7ok Kar\u015f\u0131la\u015ft\u0131\u011f\u0131 10 Sa\u00e7 Sorunu Nelerdir?"},"content":{"rendered":"\n<p>Kad\u0131nlar\u0131n sa\u00e7lar\u0131yla ilgili ya\u015fad\u0131\u011f\u0131 problemler, hem genetik hem de \u00e7evresel fakt\u00f6rlere ba\u011fl\u0131 olarak de\u011fi\u015febilir.<\/p>\n\n\n\n<p>\u0130\u015fte kad\u0131nlar\u0131n en s\u0131k kar\u015f\u0131la\u015ft\u0131\u011f\u0131 10 sa\u00e7 sorunu:<\/p>\n\n\n\n<ol class=\"wp-block-list\">\n<li><strong>Sa\u00e7 D\u00f6k\u00fclmesi (A\u015f\u0131r\u0131 d\u00f6k\u00fclme)<\/strong><br>Hormonal de\u011fi\u015fiklikler, stres, beslenme eksiklikleri veya genetik fakt\u00f6rler sa\u00e7 d\u00f6k\u00fclmesine yol a\u00e7abilir.<\/li>\n\n\n\n<li><strong>K\u0131r\u0131k U\u00e7lar (Sa\u00e7 u\u00e7lar\u0131n\u0131n \u00e7atalla\u015fmas\u0131)<\/strong><br>Is\u0131 kullan\u0131m\u0131, kimyasal i\u015flemler ve yetersiz bak\u0131m sa\u00e7 u\u00e7lar\u0131n\u0131n k\u0131r\u0131lmas\u0131na neden olur.<\/li>\n\n\n\n<li><strong>Kepeklenme<\/strong><br>Sa\u00e7 derisinin kurumas\u0131 veya mantar kaynakl\u0131 sorunlar kepek olu\u015fumuna sebep olabilir.<\/li>\n\n\n\n<li><strong>Sa\u00e7\u0131n Ya\u011flanmas\u0131<\/strong><br>Sa\u00e7 derisinin fazla sebum \u00fcretmesi, sa\u00e7\u0131n h\u0131zl\u0131ca ya\u011fl\u0131 g\u00f6r\u00fcnmesine yol a\u00e7ar.<\/li>\n\n\n\n<li><strong>Sa\u00e7 Kurulu\u011fu<\/strong><br>Nem kayb\u0131, s\u0131k \u0131s\u0131 kullan\u0131m\u0131 ve yanl\u0131\u015f \u00fcr\u00fcn kullan\u0131m\u0131 sa\u00e7lar\u0131n kuru ve cans\u0131z g\u00f6r\u00fcnmesine neden olur.<\/li>\n\n\n\n<li><strong>Elektriklenme (Frizz)<\/strong><br>\u00d6zellikle nemli havalarda sa\u00e7\u0131n kabarmas\u0131 ve elektriklenmesi s\u0131k kar\u015f\u0131la\u015f\u0131lan bir problemdir.<\/li>\n\n\n\n<li><strong>Sa\u00e7 Derisi Ka\u015f\u0131nt\u0131s\u0131 ve Hassasiyet<\/strong><br>Yanl\u0131\u015f \u00fcr\u00fcn kullan\u0131m\u0131, alerjiler veya cilt hastal\u0131klar\u0131 sa\u00e7 derisinde rahats\u0131zl\u0131\u011fa neden olabilir.<\/li>\n\n\n\n<li><strong>D\u00fczensiz Sa\u00e7 Uzamas\u0131<\/strong><br>Baz\u0131 b\u00f6lgelerde sa\u00e7\u0131n daha yava\u015f uzamas\u0131 ya da hi\u00e7 uzamamas\u0131 estetik sorun yaratabilir.<\/li>\n\n\n\n<li><strong>Renk Solmas\u0131 (Boyal\u0131 sa\u00e7larda)<\/strong><br>G\u00fcne\u015f, s\u0131cak su ve sert \u015fampuanlar sa\u00e7 renginin solmas\u0131na neden olabilir.<\/li>\n\n\n\n<li><strong>\u0130ncelmi\u015f veya Zay\u0131flam\u0131\u015f Sa\u00e7 Telleri<\/strong><br>Ya\u015flanma, yetersiz beslenme veya hormonal nedenlerle sa\u00e7 telleri incelip hacmini kaybedebilir.<\/li>\n<\/ol>\n\n\n\n<p>Kad\u0131nlarda <strong>sa\u00e7 d\u00f6k\u00fclmesi<\/strong> olduk\u00e7a yayg\u0131n bir problemdir ve \u00e7e\u015fitli nedenlerden kaynaklanabilir.<\/p>\n\n\n\n<p>\u0130\u015fte temel nedenler ve \u00e7\u00f6z\u00fcm yollar\u0131:<\/p>\n\n\n\n<p><strong>Kad\u0131nlarda Sa\u00e7 D\u00f6k\u00fclmesinin Nedenleri<\/strong><\/p>\n\n\n\n<p><strong>1. Hormonal De\u011fi\u015fiklikler<\/strong><\/p>\n\n\n\n<ul class=\"wp-block-list\">\n<li><strong>Hamilelik<\/strong>, <strong>do\u011fum sonras\u0131<\/strong>, <strong>emzirme<\/strong>, <strong>menopoz<\/strong> gibi d\u00f6nemlerde \u00f6strojen seviyeleri de\u011fi\u015fir, bu da sa\u00e7 d\u00f6k\u00fclmesine neden olabilir.<\/li>\n\n\n\n<li><strong>Polikistik Over Sendromu (PCOS)<\/strong> gibi hormonal dengesizlikler sa\u00e7 d\u00f6k\u00fclmesini art\u0131rabilir.<\/li>\n<\/ul>\n\n\n\n<p><strong>2. Stres ve Psikolojik Fakt\u00f6rler<\/strong><\/p>\n\n\n\n<ul class=\"wp-block-list\">\n<li>Yo\u011fun stres, travma ya da ani kilo kayb\u0131, sa\u00e7lar\u0131n d\u00f6k\u00fclme faz\u0131na (telogen effluvium) ge\u00e7mesine neden olabilir.<\/li>\n<\/ul>\n\n\n\n<p><strong>3. Beslenme Eksiklikleri<\/strong><\/p>\n\n\n\n<ul class=\"wp-block-list\">\n<li><strong>Demir<\/strong>, <strong>\u00e7inko<\/strong>, <strong>B12 vitamini<\/strong>, <strong>D vitamini<\/strong> eksiklikleri sa\u00e7 d\u00f6k\u00fclmesinin ba\u015fl\u0131ca nedenlerindendir.<\/li>\n\n\n\n<li>Yetersiz protein al\u0131m\u0131 da sa\u00e7 sa\u011fl\u0131\u011f\u0131n\u0131 olumsuz etkiler.<\/li>\n<\/ul>\n\n\n\n<p><strong>4. Genetik Yatk\u0131nl\u0131k<\/strong><\/p>\n\n\n\n<ul class=\"wp-block-list\">\n<li><strong>Androgenetik alopesi (kad\u0131n tipi kellik)<\/strong>, ailesel ge\u00e7i\u015f g\u00f6steren, zamanla sa\u00e7lar\u0131n incelip d\u00f6k\u00fclmesine yol a\u00e7an bir durumdur.<\/li>\n<\/ul>\n\n\n\n<p><strong>5. Tiroid Bozukluklar\u0131<\/strong><\/p>\n\n\n\n<ul class=\"wp-block-list\">\n<li>Hipotiroidi ya da hipertiroidi gibi durumlar sa\u00e7 d\u00f6k\u00fclmesine neden olabilir.<\/li>\n<\/ul>\n\n\n\n<p><strong>6. Yanl\u0131\u015f Sa\u00e7 Bak\u0131m\u0131<\/strong><\/p>\n\n\n\n<ul class=\"wp-block-list\">\n<li>S\u0131k f\u00f6n, ma\u015fa, d\u00fczle\u015ftirici kullan\u0131m\u0131, s\u0131k\u0131 sa\u00e7 modelleri, kimyasal i\u015flemler (boya, perma vb.) sa\u00e7\u0131n d\u00f6k\u00fclmesine katk\u0131 sa\u011flayabilir.<\/li>\n<\/ul>\n\n\n\n<p><strong>7. Baz\u0131 Hastal\u0131klar ve \u0130la\u00e7lar<\/strong><\/p>\n\n\n\n<ul class=\"wp-block-list\">\n<li>Otoimm\u00fcn hastal\u0131klar (\u00f6rne\u011fin alopesi areata), kanser tedavileri (kemoterapi), baz\u0131 do\u011fum kontrol haplar\u0131 veya antidepresanlar sa\u00e7 d\u00f6kebilir.<\/li>\n<\/ul>\n\n\n\n<p><strong>Kad\u0131nlarda Sa\u00e7 D\u00f6k\u00fclmesine Kar\u015f\u0131 \u00c7\u00f6z\u00fcm \u00d6nerileri<\/strong><\/p>\n\n\n\n<p><strong>1. T\u0131bbi Kontroller<\/strong><\/p>\n\n\n\n<ul class=\"wp-block-list\">\n<li><strong>Kan testi yapt\u0131rmak<\/strong>: Demir, D vitamini, B12, tiroid hormonlar\u0131, ferritin gibi de\u011ferlerin kontrol\u00fc \u00e7ok \u00f6nemlidir.<\/li>\n\n\n\n<li>Dermatolog veya endokrinolog ile g\u00f6r\u00fc\u015fmek gerekebilir.<\/li>\n<\/ul>\n\n\n\n<p><strong>2. Do\u011fru Beslenme<\/strong><\/p>\n\n\n\n<ul class=\"wp-block-list\">\n<li><strong>Protein, omega-3<\/strong>, ve <strong>demir<\/strong> a\u00e7\u0131s\u0131ndan zengin bir diyet uygulanmal\u0131.<\/li>\n\n\n\n<li>Gerekirse <strong>multivitamin takviyesi<\/strong> al\u0131nmal\u0131 (doktor \u00f6nerisiyle).<\/li>\n<\/ul>\n\n\n\n<p><strong>3. Stresi Azaltmak<\/strong><\/p>\n\n\n\n<ul class=\"wp-block-list\">\n<li>Meditasyon, egzersiz, uyku d\u00fczeni gibi stres azalt\u0131c\u0131 ya\u015fam tarz\u0131 de\u011fi\u015fiklikleri \u00f6nemlidir.<\/li>\n<\/ul>\n\n\n\n<p><strong>4. Sa\u00e7 Bak\u0131m \u00dcr\u00fcnleri<\/strong><\/p>\n\n\n\n<ul class=\"wp-block-list\">\n<li><strong>S\u00fclfats\u0131z \u015fampuanlar<\/strong>, sa\u00e7 d\u00f6k\u00fclmesine \u00f6zel <strong>serum ve tonikler<\/strong> (\u00f6rne\u011fin minoksidil i\u00e7erikli \u00fcr\u00fcnler) kullan\u0131labilir.<\/li>\n\n\n\n<li>Is\u0131 ve kimyasallardan uzak durulmal\u0131.<\/li>\n<\/ul>\n\n\n\n<p><strong>5. Dermatolojik Uygulamalar<\/strong><\/p>\n\n\n\n<ul class=\"wp-block-list\">\n<li><strong>PRP (Platelet Rich Plasma)<\/strong>, <strong>mezoterapi<\/strong>, <strong>lazer tedavileri<\/strong> gibi klinik uygulamalar baz\u0131 kad\u0131nlarda ba\u015far\u0131l\u0131 sonu\u00e7 verir.<\/li>\n\n\n\n<li><strong>Minoksidil (topikal sol\u00fcsyon)<\/strong>: Androgenetik alopesi i\u00e7in FDA onayl\u0131 bir tedavi y\u00f6ntemidir.<\/li>\n<\/ul>\n\n\n\n<p><strong>Kad\u0131nlarda K\u0131r\u0131k u\u00e7lar (\u00e7atalla\u015fm\u0131\u015f sa\u00e7 u\u00e7lar\u0131)<\/strong> <strong>Neden Olu\u015fur?<\/strong><\/p>\n\n\n\n<p><strong>K\u0131r\u0131k u\u00e7lar (\u00e7atalla\u015fm\u0131\u015f sa\u00e7 u\u00e7lar\u0131)<\/strong>, sa\u00e7 telinin en u\u00e7 k\u0131sm\u0131n\u0131n y\u0131pranarak ikiye ya da daha fazla par\u00e7aya ayr\u0131lmas\u0131 durumudur. Kad\u0131nlarda \u00e7ok yayg\u0131nd\u0131r ve hem estetik a\u00e7\u0131dan rahats\u0131z edici olur hem de sa\u00e7\u0131n sa\u011fl\u0131kl\u0131 uzamas\u0131n\u0131 engeller.<\/p>\n\n\n\n<p><strong>1. Is\u0131 Kullan\u0131m\u0131 (F\u00f6n, ma\u015fa, d\u00fczle\u015ftirici)<\/strong><\/p>\n\n\n\n<p>S\u00fcrekli y\u00fcksek \u0131s\u0131ya maruz kalan sa\u00e7 teli kurur, zay\u0131flar ve \u00e7atalla\u015fmaya ba\u015flar.<\/p>\n\n\n\n<p><strong>2. Kimyasal \u0130\u015flemler<\/strong><\/p>\n\n\n\n<p><strong>Boya, a\u00e7\u0131c\u0131, perma<\/strong> gibi i\u015flemler sa\u00e7\u0131n yap\u0131s\u0131n\u0131 bozarak k\u0131r\u0131klara neden olur.<\/p>\n\n\n\n<p><strong>3. Fazla veya Sert Tarama<\/strong><\/p>\n\n\n\n<p>Islakken agresif tarama ya da uygun olmayan tarak kullan\u0131m\u0131 sa\u00e7\u0131n u\u00e7lar\u0131n\u0131 y\u0131prat\u0131r.<\/p>\n\n\n\n<p><strong>4. Nemsizlik<\/strong><\/p>\n\n\n\n<p>Sa\u00e7 yeterince nemli de\u011filse kuruyup \u00e7atlamaya ba\u015flar.<\/p>\n\n\n\n<p><strong>5. \u00c7evresel Fakt\u00f6rler<\/strong><\/p>\n\n\n\n<p><strong>G\u00fcne\u015f \u0131\u015f\u0131\u011f\u0131<\/strong>, <strong>klorlu su<\/strong>, <strong>r\u00fczg\u00e2r<\/strong>, <strong>hava kirlili\u011fi<\/strong> gibi fakt\u00f6rler sa\u00e7\u0131n d\u0131\u015f tabakas\u0131n\u0131 zay\u0131flat\u0131r.<\/p>\n\n\n\n<p><strong>6. Yetersiz Sa\u00e7 Kesimi<\/strong><\/p>\n\n\n\n<p>Uzun s\u00fcre sa\u00e7 kestirilmemesi, u\u00e7lar\u0131n do\u011fal olarak k\u0131r\u0131lmas\u0131na yol a\u00e7ar.<\/p>\n\n\n\n<p><strong>Kad\u0131nlarda K\u0131r\u0131k u\u00e7lar (\u00e7atalla\u015fm\u0131\u015f sa\u00e7 u\u00e7lar\u0131)<\/strong> <strong>Nas\u0131l \u00d6nlenir? Nas\u0131l Tedavi Edilir?<\/strong><\/p>\n\n\n\n<p><strong>1. D\u00fczenli Sa\u00e7 Kesimi<\/strong><\/p>\n\n\n\n<p>6-8 haftada bir sadece u\u00e7lardan ald\u0131rmak, k\u0131r\u0131klar\u0131n ilerlemesini \u00f6nler.<\/p>\n\n\n\n<p><strong>2. Is\u0131 Kullan\u0131m\u0131n\u0131 Azalt<\/strong><\/p>\n\n\n\n<p>F\u00f6n, d\u00fczle\u015ftirici ve ma\u015fa kullan\u0131m\u0131n\u0131 s\u0131n\u0131rlay\u0131n. Kullanacaksan\u0131z mutlaka <strong>\u0131s\u0131 koruyucu sprey<\/strong> kullan\u0131n.<\/p>\n\n\n\n<p><strong>3. Yo\u011fun Nemlendirme<\/strong><\/p>\n\n\n\n<p>Haftada 1-2 kez <strong>derinlemesine nem maskesi<\/strong> uygulay\u0131n (\u00f6rne\u011fin argan ya\u011f\u0131, hindistancevizi ya\u011f\u0131, keratin i\u00e7erikli maskeler).<\/p>\n\n\n\n<p>Durulanmayan bak\u0131m kremleri veya serumlarla sa\u00e7 u\u00e7lar\u0131n\u0131 koruyun.<\/p>\n\n\n\n<p><strong>4. Nazik Tarama<\/strong><\/p>\n\n\n\n<p>Geni\u015f di\u015fli tarak kullan\u0131n, \u00f6zellikle \u0131slakken sa\u00e7\u0131 nazik\u00e7e a\u00e7\u0131n.<\/p>\n\n\n\n<p>U\u00e7lardan ba\u015flay\u0131p yukar\u0131 do\u011fru taramak daha az k\u0131r\u0131k olu\u015fturur.<\/p>\n\n\n\n<p><strong>5. Sa\u00e7 Dostu \u00dcr\u00fcnler Se\u00e7in<\/strong><\/p>\n\n\n\n<p>S\u00fclfats\u0131z ve alkol i\u00e7ermeyen \u015fampuanlar tercih edin.<\/p>\n\n\n\n<p>Silikon i\u00e7ermeyen \u00fcr\u00fcnler sa\u00e7\u0131n daha do\u011fal nemini korumas\u0131na yard\u0131mc\u0131 olur.<\/p>\n\n\n\n<p><strong>6. Gece Korumas\u0131<\/strong><\/p>\n\n\n\n<p><strong>\u0130pek yast\u0131k k\u0131l\u0131f\u0131<\/strong> kullanmak, s\u00fcrt\u00fcnmeden kaynakl\u0131 k\u0131r\u0131klar\u0131 azalt\u0131r.<\/p>\n\n\n\n<p>Uzun sa\u00e7lar i\u00e7in gece yatarken <strong>gev\u015fek \u00f6rg\u00fc<\/strong> ya da topuz yapmak da yard\u0131mc\u0131 olabilir.<\/p>\n\n\n\n<p><strong>Bonus: Evde Uygulanabilecek Do\u011fal Bak\u0131m Maskesi<\/strong><\/p>\n\n\n\n<p><strong>Malzeme:<\/strong><\/p>\n\n\n\n<ul class=\"wp-block-list\">\n<li>1 yemek ka\u015f\u0131\u011f\u0131 hindistancevizi ya\u011f\u0131<\/li>\n\n\n\n<li>1 yemek ka\u015f\u0131\u011f\u0131 bal<\/li>\n\n\n\n<li>1 yumurta sar\u0131s\u0131<\/li>\n<\/ul>\n\n\n\n<p><strong>Nas\u0131l uygulan\u0131r:<\/strong><br>Kar\u0131\u015ft\u0131r\u0131p sa\u00e7 u\u00e7lar\u0131na uygulay\u0131n, 30 dakika bekletin, ard\u0131ndan \u0131l\u0131k su ve s\u00fclfats\u0131z \u015fampuanla y\u0131kay\u0131n. Haftada 1 uygulanabilir.<\/p>\n\n\n\n<p><strong>Kad\u0131nlarda sa\u00e7larda kepek nas\u0131l olu\u015fur? Kepeklenmeden nas\u0131l kurtulabilirler?<\/strong><\/p>\n\n\n\n<p><strong>Kepek<\/strong>, sa\u00e7 derisinde meydana gelen pullanma ve d\u00f6k\u00fcnt\u00fc problemidir. Kad\u0131nlarda olduk\u00e7a yayg\u0131nd\u0131r ve hem estetik hem de ka\u015f\u0131nt\u0131 gibi rahats\u0131z edici belirtilerle birlikte olabilir.<\/p>\n\n\n\n<p><strong>\u0130\u015fte kepeklenmenin nedenleri ve kurtulma yollar\u0131:<\/strong><\/p>\n\n\n\n<p><strong>Kad\u0131nlar\u0131n Sa\u00e7lar\u0131nda Kepek Nas\u0131l Olu\u015fur?<\/strong><\/p>\n\n\n\n<p><strong>1. Ya\u011fl\u0131 (Seboreik) Kepek<\/strong><\/p>\n\n\n\n<ul class=\"wp-block-list\">\n<li><strong>Seboreik dermatit<\/strong> ad\u0131 verilen bir cilt rahats\u0131zl\u0131\u011f\u0131ndan kaynaklan\u0131r.<\/li>\n\n\n\n<li>Sa\u00e7 derisinde fazla <strong>sebum (ya\u011f)<\/strong> \u00fcretimi olur. Bu ya\u011f, ciltte do\u011fal olarak bulunan <strong>Malassezia<\/strong> adl\u0131 mantar\u0131n a\u015f\u0131r\u0131 \u00e7o\u011falmas\u0131na neden olur.<\/li>\n\n\n\n<li>Bu durum, <strong>iltihaplanma, ka\u015f\u0131nt\u0131, sar\u0131ms\u0131 ya\u011fl\u0131 kepek<\/strong> ile sonu\u00e7lanabilir.<\/li>\n<\/ul>\n\n\n\n<p><strong>2. Kuru Kepek<\/strong><\/p>\n\n\n\n<ul class=\"wp-block-list\">\n<li>So\u011fuk hava, s\u0131k sa\u00e7 y\u0131kama, sert \u015fampuanlar sa\u00e7 derisini kurutur.<\/li>\n\n\n\n<li>Kuruyan sa\u00e7 derisi pul pul d\u00f6k\u00fcl\u00fcr; bu, genellikle <strong>beyaz ve ince kepek<\/strong> \u015feklindedir.<\/li>\n<\/ul>\n\n\n\n<p><strong>3. Yanl\u0131\u015f \u00dcr\u00fcn Kullan\u0131m\u0131<\/strong><\/p>\n\n\n\n<ul class=\"wp-block-list\">\n<li>Sa\u00e7 derisine uygun olmayan \u015fampuan, sa\u00e7 kremi veya sprey gibi \u00fcr\u00fcnler tahri\u015fe yol a\u00e7abilir.<\/li>\n\n\n\n<li>Alerjik reaksiyonlar da kepe\u011fe neden olabilir.<\/li>\n<\/ul>\n\n\n\n<p><strong>4. Stres ve Hormonal Dengesizlik<\/strong><\/p>\n\n\n\n<ul class=\"wp-block-list\">\n<li>Ba\u011f\u0131\u015f\u0131kl\u0131k sistemi zay\u0131flad\u0131\u011f\u0131nda mantar \u00e7o\u011falabilir. Stres bu s\u00fcreci tetikleyebilir.<\/li>\n<\/ul>\n\n\n\n<p><strong>Kad\u0131nlar Sa\u00e7lar\u0131ndaki Kepeklenmeden Nas\u0131l Kurtulabilir?<\/strong><\/p>\n\n\n\n<p><strong>1. Do\u011fru \u015eampuan Se\u00e7imi<\/strong><\/p>\n\n\n\n<p><strong>Kepe\u011fe kar\u015f\u0131 \u00f6zel \u015fampuanlar<\/strong> kullan\u0131n. Etkili i\u00e7erikler:<\/p>\n\n\n\n<h3 class=\"wp-block-heading\"><strong>Acvit Kepeklenme Kar\u015f\u0131t\u0131 &amp; Kuruluk ve Sa\u00e7 Kremi Terapisi Bak\u0131m \u015eampuan\u0131 \/ 330 ml\/ Do\u011fal \/ Un\u0131sex \u015eampuan\u0131 sa\u00e7 derisine masaj yaparak uygulay\u0131p 2-3 dakika bekletin, sonra durulay\u0131n.<\/strong><\/h3>\n\n\n\n<p><strong>2. Sa\u00e7 Y\u0131kama S\u0131kl\u0131\u011f\u0131na Dikkat<\/strong><\/p>\n\n\n\n<p>Ya\u011fl\u0131 kepek varsa sa\u00e7\u0131n\u0131z\u0131 daha s\u0131k (2 g\u00fcnde bir) y\u0131kay\u0131n.<\/p>\n\n\n\n<p>Kuru kepek varsa a\u015f\u0131r\u0131 y\u0131kamaktan ka\u00e7\u0131n\u0131n; sa\u00e7 derinizi nemlendirin.<\/p>\n\n\n\n<p><strong>3. Stresten Uzak Durmak<\/strong><\/p>\n\n\n\n<p>Yoga, spor, d\u00fczenli uyku gibi stres azalt\u0131c\u0131 al\u0131\u015fkanl\u0131klar ba\u011f\u0131\u015f\u0131kl\u0131\u011f\u0131 g\u00fc\u00e7lendirir.<\/p>\n\n\n\n<p><strong>4. Sa\u00e7 Derisini Nemlendirme (Kuru Kepek i\u00e7in)<\/strong><\/p>\n\n\n\n<p>Haftada 1 kez hindistancevizi ya\u011f\u0131 veya aloe vera jeli ile sa\u00e7 derisine masaj yap\u0131n.<\/p>\n\n\n\n<p><strong>5. Do\u011fal \u00c7\u00f6z\u00fcmler (Destekleyici)<\/strong><\/p>\n\n\n\n<p><strong>Elma sirkesi (seyreltilmi\u015f)<\/strong>: Antibakteriyel etkisiyle sa\u00e7 derisindeki mantar\u0131 azaltabilir.<\/p>\n\n\n\n<p><strong>\u00c7ay a\u011fac\u0131 ya\u011f\u0131<\/strong>: \u015eampuan\u0131n\u0131za birka\u00e7 damla ekleyebilirsiniz.<\/p>\n\n\n\n<p><strong>Aloe vera<\/strong>: Ka\u015f\u0131nt\u0131 ve iltihaplanmay\u0131 azalt\u0131r.<\/p>\n\n\n\n<p><strong>Ne Zaman Doktora Gidilmeli?<\/strong><\/p>\n\n\n\n<p>Kepeklenme \u015fiddetliyse, sa\u00e7 d\u00f6k\u00fclmesiyle birlikteyse, iltihap veya kanama varsa dermatolo\u011fa ba\u015fvurman\u0131z gerekir. Seboreik dermatit, mantar enfeksiyonlar\u0131 veya sedef hastal\u0131\u011f\u0131 gibi durumlar da olabilir.<\/p>\n\n\n\n<p><strong>Kad\u0131nlarda Sa\u00e7larda Ya\u011flanma nas\u0131l olu\u015fur? \u00c7\u00f6z\u00fcm yollar\u0131 nelerdir?<\/strong><\/p>\n\n\n\n<p>Kad\u0131nlarda <strong>sa\u00e7lar\u0131n ya\u011flanmas\u0131<\/strong>, sa\u00e7 derisinin fazla <strong>sebum (ya\u011f)<\/strong> \u00fcretmesiyle olu\u015fur. Bu durum sa\u00e7\u0131n k\u0131sa s\u00fcrede kirli ve s\u00f6n\u00fck g\u00f6r\u00fcnmesine neden olur. Do\u011fal bir s\u00fcre\u00e7 olsa da a\u015f\u0131r\u0131 ya\u011flanma hem estetik hem de sa\u00e7 sa\u011fl\u0131\u011f\u0131 a\u00e7\u0131s\u0131ndan sorun yaratabilir.<\/p>\n\n\n\n<p><strong>Kad\u0131nlarda Sa\u00e7 Ya\u011flanmas\u0131 Neden Olur?<\/strong><\/p>\n\n\n\n<p><strong>1. A\u015f\u0131r\u0131 Sebum \u00dcretimi<\/strong><\/p>\n\n\n\n<p>Sa\u00e7 derisindeki <strong>ya\u011f bezleri<\/strong>, genetik, hormonlar veya \u00e7evresel fakt\u00f6rlerle fazla sebum salg\u0131lar.<\/p>\n\n\n\n<p><strong>2. Hormonal De\u011fi\u015fiklikler<\/strong><\/p>\n\n\n\n<p><strong>Ergenlik, regl d\u00f6nemi, hamilelik, do\u011fum kontrol haplar\u0131<\/strong> gibi hormonal dalgalanmalar ya\u011f \u00fcretimini art\u0131rabilir.<\/p>\n\n\n\n<p><strong>3. S\u0131k Sa\u00e7 Y\u0131kama<\/strong><\/p>\n\n\n\n<p>Her g\u00fcn sa\u00e7 y\u0131kamak, sa\u00e7 derisini kurutarak ya\u011f bezlerinin telafi i\u00e7in <strong>daha fazla ya\u011f \u00fcretmesine<\/strong> yol a\u00e7ar.<\/p>\n\n\n\n<p><strong>4. Yanl\u0131\u015f \u015eampuan Kullan\u0131m\u0131<\/strong><\/p>\n\n\n\n<p>A\u011f\u0131r, silikonlu ya da sa\u00e7 tipine uygun olmayan \u00fcr\u00fcnler sa\u00e7 derisinde ya\u011f birikmesine neden olabilir.<\/p>\n\n\n\n<p><strong>5. Sa\u00e7lara S\u00fcrekli Dokunmak veya Tarakla Oynamak<\/strong><\/p>\n\n\n\n<p>Ellerdeki ya\u011f ve kir sa\u00e7lara ge\u00e7er. S\u00fcrekli taramak da ya\u011f\u0131n sa\u00e7 boyunca yay\u0131lmas\u0131n\u0131 h\u0131zland\u0131r\u0131r.<\/p>\n\n\n\n<p><strong>6. Beslenme ve Stres<\/strong><\/p>\n\n\n\n<p><strong>Ya\u011fl\u0131 yiyecekler<\/strong>, \u015fekerli g\u0131dalar ve <strong>y\u00fcksek stres<\/strong>, sebum \u00fcretimini art\u0131rabilir.<\/p>\n\n\n\n<p><strong>Kad\u0131nlar\u0131n Ya\u011fl\u0131 Sa\u00e7lar\u0131na \u00c7\u00f6z\u00fcm Yollar\u0131 Nelerdir?<\/strong><\/p>\n\n\n\n<p><strong>1. Do\u011fru \u015eampuan Se\u00e7imi<\/strong><\/p>\n\n\n\n<p><strong>S\u00fclfatl\u0131 ama nazik \u015fampuanlar<\/strong> fazla ya\u011f\u0131 temizlemede etkilidir.<\/p>\n\n\n\n<p>&#8220;Ya\u011fl\u0131 sa\u00e7lar i\u00e7in&#8221; olan \u00fcr\u00fcnleri tercih edin.<\/p>\n\n\n\n<p>\u0130\u00e7erik olarak: <strong>\u00e7ay a\u011fac\u0131 ya\u011f\u0131<\/strong>, <strong>nane<\/strong>, <strong>\u00e7inko<\/strong>, <strong>kil<\/strong> i\u00e7eren \u015fampuanlar sebumu dengeler.<\/p>\n\n\n\n<p><strong>2. Y\u0131kama S\u0131kl\u0131\u011f\u0131na Dikkat<\/strong><\/p>\n\n\n\n<p>Her g\u00fcn y\u0131kamak yerine 2 g\u00fcnde bir y\u0131kamaya \u00e7al\u0131\u015f\u0131n. Sa\u00e7 derinizin do\u011fal dengesini koruyun.<\/p>\n\n\n\n<p>Sa\u00e7 kremi sadece u\u00e7lara uygulanmal\u0131, sa\u00e7 derisine s\u00fcr\u00fclmemelidir.<\/p>\n\n\n\n<p><strong>3. Kuru \u015eampuan Kullan\u0131m\u0131 (Ge\u00e7ici \u00c7\u00f6z\u00fcm)<\/strong><\/p>\n\n\n\n<p>Sa\u00e7lar \u00e7ok h\u0131zl\u0131 ya\u011flan\u0131yorsa kuru \u015fampuan kullanarak aradaki g\u00fcn\u00fc kurtarabilirsiniz. Ancak bu kal\u0131c\u0131 \u00e7\u00f6z\u00fcm de\u011fildir.<\/p>\n\n\n\n<p><strong>4. Elleri ve Tara\u011f\u0131 Azalt<\/strong><\/p>\n\n\n\n<p>Sa\u00e7lara s\u0131k s\u0131k dokunmak, taramak ya da d\u00fczle\u015ftirmek ya\u011f\u0131 sa\u00e7 tellerine yayar. G\u00fcnde 1-2 kez taramak yeterlidir.<\/p>\n\n\n\n<p><strong>5. Do\u011fal Maskeler (Haftal\u0131k Uygulama)<\/strong><\/p>\n\n\n\n<p><strong>Kil maskesi (ye\u015fil veya beyaz kil)<\/strong>: Sa\u00e7 derisindeki fazla ya\u011f\u0131 emer.<\/p>\n\n\n\n<p><strong>Elma sirkesi durulamas\u0131<\/strong>: 1 yemek ka\u015f\u0131\u011f\u0131 sirkeyi 1 bardak suyla kar\u0131\u015ft\u0131r\u0131p y\u0131kama sonras\u0131 uygulayabilirsiniz. Sa\u00e7 derisinin pH dengesini d\u00fczenler.<\/p>\n\n\n\n<p><strong>6. Beslenmeye Dikkat<\/strong><\/p>\n\n\n\n<p>Omega-3, \u00e7inko ve B vitaminleri a\u00e7\u0131s\u0131ndan zengin bir diyet, sebum \u00fcretimini dengeleyebilir.<\/p>\n\n\n\n<p>A\u015f\u0131r\u0131 ya\u011fl\u0131, i\u015flenmi\u015f g\u0131dalardan uzak durulmal\u0131.<\/p>\n\n\n\n<p><strong>Not:<\/strong><\/p>\n\n\n\n<p>Ya\u011fl\u0131 sa\u00e7larla birlikte kepek, d\u00f6k\u00fclme veya ka\u015f\u0131nt\u0131 gibi sorunlar da varsa <strong>seboreik dermatit<\/strong> veya ba\u015fka cilt rahats\u0131zl\u0131klar\u0131 olabilir. Bu durumda dermatolog deste\u011fi gerekir.<\/p>\n\n\n\n<p>\u0130stersen sa\u00e7 tipine ve y\u0131kama al\u0131\u015fkanl\u0131klar\u0131na g\u00f6re uygun bir \u015fampuan ya da bak\u0131m rutini \u00f6nerebilirim. Sa\u00e7lar\u0131n\u0131 ne s\u0131kl\u0131kla y\u0131k\u0131yorsun ve ya\u011flanma genelde ertesi g\u00fcn m\u00fc ba\u015fl\u0131yor?<\/p>\n\n\n\n<p><strong>Kad\u0131nlarda Sa\u00e7larda Kuruluk Nas\u0131l Olu\u015fur? \u00c7\u00f6z\u00fcm Yollar\u0131 Nelerdir?<\/strong><\/p>\n\n\n\n<p>Kad\u0131nlarda <strong>sa\u00e7 kurulu\u011fu<\/strong>, sa\u00e7 tellerinin nemini kaybetmesi sonucu mat, sert ve k\u0131r\u0131lgan hale gelmesidir. Kuruyan sa\u00e7lar daha zor \u015fekil al\u0131r, elektriklenir ve kolay k\u0131r\u0131l\u0131r. Sa\u00e7 kurulu\u011fu hem sa\u00e7\u0131n yap\u0131sal \u00f6zelliklerinden hem de d\u0131\u015f etkenlerden kaynaklanabilir.<\/p>\n\n\n\n<p><strong>Kad\u0131nlarda Sa\u00e7 Kurulu\u011fu Neden Olu\u015fur?<\/strong><\/p>\n\n\n\n<p><strong>1. Nem Eksikli\u011fi<\/strong><\/p>\n\n\n\n<ul class=\"wp-block-list\">\n<li>Sa\u00e7 yeterli nemi tutamazsa kurur. Bu, \u00f6zellikle <strong>k\u0131v\u0131rc\u0131k ve ince telli sa\u00e7larda<\/strong> yayg\u0131nd\u0131r.<\/li>\n<\/ul>\n\n\n\n<p><strong>2. A\u015f\u0131r\u0131 Is\u0131 Kullan\u0131m\u0131<\/strong><\/p>\n\n\n\n<ul class=\"wp-block-list\">\n<li><strong>F\u00f6n, d\u00fczle\u015ftirici, ma\u015fa<\/strong> gibi y\u00fcksek \u0131s\u0131 ara\u00e7lar\u0131 sa\u00e7taki do\u011fal ya\u011flar\u0131 yok eder.<\/li>\n<\/ul>\n\n\n\n<p><strong>3. Kimyasal \u0130\u015flemler<\/strong><\/p>\n\n\n\n<ul class=\"wp-block-list\">\n<li><strong>Boya, a\u00e7\u0131c\u0131, perma<\/strong> gibi i\u015flemler sa\u00e7\u0131n do\u011fal yap\u0131s\u0131n\u0131 bozar, kurulu\u011fa neden olur.<\/li>\n<\/ul>\n\n\n\n<p><strong>4. Yanl\u0131\u015f veya Sert \u015eampuanlar<\/strong><\/p>\n\n\n\n<ul class=\"wp-block-list\">\n<li><strong>S\u00fclfatl\u0131 \u015fampuanlar<\/strong>, sa\u00e7taki do\u011fal ya\u011f\u0131 tamamen alabilir.<\/li>\n\n\n\n<li>S\u0131k sa\u00e7 y\u0131kamak da sa\u00e7 derisini kurutur.<\/li>\n<\/ul>\n\n\n\n<p><strong>5. G\u00fcne\u015f, R\u00fczg\u00e2r ve So\u011fuk Hava<\/strong><\/p>\n\n\n\n<ul class=\"wp-block-list\">\n<li><strong>UV \u0131\u015f\u0131nlar\u0131<\/strong>, kuru hava ve so\u011fuk r\u00fczgarlar sa\u00e7\u0131n nemini azalt\u0131r.<\/li>\n<\/ul>\n\n\n\n<p><strong>6. Yetersiz Beslenme<\/strong><\/p>\n\n\n\n<ul class=\"wp-block-list\">\n<li><strong>Protein, omega-3 ya\u011f asitleri, B ve E vitaminleri<\/strong> eksikli\u011fi sa\u00e7 sa\u011fl\u0131\u011f\u0131n\u0131 olumsuz etkiler.<\/li>\n<\/ul>\n\n\n\n<p><strong>Kad\u0131nlarda Sa\u00e7 Kurulu\u011funa Kar\u015f\u0131 \u00c7\u00f6z\u00fcm Yollar\u0131<\/strong><\/p>\n\n\n\n<p><strong>1. Nemlendirici \u015eampuan ve Sa\u00e7 Kremleri Kullan\u0131n<\/strong><\/p>\n\n\n\n<ul class=\"wp-block-list\">\n<li><strong>S\u00fclfats\u0131z, nemlendirici i\u00e7erikli \u015fampuanlar<\/strong> (argan ya\u011f\u0131, keratin, aloe vera i\u00e7erenler) tercih edilmeli.<\/li>\n\n\n\n<li>Her y\u0131kamadan sonra mutlaka sa\u00e7 kremi kullan\u0131n.<\/li>\n<\/ul>\n\n\n\n<p><strong>2. Haftal\u0131k Derinlemesine Maske Uygulay\u0131n<\/strong><\/p>\n\n\n\n<ul class=\"wp-block-list\">\n<li>Nemlendirici ve onar\u0131c\u0131 sa\u00e7 maskeleri kullan\u0131n (haftada 1\u20132 kez).<\/li>\n\n\n\n<li>\u00d6nerilen i\u00e7erikler: <strong>hindistancevizi ya\u011f\u0131<\/strong>, <strong>zeytinya\u011f\u0131<\/strong>, <strong>bal<\/strong>, <strong>keratin<\/strong>, <strong>panthenol<\/strong>.<\/li>\n<\/ul>\n\n\n\n<p><strong>3. Is\u0131dan Uzak Durun veya Koruyun<\/strong><\/p>\n\n\n\n<ul class=\"wp-block-list\">\n<li>Is\u0131 kullan\u0131m\u0131 gerekiyorsa mutlaka <strong>\u0131s\u0131 koruyucu sprey<\/strong> kullan\u0131n.<\/li>\n\n\n\n<li>Sa\u00e7lar\u0131 havayla kurutmak veya d\u00fc\u015f\u00fck \u0131s\u0131da kurutmak idealdir.<\/li>\n<\/ul>\n\n\n\n<p><strong>4. Do\u011fal Ya\u011flarla Bak\u0131m Yap\u0131n<\/strong><\/p>\n\n\n\n<ul class=\"wp-block-list\">\n<li><strong>Hindistancevizi ya\u011f\u0131<\/strong>, <strong>argan ya\u011f\u0131<\/strong>, <strong>zeytinya\u011f\u0131<\/strong> gibi do\u011fal ya\u011flarla haftada 1 bak\u0131m yap\u0131n.<\/li>\n\n\n\n<li>Ya\u011f\u0131 sa\u00e7 u\u00e7lar\u0131na uygulay\u0131p 30 dakika bekletip y\u0131kayabilirsiniz.<\/li>\n<\/ul>\n\n\n\n<p><strong>5. Il\u0131k veya So\u011fuk Su ile Y\u0131kay\u0131n<\/strong><\/p>\n\n\n\n<ul class=\"wp-block-list\">\n<li>\u00c7ok s\u0131cak su sa\u00e7 derisini ve telleri kurutur. Il\u0131k veya so\u011fuk su kullanmak nem kayb\u0131n\u0131 \u00f6nler.<\/li>\n<\/ul>\n\n\n\n<p><strong>6. Sa\u00e7lar\u0131 Nazik\u00e7e Kurutun ve Taray\u0131n<\/strong><\/p>\n\n\n\n<ul class=\"wp-block-list\">\n<li>Sa\u00e7\u0131 havluyla agresif \u015fekilde ovalamak yerine nazik\u00e7e s\u0131k\u0131n.<\/li>\n\n\n\n<li>Geni\u015f di\u015fli tarak kullan\u0131n.<\/li>\n<\/ul>\n\n\n\n<p><strong>7. Dengeli Beslenin<\/strong><\/p>\n\n\n\n<ul class=\"wp-block-list\">\n<li>Sa\u00e7 sa\u011fl\u0131\u011f\u0131 i\u00e7in gerekli olan <strong>biotin, \u00e7inko, demir, omega-3<\/strong> gibi besinleri yeterli al\u0131n.<\/li>\n\n\n\n<li>Bol su i\u00e7mek de sa\u00e7\u0131n nem dengesini korur.<\/li>\n<\/ul>\n\n\n\n<p><strong>Evde Do\u011fal Maske \u00d6nerisi (Kuru Sa\u00e7lar \u0130\u00e7in)<\/strong><\/p>\n\n\n\n<p><strong>Malzemeler:<\/strong><\/p>\n\n\n\n<ul class=\"wp-block-list\">\n<li>1 yemek ka\u015f\u0131\u011f\u0131 hindistancevizi ya\u011f\u0131<\/li>\n\n\n\n<li>1 yemek ka\u015f\u0131\u011f\u0131 bal<\/li>\n\n\n\n<li>1 adet yumurta sar\u0131s\u0131<\/li>\n<\/ul>\n\n\n\n<p><strong>Nas\u0131l uygulan\u0131r:<\/strong><br>T\u00fcm malzemeleri kar\u0131\u015ft\u0131r\u0131p sa\u00e7\u0131n\u0131za uygulay\u0131n. Stre\u00e7 filmle sar\u0131p 30-45 dakika bekletin, sonra y\u0131kay\u0131n. Haftada 1 uygulayabilirsiniz.<\/p>\n\n\n\n<p><strong>Kad\u0131nlar\u0131n Sa\u00e7lar\u0131nda Elektriklenme(Frizz) Nas\u0131l Olu\u015fur? \u00c7\u00f6z\u00fcm Yollar\u0131 Nelerdir?<\/strong><strong><\/strong><\/p>\n\n\n\n<p>Kad\u0131nlarda <strong>sa\u00e7larda elektriklenme (frizz)<\/strong>, sa\u00e7 tellerinin nem eksikli\u011fi ve d\u0131\u015f etkenlere kar\u015f\u0131 savunmas\u0131z hale gelmesiyle olu\u015fur. Bu durum sa\u00e7\u0131n da\u011f\u0131n\u0131k, kabar\u0131k ve kontrols\u00fcz g\u00f6r\u00fcnmesine neden olur. \u00d6zellikle dalgal\u0131 ve k\u0131v\u0131rc\u0131k sa\u00e7 tiplerinde daha yayg\u0131nd\u0131r.<\/p>\n\n\n\n<p><strong>\u26a1 Kad\u0131nlarda Sa\u00e7larda Elektriklenme (Frizz) Nas\u0131l Olu\u015fur?<\/strong><\/p>\n\n\n\n<p><strong>1. Nem Eksikli\u011fi<\/strong><\/p>\n\n\n\n<ul class=\"wp-block-list\">\n<li>Sa\u00e7 kuruysa, havadaki nemi emmeye \u00e7al\u0131\u015f\u0131r. Bu da sa\u00e7 tellerinin \u015fi\u015fmesine ve kabarmas\u0131na neden olur.<\/li>\n<\/ul>\n\n\n\n<p><strong>2. Y\u00fcksek Nemli Ortamlar<\/strong><\/p>\n\n\n\n<ul class=\"wp-block-list\">\n<li>Nemli havalarda sa\u00e7 telleri \u00e7evreden fazla nem \u00e7eker ve kabar\u0131r.<\/li>\n<\/ul>\n\n\n\n<p><strong>3. Hasarl\u0131 Sa\u00e7 Y\u00fczeyi<\/strong><\/p>\n\n\n\n<ul class=\"wp-block-list\">\n<li>Sa\u00e7\u0131n d\u0131\u015f koruyucu tabakas\u0131 (k\u00fctik\u00fcl) hasar g\u00f6rd\u00fc\u011f\u00fcnde sa\u00e7 telleri d\u0131\u015f etkenlere kar\u015f\u0131 savunmas\u0131z kal\u0131r ve elektriklenir.<\/li>\n<\/ul>\n\n\n\n<p><strong>4. Yanl\u0131\u015f \u015eampuan ve \u00dcr\u00fcn Kullan\u0131m\u0131<\/strong><\/p>\n\n\n\n<ul class=\"wp-block-list\">\n<li>S\u00fclfat i\u00e7eren sert \u015fampuanlar sa\u00e7\u0131 kurutur ve frizz&#8217;e neden olur.<\/li>\n<\/ul>\n\n\n\n<p><strong>5. Is\u0131 ile \u015eekillendirme<\/strong><\/p>\n\n\n\n<ul class=\"wp-block-list\">\n<li>D\u00fczle\u015ftirici, ma\u015fa, f\u00f6n gibi \u0131s\u0131 kaynaklar\u0131 sa\u00e7\u0131n nem dengesini bozarak elektriklenmeyi art\u0131r\u0131r.<\/li>\n<\/ul>\n\n\n\n<p><strong>6. Fazla Tarama veya Yanl\u0131\u015f Tarak<\/strong><\/p>\n\n\n\n<ul class=\"wp-block-list\">\n<li>\u00d6zellikle kuru sa\u00e7lar\u0131 s\u0131k ve sert taramak sa\u00e7 tellerini havaland\u0131r\u0131r ve frizz\u2019e neden olur.<\/li>\n<\/ul>\n\n\n\n<p><strong>7. Pamuklu Yast\u0131k K\u0131l\u0131f\u0131<\/strong><\/p>\n\n\n\n<ul class=\"wp-block-list\">\n<li>Gece sa\u00e7\u0131n pamukla s\u00fcrt\u00fcnmesi sa\u00e7 tellerini kabartabilir.<\/li>\n<\/ul>\n\n\n\n<p><strong>Kad\u0131nlarda Sa\u00e7 Elektriklenmesine Kar\u015f\u0131 Etkili \u00c7\u00f6z\u00fcm Yollar\u0131<\/strong><\/p>\n\n\n\n<p><strong>1. Nemlendirici ve Frizz \u00d6nleyici \u00dcr\u00fcnler Kullan\u0131n<\/strong><\/p>\n\n\n\n<ul class=\"wp-block-list\">\n<li><strong>S\u00fclfats\u0131z \u015fampuan<\/strong> ve <strong>yo\u011fun nemlendirici sa\u00e7 kremi<\/strong> kullan\u0131n.<\/li>\n\n\n\n<li>\u201cAnti-frizz\u201d \u00f6zellikli serumlar, kremler ve durulanmayan sa\u00e7 bak\u0131m \u00fcr\u00fcnleri tercih edin (\u00f6rnek i\u00e7erikler: argan ya\u011f\u0131, shea ya\u011f\u0131, gliserin).<\/li>\n<\/ul>\n\n\n\n<p><strong>2. Sa\u00e7\u0131 Do\u011fru \u015eekilde Kurutun<\/strong><\/p>\n\n\n\n<ul class=\"wp-block-list\">\n<li>Sa\u00e7lar\u0131 havluyla ovalamak yerine <strong>mikrofiber havlu<\/strong> ya da eski bir ti\u015f\u00f6rtle nazik\u00e7e kurulay\u0131n.<\/li>\n\n\n\n<li>F\u00f6n makinesinin <strong>iyonik<\/strong> \u00f6zelli\u011fe sahip olanlar\u0131 elektriklenmeyi azalt\u0131r.<\/li>\n<\/ul>\n\n\n\n<p><strong>3. Is\u0131 Koruyucu \u00dcr\u00fcn Kullan\u0131n<\/strong><\/p>\n\n\n\n<ul class=\"wp-block-list\">\n<li>Is\u0131 ile \u015fekillendirme yaparken sa\u00e7\u0131n zarar g\u00f6rmesini \u00f6nlemek i\u00e7in <strong>\u0131s\u0131 koruyucu sprey<\/strong> kullan\u0131n.<\/li>\n<\/ul>\n\n\n\n<p><strong>4. Do\u011fal Ya\u011flarla Bak\u0131m<\/strong><\/p>\n\n\n\n<ul class=\"wp-block-list\">\n<li>Argan ya\u011f\u0131, hindistancevizi ya\u011f\u0131 veya jojoba ya\u011f\u0131 gibi hafif do\u011fal ya\u011flar sa\u00e7 u\u00e7lar\u0131n\u0131 yat\u0131\u015ft\u0131r\u0131r ve frizz\u2019i azalt\u0131r.<\/li>\n<\/ul>\n\n\n\n<p><strong>5. Gece Sa\u00e7 Korumas\u0131<\/strong><\/p>\n\n\n\n<ul class=\"wp-block-list\">\n<li><strong>\u0130pek veya saten yast\u0131k k\u0131l\u0131f\u0131<\/strong> kullanmak s\u00fcrt\u00fcnmeyi azalt\u0131r.<\/li>\n\n\n\n<li>Uzun sa\u00e7lar i\u00e7in gev\u015fek \u00f6rg\u00fc ya da topuz yapmak da elektriklenmeyi azalt\u0131r.<\/li>\n<\/ul>\n\n\n\n<p><strong>6. Anti-Frizz Sprey veya Serumlar<\/strong><\/p>\n\n\n\n<ul class=\"wp-block-list\">\n<li>G\u00fcnl\u00fck kullan\u0131m i\u00e7in geli\u015ftirilen silikon bazl\u0131 serumlar sa\u00e7\u0131n d\u0131\u015f y\u00fczeyini kaplayarak nemin i\u00e7eri s\u0131zmas\u0131n\u0131 ve kabarmay\u0131 engeller.<\/li>\n<\/ul>\n\n\n\n<p><strong>Do\u011fal Maske \u00d6nerisi (Elektriklenmeye Kar\u015f\u0131)<\/strong><\/p>\n\n\n\n<p><strong>Malzemeler:<\/strong><\/p>\n\n\n\n<ul class=\"wp-block-list\">\n<li>1 yemek ka\u015f\u0131\u011f\u0131 bal<\/li>\n\n\n\n<li>1 yemek ka\u015f\u0131\u011f\u0131 zeytinya\u011f\u0131<\/li>\n\n\n\n<li>1 \u00e7ay ka\u015f\u0131\u011f\u0131 hindistancevizi ya\u011f\u0131<\/li>\n<\/ul>\n\n\n\n<p><strong>Uygulama:<\/strong><br>Kar\u0131\u015f\u0131m\u0131 sa\u00e7 u\u00e7lar\u0131na ve boylar\u0131na s\u00fcr\u00fcn, 30 dakika bekletin ve y\u0131kay\u0131n. Haftada 1 uygulayabilirsiniz.<\/p>\n\n\n\n<p><strong>Kad\u0131nlar\u0131n Sa\u00e7 Derisi Ka\u015f\u0131nt\u0131s\u0131 Nas\u0131l Olu\u015fur? \u00c7\u00f6z\u00fcm Yollar\u0131 Nelerdir?<\/strong><\/p>\n\n\n\n<p>Kad\u0131nlarda <strong>sa\u00e7 derisi ka\u015f\u0131nt\u0131s\u0131<\/strong>, \u00e7ok yayg\u0131n ama rahats\u0131z edici bir durumdur. Ka\u015f\u0131nt\u0131, bazen basit bir kuruluk belirtisi olabilirken bazen de altta yatan bir cilt hastal\u0131\u011f\u0131n\u0131n g\u00f6stergesi olabilir. Erken m\u00fcdahale edilmezse kepek, d\u00f6k\u00fclme ya da sa\u00e7 derisinde tahri\u015f gibi daha ciddi sorunlara d\u00f6n\u00fc\u015febilir.<\/p>\n\n\n\n<p><strong>Kad\u0131nlarda Sa\u00e7 Derisi Ka\u015f\u0131nt\u0131s\u0131 Neden Olur?<\/strong><\/p>\n\n\n\n<p><strong>1. Kepek ve Seboreik Dermatit<\/strong><\/p>\n\n\n\n<ul class=\"wp-block-list\">\n<li><strong>Kepek<\/strong>, sa\u00e7 derisinin pullanmas\u0131yla birlikte ka\u015f\u0131nt\u0131ya neden olur.<\/li>\n\n\n\n<li><strong>Seboreik dermatit<\/strong>, \u00f6zellikle ya\u011fl\u0131 sa\u00e7 derilerinde k\u0131zar\u0131kl\u0131k, ya\u011fl\u0131 kepek ve \u015fiddetli ka\u015f\u0131nt\u0131yla kendini g\u00f6sterir.<\/li>\n<\/ul>\n\n\n\n<p><strong>2. Kuru Sa\u00e7 Derisi<\/strong><\/p>\n\n\n\n<ul class=\"wp-block-list\">\n<li>Sert \u015fampuanlar, s\u0131k y\u0131kama, so\u011fuk hava gibi etkenlerle sa\u00e7 derisi nemini kaybeder, bu da ka\u015f\u0131nt\u0131ya neden olur.<\/li>\n<\/ul>\n\n\n\n<p><strong>3. Alerjik Reaksiyonlar<\/strong><\/p>\n\n\n\n<ul class=\"wp-block-list\">\n<li>Sa\u00e7 boyalar\u0131, \u015fampuanlar, sa\u00e7 kremleri ya da \u015fekillendirici \u00fcr\u00fcnlerdeki kimyasallar (\u00f6zellikle <strong>paraben, s\u00fclfat, PPD<\/strong>) alerjiye neden olabilir.<\/li>\n<\/ul>\n\n\n\n<p><strong>4. Mantar ve Mikrobiyal Enfeksiyonlar<\/strong><\/p>\n\n\n\n<ul class=\"wp-block-list\">\n<li><strong>Malassezia<\/strong> mantar\u0131 sa\u00e7 derisinde \u00e7o\u011fald\u0131\u011f\u0131nda ka\u015f\u0131nt\u0131 ve kepeklenmeye neden olur.<\/li>\n\n\n\n<li>Nadiren sa\u00e7k\u0131ran (tinea capitis) gibi mantar hastal\u0131klar\u0131 da ka\u015f\u0131nt\u0131 yapar.<\/li>\n<\/ul>\n\n\n\n<p><strong>5. Sedef Hastal\u0131\u011f\u0131 veya Egzama<\/strong><\/p>\n\n\n\n<ul class=\"wp-block-list\">\n<li>Bu cilt hastal\u0131klar\u0131 sa\u00e7l\u0131 deride <strong>k\u0131zar\u0131kl\u0131k, pullanma ve yo\u011fun ka\u015f\u0131nt\u0131<\/strong> ile kendini g\u00f6sterebilir.<\/li>\n<\/ul>\n\n\n\n<p><strong>6. Bit veya Parazitler<\/strong><\/p>\n\n\n\n<ul class=\"wp-block-list\">\n<li>Nadiren de olsa, ba\u015f biti sa\u00e7 diplerinde yo\u011fun ka\u015f\u0131nt\u0131ya sebep olur.<\/li>\n<\/ul>\n\n\n\n<p><strong>7. Stres<\/strong><\/p>\n\n\n\n<ul class=\"wp-block-list\">\n<li>Stres, ka\u015f\u0131nt\u0131 alg\u0131s\u0131n\u0131 art\u0131rabilir ve baz\u0131 cilt hastal\u0131klar\u0131n\u0131 tetikleyebilir.<\/li>\n<\/ul>\n\n\n\n<p><strong>Kad\u0131nlarda Sa\u00e7 Derisi Ka\u015f\u0131nt\u0131s\u0131na Kar\u015f\u0131 \u00c7\u00f6z\u00fcm Yollar\u0131<\/strong><\/p>\n\n\n\n<p><strong>1. Do\u011fru \u015eampuan Se\u00e7imi<\/strong><\/p>\n\n\n\n<p>Ka\u015f\u0131nt\u0131n\u0131n kayna\u011f\u0131na g\u00f6re \u015fampuan se\u00e7ilmelidir:<\/p>\n\n\n\n<p><strong>Kepek varsa<\/strong>: \u00c7inko pirition, ketokonazol, selenyum s\u00fclf\u00fcr i\u00e7eren \u015fampuanlar.<\/p>\n\n\n\n<p><strong>Kuru deriyse<\/strong>: Nemlendirici, s\u00fclfats\u0131z \u015fampuanlar (aloe vera, hindistancevizi ya\u011f\u0131 i\u00e7erenler).<\/p>\n\n\n\n<p><strong>Alerji \u015f\u00fcphesi varsa<\/strong>: Parf\u00fcms\u00fcz, hipoalerjenik \u015fampuanlar.<\/p>\n\n\n\n<p><strong>2. Sa\u00e7 Derisini Nemlendirin<\/strong><\/p>\n\n\n\n<p>Do\u011fal ya\u011flarla (\u00f6rne\u011fin <strong>jojoba ya\u011f\u0131, aloe vera jeli, hindistancevizi ya\u011f\u0131<\/strong>) sa\u00e7 derisine masaj yapmak kurulu\u011fu ve ka\u015f\u0131nt\u0131y\u0131 azalt\u0131r.<\/p>\n\n\n\n<p><strong>3. Sa\u00e7 Boyas\u0131na ve Kimyasallara Dikkat<\/strong><\/p>\n\n\n\n<p>Yeni bir sa\u00e7 \u00fcr\u00fcn\u00fc kullanmaya ba\u015flad\u0131ktan sonra ka\u015f\u0131nt\u0131 ba\u015flad\u0131ysa, i\u00e7eri\u011fini kontrol edin ve kullanmay\u0131 b\u0131rak\u0131n.<\/p>\n\n\n\n<p>Amonyak veya PPD i\u00e7eren boyalardan uzak durulmal\u0131.<\/p>\n\n\n\n<p><strong>4. Bit Kontrol\u00fc Yap\u0131n<\/strong><\/p>\n\n\n\n<p>E\u011fer ka\u015f\u0131nt\u0131 \u00f6zellikle ense ve kulak arkalar\u0131nda yo\u011funla\u015fm\u0131\u015fsa, bit tara\u011f\u0131 ile kontrol etmek gerekir.<\/p>\n\n\n\n<p><strong>5. Sa\u00e7 Derisi Temizli\u011fi<\/strong><\/p>\n\n\n\n<p>Haftada 1 kez sa\u00e7 derisini \u00f6l\u00fc derilerden ar\u0131nd\u0131rmak i\u00e7in <strong>do\u011fal peeling<\/strong> (\u00f6rne\u011fin \u015feker + zeytinya\u011f\u0131 kar\u0131\u015f\u0131m\u0131) yap\u0131labilir.<\/p>\n\n\n\n<p><strong>6. Stresi Azalt\u0131n<\/strong><\/p>\n\n\n\n<p>Yoga, uyku d\u00fczeni ve sa\u011fl\u0131kl\u0131 beslenme ka\u015f\u0131nt\u0131y\u0131 azaltmaya yard\u0131mc\u0131 olur.<\/p>\n\n\n\n<p><strong>Do\u011fal Maske \u00d6nerisi (Ka\u015f\u0131nt\u0131l\u0131 Sa\u00e7 Derisi i\u00e7in)<\/strong><\/p>\n\n\n\n<p><strong>Malzemeler:<\/strong><\/p>\n\n\n\n<ul class=\"wp-block-list\">\n<li>2 yemek ka\u015f\u0131\u011f\u0131 aloe vera jeli<\/li>\n\n\n\n<li>1 yemek ka\u015f\u0131\u011f\u0131 hindistancevizi ya\u011f\u0131<\/li>\n\n\n\n<li>5 damla \u00e7ay a\u011fac\u0131 ya\u011f\u0131<\/li>\n<\/ul>\n\n\n\n<p><strong>Uygulama:<\/strong><br>Kar\u0131\u015f\u0131m\u0131 sa\u00e7 derinize masajla uygulay\u0131p 30 dakika bekletin, sonra s\u00fclfats\u0131z \u015fampuanla y\u0131kay\u0131n. Haftada 1 kez uygulanabilir.<\/p>\n\n\n\n<p><strong>Ne Zaman Doktora Gitmeli?<\/strong><\/p>\n\n\n\n<p>Ka\u015f\u0131nt\u0131 \u015fiddetliyse, sa\u00e7 d\u00f6k\u00fclmesiyle birlikteyse, deride k\u0131zar\u0131kl\u0131k, pullanma, yara veya sivilce varsa dermatolo\u011fa ba\u015fvurulmal\u0131d\u0131r.<\/p>\n\n\n\n<p>\u0130stersen sa\u00e7 derin ya\u011fl\u0131 m\u0131, kuru mu diye birlikte de\u011ferlendirebiliriz ve buna g\u00f6re sana uygun \u015fampuan ya da bak\u0131m \u00f6nerisinde bulunabilirim. Ka\u015f\u0131nt\u0131 genelde ne zaman art\u0131yor? (\u00d6rne\u011fin y\u0131kamadan sonra m\u0131, terledi\u011finde mi?)<\/p>\n\n\n\n<p><strong>Kad\u0131nlar\u0131n D\u00fczensiz Sa\u00e7 Uzamas\u0131 Neden Olur? \u00c7\u00f6z\u00fcm Yollar\u0131 Var m\u0131d\u0131r?<\/strong><br>Kad\u0131nlarda <strong>d\u00fczensiz sa\u00e7 uzamas\u0131<\/strong>, sa\u00e7lar\u0131n farkl\u0131 h\u0131zlarla uzamas\u0131 veya baz\u0131 b\u00f6lgelerde duraklama ya\u015fanmas\u0131 gibi durumlarla kendini g\u00f6sterir. Bu t\u00fcr bir durum, genellikle sa\u00e7 d\u00f6ng\u00fcs\u00fcndeki dengesizliklerden veya d\u0131\u015f etkenlerden kaynaklanabilir. Her kad\u0131n\u0131n sa\u00e7 uzama h\u0131z\u0131 farkl\u0131 olsa da, sa\u011fl\u0131kl\u0131 bir sa\u00e7 uzamas\u0131 i\u00e7in do\u011fru bak\u0131m ve al\u0131\u015fkanl\u0131klar \u00f6nemlidir.<\/p>\n\n\n\n<p><strong>Kad\u0131nlarda D\u00fczensiz Sa\u00e7 Uzamas\u0131 Neden Olur?<\/strong><\/p>\n\n\n\n<p><strong>1. Genetik Fakt\u00f6rler<\/strong><\/p>\n\n\n\n<ul class=\"wp-block-list\">\n<li>Sa\u00e7 uzama h\u0131z\u0131 ve \u015fekli, b\u00fcy\u00fck \u00f6l\u00e7\u00fcde <strong>genetik<\/strong> fakt\u00f6rlere ba\u011fl\u0131d\u0131r. Aile \u00fcyelerindeki sa\u00e7 yap\u0131s\u0131 ve uzama h\u0131z\u0131, sizin sa\u00e7 yap\u0131n\u0131z\u0131 da etkileyebilir.<\/li>\n<\/ul>\n\n\n\n<p><strong>2. Hormonal Dengesizlikler<\/strong><\/p>\n\n\n\n<ul class=\"wp-block-list\">\n<li><strong>Tiroid sorunlar\u0131, do\u011fum kontrol haplar\u0131, hamilelik<\/strong> gibi hormonal de\u011fi\u015fiklikler sa\u00e7 uzamas\u0131n\u0131 yava\u015flatabilir.<\/li>\n\n\n\n<li><strong>Polikistik over sendromu (PCOS)<\/strong> gibi hastal\u0131klar da sa\u00e7 d\u00f6k\u00fclmesine ve d\u00fczensiz uzamaya neden olabilir.<\/li>\n<\/ul>\n\n\n\n<p><strong>3. Yetersiz Beslenme ve Vitamin Eksiklikleri<\/strong><\/p>\n\n\n\n<ul class=\"wp-block-list\">\n<li>Sa\u00e7 sa\u011fl\u0131\u011f\u0131 i\u00e7in gerekli olan <strong>protein, demir, \u00e7inko, B vitaminleri<\/strong> gibi besin \u00f6\u011feleri eksikli\u011fi, sa\u00e7\u0131n d\u00fczg\u00fcn uzamas\u0131n\u0131 engelleyebilir.<\/li>\n\n\n\n<li><strong>Biyotin (Vitamin B7)<\/strong>, <strong>folik asit<\/strong>, <strong>C ve E vitaminleri<\/strong> sa\u00e7 uzamas\u0131n\u0131 destekler.<\/li>\n<\/ul>\n\n\n\n<p><strong>4. Stres ve Depresyon<\/strong><\/p>\n\n\n\n<ul class=\"wp-block-list\">\n<li><strong>A\u015f\u0131r\u0131 stres<\/strong>, sa\u00e7 d\u00f6k\u00fclmesine yol a\u00e7abilir ve uzama h\u0131z\u0131n\u0131 etkileyebilir. Stres, sa\u00e7 d\u00f6ng\u00fcs\u00fcnde telogen evresinin (dinlenme evresi) uzamas\u0131na ve sa\u00e7\u0131n duraklamas\u0131na neden olabilir.<\/li>\n<\/ul>\n\n\n\n<p><strong>5. Sa\u00e7 Derisi Sorunlar\u0131<\/strong><\/p>\n\n\n\n<ul class=\"wp-block-list\">\n<li><strong>Sa\u00e7 derisindeki kuruluk, kepek, iltihaplanma<\/strong> gibi sorunlar sa\u00e7\u0131n sa\u011fl\u0131kl\u0131 bir \u015fekilde uzamas\u0131n\u0131 engeller.<\/li>\n\n\n\n<li><strong>Sa\u00e7 folik\u00fcllerinin t\u0131kanmas\u0131<\/strong> da uzaman\u0131n d\u00fczensiz olmas\u0131na yol a\u00e7abilir.<\/li>\n<\/ul>\n\n\n\n<p><strong>6. Sa\u00e7 \u015eekillendirme ve Kimyasal \u00dcr\u00fcnler<\/strong><\/p>\n\n\n\n<ul class=\"wp-block-list\">\n<li><strong>A\u015f\u0131r\u0131 \u0131s\u0131 kullan\u0131m\u0131 (f\u00f6n, d\u00fczle\u015ftirici, ma\u015fa)<\/strong>, <strong>kimyasal i\u015flemler (sa\u00e7 boyas\u0131, perma)<\/strong> sa\u00e7\u0131 zay\u0131flat\u0131r ve k\u0131r\u0131lmas\u0131na yol a\u00e7arak d\u00fczg\u00fcn uzamay\u0131 engeller.<\/li>\n\n\n\n<li>S\u00fcrekli <strong>sa\u00e7 kesimi, yanl\u0131\u015f \u015fekillendirme<\/strong> gibi etkenler de farkl\u0131 b\u00f6lgelerde uzama dengesizliklerine yol a\u00e7abilir.<\/li>\n<\/ul>\n\n\n\n<p><strong>7. Kan Dola\u015f\u0131m\u0131 ve Sa\u00e7 Folik\u00fclleri<\/strong><\/p>\n\n\n\n<ul class=\"wp-block-list\">\n<li>Yetersiz <strong>kan dola\u015f\u0131m\u0131<\/strong>, sa\u00e7 k\u00f6klerinin yeterince beslenmemesine neden olabilir. Bu da sa\u00e7\u0131 d\u00fczg\u00fcn uzatmay\u0131 zorla\u015ft\u0131r\u0131r.<\/li>\n<\/ul>\n\n\n\n<p><strong>Kad\u0131nlarda D\u00fczensiz Sa\u00e7 Uzamas\u0131na Kar\u015f\u0131 \u00c7\u00f6z\u00fcm Yollar\u0131<\/strong><\/p>\n\n\n\n<p><strong>1. Sa\u00e7 Derisi Bak\u0131m\u0131 ve Uygulamalar<\/strong><\/p>\n\n\n\n<ul class=\"wp-block-list\">\n<li><strong>Sa\u00e7 derisine masaj yapmak<\/strong>, kan dola\u015f\u0131m\u0131n\u0131 art\u0131rarak sa\u00e7 folik\u00fcllerini uyarabilir ve sa\u00e7\u0131n daha sa\u011fl\u0131kl\u0131 uzamas\u0131n\u0131 destekler.<\/li>\n\n\n\n<li>Haftada 1-2 kez <strong>biberiye ya\u011f\u0131, nane ya\u011f\u0131, jojoba ya\u011f\u0131<\/strong> gibi do\u011fal ya\u011flarla masaj yapabilirsiniz.<\/li>\n\n\n\n<li><strong>Sa\u00e7 derisi peelingi<\/strong> de \u00f6l\u00fc deriyi atarak t\u0131kal\u0131 folik\u00fcllerin a\u00e7\u0131lmas\u0131na yard\u0131mc\u0131 olur.<\/li>\n<\/ul>\n\n\n\n<p><strong>2. Sa\u00e7 Maskeleri ve Bak\u0131m \u00dcr\u00fcnleri<\/strong><\/p>\n\n\n\n<ul class=\"wp-block-list\">\n<li><strong>Sa\u00e7 uzat\u0131c\u0131 maskeler<\/strong>, sa\u00e7 k\u00f6klerini g\u00fc\u00e7lendirir ve uzama h\u0131z\u0131n\u0131 art\u0131rabilir. Haftada bir <strong>keratin maskesi<\/strong> veya <strong>biyotin i\u00e7eren maskeler<\/strong> kullanabilirsiniz.<\/li>\n\n\n\n<li>Ayr\u0131ca, <strong>s\u00fclfats\u0131z \u015fampuanlar<\/strong> ve <strong>sa\u00e7 kremi<\/strong> kullanarak sa\u00e7\u0131 besleyin.<\/li>\n<\/ul>\n\n\n\n<p><strong>3. Beslenmeye Dikkat<\/strong><\/p>\n\n\n\n<ul class=\"wp-block-list\">\n<li>Sa\u00e7\u0131n sa\u011fl\u0131kl\u0131 bir \u015fekilde uzamas\u0131 i\u00e7in <strong>protein<\/strong> a\u00e7\u0131s\u0131ndan zengin g\u0131dalar (bal\u0131k, yumurta, tavuk), <strong>\u00e7inko ve demir<\/strong> i\u00e7eren besinler (kabak \u00e7ekirde\u011fi, k\u0131rm\u0131z\u0131 et, \u0131spanak) t\u00fcketin.<\/li>\n\n\n\n<li><strong>Biyotin takviyesi<\/strong> alabilirsiniz. Biyotin, sa\u00e7 uzamas\u0131n\u0131 h\u0131zland\u0131rmak i\u00e7in yayg\u0131n bir takviyedir.<\/li>\n\n\n\n<li><strong>C vitamini<\/strong> ve <strong>E vitamini<\/strong> de sa\u00e7\u0131n g\u00fc\u00e7lenmesine yard\u0131mc\u0131 olur.<\/li>\n<\/ul>\n\n\n\n<p><strong>4. Stresi Azalt\u0131n<\/strong><\/p>\n\n\n\n<ul class=\"wp-block-list\">\n<li><strong>Yoga, meditasyon, y\u00fcr\u00fcy\u00fc\u015f<\/strong> gibi rahatlat\u0131c\u0131 aktivitelerle stres seviyesini kontrol alt\u0131na al\u0131n. Stres, sa\u00e7 d\u00f6k\u00fclmesinin ana nedenlerinden biridir.<\/li>\n\n\n\n<li>D\u00fczenli uyku almak da sa\u00e7 sa\u011fl\u0131\u011f\u0131 i\u00e7in \u00f6nemlidir.<\/li>\n<\/ul>\n\n\n\n<p><strong>5. Sa\u00e7\u0131n Do\u011fal Halini Korumak<\/strong><\/p>\n\n\n\n<ul class=\"wp-block-list\">\n<li>Sa\u00e7\u0131n\u0131z\u0131 <strong>\u0131s\u0131l i\u015flemlerden<\/strong> (d\u00fczle\u015ftirici, ma\u015fa, f\u00f6n) m\u00fcmk\u00fcn oldu\u011funca uzak tutun.<\/li>\n\n\n\n<li>Kimyasal i\u015flemlerden (sa\u00e7 boyas\u0131, perma) ka\u00e7\u0131n\u0131n veya bunlar\u0131 minimumda tutun.<\/li>\n\n\n\n<li>Sa\u00e7 u\u00e7lar\u0131n\u0131 <strong>d\u00fczenli olarak kestirin<\/strong>, \u00e7\u00fcnk\u00fc k\u0131r\u0131k u\u00e7lar sa\u00e7\u0131n sa\u011fl\u0131kl\u0131 uzamas\u0131n\u0131 engeller.<\/li>\n<\/ul>\n\n\n\n<p><strong>6. Sa\u00e7\u0131n Sa\u011fl\u0131\u011f\u0131n\u0131 Desteklemek \u0130\u00e7in Takviyeler<\/strong><\/p>\n\n\n\n<ul class=\"wp-block-list\">\n<li><strong>Biotin<\/strong>, <strong>\u00e7inko<\/strong>, <strong>keratin<\/strong>, <strong>folik asit<\/strong> gibi sa\u00e7 sa\u011fl\u0131\u011f\u0131n\u0131 destekleyen takviyeler, sa\u00e7\u0131n g\u00fc\u00e7l\u00fc ve h\u0131zl\u0131 uzamas\u0131na yard\u0131mc\u0131 olabilir.<\/li>\n\n\n\n<li>Ancak takviye kullanmadan \u00f6nce doktorunuza dan\u0131\u015fman\u0131z \u00f6nemlidir.<\/li>\n<\/ul>\n\n\n\n<p><strong>Evde Uygulayabilece\u011finiz Do\u011fal Maskeler<\/strong><\/p>\n\n\n\n<p><strong>Biyotin Maskesi:<\/strong><\/p>\n\n\n\n<ul class=\"wp-block-list\">\n<li>1 adet yumurta sar\u0131s\u0131<\/li>\n\n\n\n<li>1 yemek ka\u015f\u0131\u011f\u0131 bal<\/li>\n\n\n\n<li>1 yemek ka\u015f\u0131\u011f\u0131 zeytinya\u011f\u0131<\/li>\n\n\n\n<li>1 tatl\u0131 ka\u015f\u0131\u011f\u0131 biberiye ya\u011f\u0131<\/li>\n<\/ul>\n\n\n\n<p><strong>Uygulama:<\/strong><br>T\u00fcm malzemeleri kar\u0131\u015ft\u0131r\u0131n ve sa\u00e7 derisine masaj yaparak uygulay\u0131n. 20-30 dakika bekledikten sonra y\u0131kay\u0131n. Haftada 1-2 kez uygulayabilirsiniz.<\/p>\n\n\n\n<p><strong>Ne Zaman Doktora Ba\u015fvurmal\u0131?<\/strong><\/p>\n\n\n\n<ul class=\"wp-block-list\">\n<li>Sa\u00e7 uzama h\u0131z\u0131ndaki d\u00fczensizlik, aniden ba\u015flad\u0131ysa ve buna <strong>sa\u00e7 d\u00f6k\u00fclmesi<\/strong> e\u015flik ediyorsa, altta yatan sa\u011fl\u0131k sorunlar\u0131n\u0131 ara\u015ft\u0131rmak i\u00e7in bir dermatolog veya endokrinologdan yard\u0131m al\u0131n.<\/li>\n<\/ul>\n\n\n\n<p>Sa\u00e7 uzaman\u0131n d\u00fczensiz oldu\u011funu d\u00fc\u015f\u00fcnd\u00fc\u011f\u00fcn\u00fczde, genellikle do\u011fru bak\u0131m ve sa\u011fl\u0131kl\u0131 ya\u015fam tarz\u0131 ile bu durumu iyile\u015ftirebilirsiniz. Sa\u00e7 tipinizi ve bak\u0131m al\u0131\u015fkanl\u0131klar\u0131n\u0131z\u0131 g\u00f6zden ge\u00e7irebiliriz. Sa\u00e7lar\u0131n\u0131 hangi s\u0131kl\u0131kla y\u0131k\u0131yorsun?<\/p>\n\n\n\n<p><strong>Kad\u0131nlar\u0131n Renk Solmas\u0131 (Boyal\u0131 Sa\u00e7larda) Neden Olur? \u00c7\u00f6z\u00fcm Yollar\u0131 Var m\u0131d\u0131r?<\/strong><\/p>\n\n\n\n<p>Kad\u0131nlarda <strong>boyal\u0131 sa\u00e7larda renk solmas\u0131<\/strong>, boyan\u0131n zamanla canl\u0131l\u0131\u011f\u0131n\u0131 kaybetmesi ve eski parlakl\u0131\u011f\u0131n\u0131 yitirmesi anlam\u0131na gelir. Bu, genellikle birka\u00e7 hafta i\u00e7inde fark edilebilir ve \u00e7o\u011fu kad\u0131n\u0131n kar\u015f\u0131la\u015ft\u0131\u011f\u0131 yayg\u0131n bir sorundur. Sa\u00e7\u0131n renginin solmas\u0131, sadece estetik bir sorun olmakla kalmaz, ayn\u0131 zamanda sa\u00e7\u0131n sa\u011fl\u0131\u011f\u0131n\u0131 da etkileyebilir.<\/p>\n\n\n\n<p><strong>Kad\u0131nlarda Boyal\u0131 Sa\u00e7larda Renk Solmas\u0131n\u0131n Nedenleri<\/strong><\/p>\n\n\n\n<p><strong>1. G\u00fcne\u015f I\u015f\u0131nlar\u0131 ve UV I\u015f\u0131nlar\u0131<\/strong><\/p>\n\n\n\n<ul class=\"wp-block-list\">\n<li><strong>G\u00fcne\u015f \u0131\u015f\u0131nlar\u0131<\/strong>, \u00f6zellikle UV \u0131\u015f\u0131nlar\u0131 sa\u00e7\u0131n renk molek\u00fcllerini par\u00e7alar. Bu da sa\u00e7\u0131n renginin solmas\u0131na neden olur, \u00f6zellikle a\u00e7\u0131k renkli ve platin sar\u0131s\u0131 gibi tonlarda bu etki daha belirgindir.<\/li>\n<\/ul>\n\n\n\n<p><strong>2. S\u0131cak Su ile Y\u0131kama<\/strong><\/p>\n\n\n\n<ul class=\"wp-block-list\">\n<li><strong>S\u0131cak su<\/strong>, sa\u00e7\u0131n k\u00fctik\u00fcl\u00fcn\u00fc a\u00e7ar, bu da rengin daha h\u0131zl\u0131 \u00e7\u0131kmas\u0131na yol a\u00e7ar. Ayr\u0131ca renk, y\u0131kama s\u0131ras\u0131nda daha kolay d\u0131\u015far\u0131ya sal\u0131n\u0131r.<\/li>\n<\/ul>\n\n\n\n<p><strong>3. S\u00fclfatl\u0131 \u015eampuanlar<\/strong><\/p>\n\n\n\n<ul class=\"wp-block-list\">\n<li><strong>S\u00fclfat i\u00e7eren \u015fampuanlar<\/strong>, sa\u00e7\u0131 temizlerken do\u011fal ya\u011flar\u0131 ve boyay\u0131 da ciltten uzakla\u015ft\u0131r\u0131r. Bu da boyal\u0131 sa\u00e7larda renk solmas\u0131na yol a\u00e7ar.<\/li>\n<\/ul>\n\n\n\n<p><strong>4. Sa\u00e7\u0131n Nem Kayb\u0131<\/strong><\/p>\n\n\n\n<ul class=\"wp-block-list\">\n<li>Boya i\u015flemi, sa\u00e7\u0131n do\u011fal nem dengesini bozabilir ve kurumas\u0131na neden olabilir. Kuruyan sa\u00e7lar, boyan\u0131n etkisini kaybetmeye daha yatk\u0131nd\u0131r.<\/li>\n<\/ul>\n\n\n\n<p><strong>5. S\u0131k Y\u0131kama<\/strong><\/p>\n\n\n\n<ul class=\"wp-block-list\">\n<li>Boyal\u0131 sa\u00e7lar, s\u0131k y\u0131kand\u0131k\u00e7a renk kaybeder. \u00c7\u00fcnk\u00fc y\u0131kama s\u0131ras\u0131nda renk molek\u00fclleri yava\u015f\u00e7a sa\u00e7\u0131 terk eder. Bu durum, \u00f6zellikle her g\u00fcn sa\u00e7\u0131n\u0131 y\u0131kayanlar i\u00e7in sorun olabilir.<\/li>\n<\/ul>\n\n\n\n<p><strong>6. Kimyasal \u00dcr\u00fcnler ve Is\u0131 Uygulamalar\u0131<\/strong><\/p>\n\n\n\n<ul class=\"wp-block-list\">\n<li><strong>D\u00fczle\u015ftirici, ma\u015fa ve f\u00f6n<\/strong> gibi \u0131s\u0131 uygulamalar\u0131, sa\u00e7\u0131n boyas\u0131n\u0131 h\u0131zla solutur. Is\u0131, sa\u00e7\u0131n k\u00fctik\u00fcl\u00fcn\u00fc a\u00e7arak rengin daha \u00e7abuk kaybolmas\u0131na neden olur.<\/li>\n<\/ul>\n\n\n\n<p><strong>7. Su ve Sa\u00e7\u0131n Temas\u0131<\/strong><\/p>\n\n\n\n<ul class=\"wp-block-list\">\n<li><strong>Klorlu su<\/strong> (\u00f6zellikle havuz suyunda bulunan klor) ve <strong>sert su<\/strong>, boyal\u0131 sa\u00e7larda renk kayb\u0131n\u0131 h\u0131zland\u0131r\u0131r. Klor, sa\u00e7\u0131 kurutur ve renk pigmentlerini s\u00f6ker.<\/li>\n<\/ul>\n\n\n\n<p><strong>8. Boya Kalitesi ve Boyama S\u0131kl\u0131\u011f\u0131<\/strong><\/p>\n\n\n\n<ul class=\"wp-block-list\">\n<li>Boyan\u0131n kalitesi de renk solmas\u0131n\u0131 etkiler. D\u00fc\u015f\u00fck kaliteli boyalar, daha h\u0131zl\u0131 solabilir. Ayr\u0131ca <strong>s\u00fcrekli boyama<\/strong> da sa\u00e7\u0131n yap\u0131s\u0131n\u0131 zay\u0131flat\u0131r ve rengin daha \u00e7abuk solmas\u0131na yol a\u00e7ar.<\/li>\n<\/ul>\n\n\n\n<p><strong>Kad\u0131nlarda Boyal\u0131 Sa\u00e7larda Renk Solmas\u0131n\u0131 Engellemek \u0130\u00e7in \u00c7\u00f6z\u00fcm Yollar\u0131<\/strong><\/p>\n\n\n\n<p><strong>1. S\u00fclfats\u0131z \u015eampuan Kullan\u0131m\u0131<\/strong><\/p>\n\n\n\n<ul class=\"wp-block-list\">\n<li><strong>S\u00fclfat i\u00e7ermeyen \u015fampuanlar<\/strong>, boyal\u0131 sa\u00e7lar\u0131n rengini korumada etkili olabilir. S\u00fclfatlar, sa\u00e7\u0131 kurutmak ve boyay\u0131 \u00e7\u0131karmakla kalmaz, do\u011fal ya\u011f\u0131 da temizler. <strong>Nemlendirici ve renk koruyucu \u015fampuanlar<\/strong> tercih edilmelidir.<\/li>\n<\/ul>\n\n\n\n<p><strong>2. Il\u0131ml\u0131 S\u0131cakl\u0131kta Su ile Y\u0131kama<\/strong><\/p>\n\n\n\n<ul class=\"wp-block-list\">\n<li>Sa\u00e7\u0131n\u0131z\u0131 <strong>s\u0131cak suyla de\u011fil, \u0131l\u0131k suyla<\/strong> y\u0131kamaya \u00f6zen g\u00f6sterin. S\u0131cak su sa\u00e7\u0131n kutik\u00fcllerini a\u00e7ar ve boya daha \u00e7abuk solabilir.<\/li>\n<\/ul>\n\n\n\n<p><strong>3. So\u011fuk Su ile Son Durulama<\/strong><\/p>\n\n\n\n<ul class=\"wp-block-list\">\n<li>Y\u0131kama sonras\u0131 sa\u00e7\u0131n\u0131z\u0131 <strong>so\u011fuk suyla durulamak<\/strong>, sa\u00e7 kutik\u00fcllerini kapatarak boyan\u0131n sa\u00e7\u0131 terk etmesini engeller ve rengin daha uzun s\u00fcre kalmas\u0131n\u0131 sa\u011flar.<\/li>\n<\/ul>\n\n\n\n<p><strong>4. Boya Sonras\u0131 Bak\u0131m Maskeleri<\/strong><\/p>\n\n\n\n<ul class=\"wp-block-list\">\n<li>Boyal\u0131 sa\u00e7lar\u0131n <strong>derinlemesine nemlendirilmeye<\/strong> ihtiyac\u0131 vard\u0131r. <strong>Keratin, argan ya\u011f\u0131, shea ya\u011f\u0131<\/strong> i\u00e7eren maskeler, sa\u00e7\u0131 besler, nemlendirir ve rengin uzun s\u00fcre korunmas\u0131na yard\u0131mc\u0131 olur.<\/li>\n<\/ul>\n\n\n\n<p><strong>5. UV Koruyucu \u00dcr\u00fcnler<\/strong><\/p>\n\n\n\n<ul class=\"wp-block-list\">\n<li><strong>UV koruyucu sa\u00e7 \u00fcr\u00fcnleri<\/strong> (serumlar, spreyler) kullanarak sa\u00e7\u0131n g\u00fcne\u015fin zararl\u0131 \u0131\u015f\u0131nlar\u0131ndan korunmas\u0131n\u0131 sa\u011flayabilirsiniz. Bu t\u00fcr \u00fcr\u00fcnler, boyan\u0131n daha uzun s\u00fcre canl\u0131 kalmas\u0131na yard\u0131mc\u0131 olur.<\/li>\n<\/ul>\n\n\n\n<p><strong>6. S\u0131cakl\u0131ktan Ka\u00e7\u0131nma<\/strong><\/p>\n\n\n\n<ul class=\"wp-block-list\">\n<li><strong>D\u00fczle\u015ftirici, ma\u015fa ve f\u00f6n<\/strong> gibi y\u00fcksek \u0131s\u0131 i\u015flemlerini s\u0131n\u0131rlay\u0131n. E\u011fer bu i\u015flemleri yapman\u0131z gerekiyorsa, \u0131s\u0131ya kar\u015f\u0131 koruyucu \u00fcr\u00fcnler kullanmay\u0131 unutmay\u0131n.<\/li>\n<\/ul>\n\n\n\n<p><strong>7. Sa\u00e7\u0131n\u0131z\u0131 S\u0131k Y\u0131kamaktan Ka\u00e7\u0131n\u0131n<\/strong><\/p>\n\n\n\n<ul class=\"wp-block-list\">\n<li>Boyal\u0131 sa\u00e7\u0131 <strong>s\u0131k s\u0131k y\u0131kamaktan ka\u00e7\u0131n\u0131n<\/strong>, \u00e7\u00fcnk\u00fc her y\u0131kamada boya biraz daha kaybolur. Haftada 2-3 kez y\u0131kama yeterli olabilir.<\/li>\n<\/ul>\n\n\n\n<p><strong>8. Sa\u00e7 Maskesi ve Ya\u011flar<\/strong><\/p>\n\n\n\n<ul class=\"wp-block-list\">\n<li><strong>Argan ya\u011f\u0131<\/strong>, <strong>hindistancevizi ya\u011f\u0131<\/strong> gibi do\u011fal ya\u011flarla haftada bir sa\u00e7 maskesi yaparak sa\u00e7\u0131 besleyin ve kurumas\u0131n\u0131 engelleyin. Bu, rengin korunmas\u0131na yard\u0131mc\u0131 olacakt\u0131r.<\/li>\n<\/ul>\n\n\n\n<p><strong>9. Havuzda Klorlu Suyla Temastan Ka\u00e7\u0131n\u0131n<\/strong><\/p>\n\n\n\n<ul class=\"wp-block-list\">\n<li>Havuzda uzun s\u00fcre kalmamaya \u00f6zen g\u00f6sterin. E\u011fer giriyorsan\u0131z, <strong>sa\u00e7\u0131n \u00fczerine koruyucu \u015fapka<\/strong> takmak veya sa\u00e7\u0131n\u0131z\u0131 su ge\u00e7irmez bir \u00f6rt\u00fc ile sararak korumak iyi bir fikir olacakt\u0131r.<\/li>\n<\/ul>\n\n\n\n<p><strong>10. Renk Tazeleme<\/strong><\/p>\n\n\n\n<ul class=\"wp-block-list\">\n<li>Boyal\u0131 sa\u00e7\u0131n\u0131z\u0131n renginin solmas\u0131 halinde, <strong>sa\u00e7\u0131n u\u00e7lar\u0131n\u0131 veya tamam\u0131n\u0131 yeniden boyatmak<\/strong> gerekebilir. Renk koruyucu \u015fampuanlar ve maskelerle tazeledi\u011finiz renk, daha uzun s\u00fcre kal\u0131c\u0131 olabilir.<\/li>\n<\/ul>\n\n\n\n<p><strong>Evde Uygulayabilece\u011finiz Do\u011fal Maskeler<\/strong><\/p>\n\n\n\n<p><strong>Renk Koruyucu Maske (Hindistancevizi Ya\u011f\u0131 ve Bal):<\/strong><\/p>\n\n\n\n<ul class=\"wp-block-list\">\n<li>2 yemek ka\u015f\u0131\u011f\u0131 <strong>hindistancevizi ya\u011f\u0131<\/strong><\/li>\n\n\n\n<li>1 yemek ka\u015f\u0131\u011f\u0131 <strong>bal<\/strong><\/li>\n\n\n\n<li>1 \u00e7ay ka\u015f\u0131\u011f\u0131 <strong>limon suyu<\/strong> (iste\u011fe ba\u011fl\u0131)<\/li>\n<\/ul>\n\n\n\n<p><strong>Uygulama:<\/strong><br>T\u00fcm malzemeleri kar\u0131\u015ft\u0131r\u0131n ve sa\u00e7\u0131n\u0131za uygulay\u0131n. 20-30 dakika bekletip y\u0131kay\u0131n. Haftada 1-2 kez uygulanabilir. Bu maske sa\u00e7\u0131 nemlendirir ve boyan\u0131n korunmas\u0131na yard\u0131mc\u0131 olur.<\/p>\n\n\n\n<p><strong>Dikkat Edilmesi Gerekenler<\/strong><\/p>\n\n\n\n<p>Boya sonras\u0131 sa\u00e7 derisinde herhangi bir <strong>alergik reaksiyon<\/strong> veya <strong>ka\u015f\u0131nt\u0131<\/strong> fark ederseniz, hemen sa\u00e7 bak\u0131m\u0131n\u0131 b\u0131rak\u0131n ve dermatolo\u011fa ba\u015fvurun.<\/p>\n\n\n\n<p>Sa\u00e7\u0131n\u0131z\u0131n rengi \u00e7ok solduysa, <strong>renk tazeleme i\u015flemi<\/strong> yapabilirsiniz.<\/p>\n\n\n\n<p>Boyal\u0131 sa\u00e7lar\u0131n renk solmas\u0131, do\u011fru bak\u0131m ve \u00fcr\u00fcn se\u00e7imi ile uzun s\u00fcre engellenebilir. Sa\u00e7 tipine g\u00f6re uygun bak\u0131m \u00fcr\u00fcnlerini se\u00e7erek renklerinizi koruyabilirsiniz. E\u011fer sa\u00e7\u0131n\u0131zda belirli bir renk kayb\u0131 problemi varsa, daha detayl\u0131 bir bak\u0131m plan\u0131 olu\u015fturabiliriz.<\/p>\n\n\n\n<p>Kad\u0131nlar\u0131n \u0130ncelmi\u015f veya Zay\u0131flam\u0131\u015f Sa\u00e7 Telleri Neden Olur? \u00c7\u00f6z\u00fcm Yollar\u0131 Var m\u0131d\u0131r?<br><br>Kad\u0131nlarda <strong>incelmi\u015f veya zay\u0131flam\u0131\u015f sa\u00e7 telleri<\/strong>, sa\u00e7\u0131n hacmini kaybetmesi, k\u0131r\u0131lmaya meyilli hale gelmesi ve daha seyrek g\u00f6r\u00fcnmesiyle kendini g\u00f6sterir. Bu durum, sa\u00e7 d\u00f6k\u00fclmesinden farkl\u0131d\u0131r; \u00e7\u00fcnk\u00fc sa\u00e7 k\u00f6kten d\u00f6k\u00fclmese bile teller <strong>ince, cans\u0131z ve g\u00fc\u00e7s\u00fcz<\/strong> hale gelir. Genetik fakt\u00f6rlerden stres ve yanl\u0131\u015f bak\u0131m rutinlerine kadar bir\u00e7ok neden bu soruna yol a\u00e7abilir.<\/p>\n\n\n\n<p><strong>Kad\u0131nlarda \u0130ncelmi\u015f \u2013 Zay\u0131flam\u0131\u015f Sa\u00e7 Telleri Neden Olur?<\/strong><\/p>\n\n\n\n<p><strong>1. Genetik Yatk\u0131nl\u0131k<\/strong><\/p>\n\n\n\n<p>Ailede sa\u00e7 teli ince olan bireyler varsa, sa\u00e7 yap\u0131s\u0131 da do\u011fal olarak ince olabilir. Ayr\u0131ca genetik sa\u00e7 incelmesi ya\u015f ilerledik\u00e7e belirginle\u015febilir.<\/p>\n\n\n\n<p><strong>2. Hormonal Dengesizlikler<\/strong><\/p>\n\n\n\n<p><strong>Tiroid sorunlar\u0131, do\u011fum kontrol haplar\u0131, menopoza ge\u00e7i\u015f, hamilelik ve PCOS<\/strong> gibi durumlar sa\u00e7 telinin yap\u0131s\u0131n\u0131 bozabilir.<\/p>\n\n\n\n<p><strong>\u00d6strojen azalmas\u0131<\/strong>, sa\u00e7lar\u0131 daha ince ve zay\u0131f hale getirir.<\/p>\n\n\n\n<p><strong>3. Yetersiz Beslenme<\/strong><\/p>\n\n\n\n<p><strong>Protein<\/strong>, <strong>demir<\/strong>, <strong>\u00e7inko<\/strong>, <strong>B vitamini<\/strong>, <strong>omega-3 ya\u011f asitleri<\/strong> eksikli\u011fi sa\u00e7 telini inceltir.<\/p>\n\n\n\n<p>Diyet yapan ya da tek tip beslenen ki\u015filerde bu durum daha s\u0131k g\u00f6r\u00fcl\u00fcr.<\/p>\n\n\n\n<p><strong>4. Yo\u011fun Is\u0131 ve Kimyasal \u0130\u015flemler<\/strong><\/p>\n\n\n\n<p><strong>S\u0131k d\u00fczle\u015ftirici veya ma\u015fa kullan\u0131m\u0131<\/strong>, <strong>a\u00e7\u0131c\u0131 uygulamalar<\/strong>, <strong>s\u0131k sa\u00e7 boyama<\/strong>, sa\u00e7\u0131n keratin yap\u0131s\u0131n\u0131 bozar, telleri zay\u0131flat\u0131r.<\/p>\n\n\n\n<p><strong>5. Stres ve Uyku Eksikli\u011fi<\/strong><\/p>\n\n\n\n<p>Yo\u011fun stres ve k\u00f6t\u00fc uyku d\u00fczeni sa\u00e7 d\u00f6ng\u00fcs\u00fcn\u00fc etkiler. Sa\u00e7 b\u00fcy\u00fcme evresi k\u0131sal\u0131r ve telogen (dinlenme) evresine girer.<\/p>\n\n\n\n<p><strong>6. Yanl\u0131\u015f \u00dcr\u00fcn Se\u00e7imi<\/strong><\/p>\n\n\n\n<p><strong>S\u00fclfatl\u0131 \u015fampuanlar<\/strong>, alkol bazl\u0131 sa\u00e7 \u00fcr\u00fcnleri sa\u00e7 telini kurutarak zay\u0131flatabilir.<\/p>\n\n\n\n<p><strong>7. Sa\u00e7 Derisi Problemleri<\/strong><\/p>\n\n\n\n<p><strong>Kepek, egzama, mantar gibi sa\u00e7 derisi hastal\u0131klar\u0131<\/strong>, sa\u00e7 k\u00f6klerini etkileyerek sa\u00e7\u0131n incelmesine neden olabilir.<\/p>\n\n\n\n<p><strong>8. Ya\u015flanma<\/strong><\/p>\n\n\n\n<p>Ya\u015f ilerledik\u00e7e sa\u00e7 \u00fcretimi yava\u015flar, sa\u00e7 teli \u00e7ap\u0131 k\u00fc\u00e7\u00fcl\u00fcr ve sa\u00e7lar do\u011fal olarak incelir.<\/p>\n\n\n\n<p><strong>Kad\u0131nlarda \u0130ncelmi\u015f ve Zay\u0131flam\u0131\u015f Sa\u00e7 Telleri \u0130\u00e7in Etkili \u00c7\u00f6z\u00fcm Yollar\u0131<\/strong><\/p>\n\n\n\n<p><strong>1. Beslenme ve Takviye<\/strong><\/p>\n\n\n\n<p>Sa\u00e7 telini kal\u0131nla\u015ft\u0131rmak i\u00e7in:<\/p>\n\n\n\n<p><strong>Biotin<\/strong>, <strong>B12<\/strong>, <strong>\u00e7inko<\/strong>, <strong>demir<\/strong>, <strong>omega-3<\/strong>, <strong>E vitamini<\/strong> takviyeleri alabilirsiniz.<\/p>\n\n\n\n<p>Yumurta, bal\u0131k, kuruyemi\u015f, \u0131spanak ve tam tah\u0131ll\u0131 besinler t\u00fcketin.<\/p>\n\n\n\n<p>Bol su i\u00e7mek sa\u00e7 sa\u011fl\u0131\u011f\u0131 i\u00e7in \u00f6nemlidir.<\/p>\n\n\n\n<p><strong>2. Sa\u00e7 Kal\u0131nla\u015ft\u0131r\u0131c\u0131 \u00dcr\u00fcnler Kullan\u0131n<\/strong><\/p>\n\n\n\n<p><strong>Sa\u00e7 telini ge\u00e7ici olarak kal\u0131n g\u00f6steren \u00fcr\u00fcnler:<\/strong><\/p>\n\n\n\n<ul class=\"wp-block-list\">\n<li><strong>Keratin i\u00e7erikli \u015fampuanlar<\/strong><\/li>\n\n\n\n<li><strong>Protein dolgunla\u015ft\u0131r\u0131c\u0131 serumlar<\/strong><\/li>\n\n\n\n<li><strong>Vol\u00fcm art\u0131r\u0131c\u0131 k\u00f6p\u00fckler<\/strong><\/li>\n\n\n\n<li>S\u00fclfats\u0131z, nemlendirici i\u00e7erikli \u00fcr\u00fcnleri tercih edin.<\/li>\n<\/ul>\n\n\n\n<p><strong>3. Do\u011fal Ya\u011flarla Sa\u00e7 Besleme<\/strong><\/p>\n\n\n\n<ul class=\"wp-block-list\">\n<li>Haftal\u0131k do\u011fal ya\u011f maskeleri:\n<ul class=\"wp-block-list\">\n<li><strong>Hint ya\u011f\u0131 (castor oil):<\/strong> Sa\u00e7 telini g\u00fc\u00e7lendirir ve uzamay\u0131 destekler.<\/li>\n\n\n\n<li><strong>Argan ya\u011f\u0131:<\/strong> Sa\u00e7a esneklik ve parlakl\u0131k kazand\u0131r\u0131r.<\/li>\n\n\n\n<li><strong>Biberiye ya\u011f\u0131:<\/strong> Kan dola\u015f\u0131m\u0131n\u0131 art\u0131rarak k\u00f6kleri g\u00fc\u00e7lendirir.<\/li>\n<\/ul>\n<\/li>\n<\/ul>\n\n\n\n<p><strong>4. Sa\u00e7 Derisine Masaj<\/strong><\/p>\n\n\n\n<ul class=\"wp-block-list\">\n<li><strong>G\u00fcnde 5-10 dakika sa\u00e7 derisine parmak u\u00e7lar\u0131yla masaj<\/strong>, kan ak\u0131\u015f\u0131n\u0131 art\u0131r\u0131r ve sa\u00e7 k\u00f6klerini besler.<\/li>\n<\/ul>\n\n\n\n<p><strong>5. S\u0131cakl\u0131k ve Kimyasallardan Ka\u00e7\u0131nma<\/strong><\/p>\n\n\n\n<ul class=\"wp-block-list\">\n<li><strong>D\u00fczle\u015ftirici, ma\u015fa, f\u00f6n<\/strong> gibi y\u00fcksek \u0131s\u0131y\u0131 m\u00fcmk\u00fcn oldu\u011funca az kullan\u0131n.<\/li>\n\n\n\n<li><strong>Is\u0131 koruyucu sprey<\/strong> kullanmak zorundaysan\u0131z mutlaka uygulay\u0131n.<\/li>\n\n\n\n<li>Kimyasal i\u015flemlerden (perma, a\u00e7\u0131c\u0131 vs.) uzak durun.<\/li>\n<\/ul>\n\n\n\n<p><strong>6. D\u00fczenli Sa\u00e7 Kesimi<\/strong><\/p>\n\n\n\n<ul class=\"wp-block-list\">\n<li><strong>Her 2\u20133 ayda bir sa\u00e7 u\u00e7lar\u0131n\u0131 kestirmek<\/strong>, sa\u00e7\u0131n daha sa\u011fl\u0131kl\u0131 uzamas\u0131na ve k\u0131r\u0131lmalar\u0131n \u00f6nlenmesine yard\u0131mc\u0131 olur.<\/li>\n<\/ul>\n\n\n\n<p><strong>7. Sa\u00e7 Derisi Sa\u011fl\u0131\u011f\u0131na \u00d6zen G\u00f6sterin<\/strong><\/p>\n\n\n\n<ul class=\"wp-block-list\">\n<li>E\u011fer sa\u00e7 derinizde <strong>ka\u015f\u0131nt\u0131, pullanma ya da k\u0131zar\u0131kl\u0131k<\/strong> varsa, bu durum sa\u00e7 telini zay\u0131flatabilir. Gerekirse dermatolo\u011fa ba\u015fvurun.<\/li>\n<\/ul>\n\n\n\n<p><strong>Evde Do\u011fal Kal\u0131nla\u015ft\u0131r\u0131c\u0131 Maske \u00d6nerisi<\/strong><\/p>\n\n\n\n<p><strong>Malzemeler:<\/strong><\/p>\n\n\n\n<ul class=\"wp-block-list\">\n<li>1 yemek ka\u015f\u0131\u011f\u0131 Hint ya\u011f\u0131<\/li>\n\n\n\n<li>1 yemek ka\u015f\u0131\u011f\u0131 zeytinya\u011f\u0131<\/li>\n\n\n\n<li>1 yumurta sar\u0131s\u0131<\/li>\n\n\n\n<li>5 damla biberiye ya\u011f\u0131<\/li>\n<\/ul>\n\n\n\n<p><strong>Uygulama:<\/strong><br>Kar\u0131\u015f\u0131m\u0131 sa\u00e7 diplerine ve boylar\u0131na uygulay\u0131p stre\u00e7 filmle sar\u0131n. 30\u201345 dakika bekletip \u015fampuanla y\u0131kay\u0131n. Haftada 1 uygulayabilirsiniz.<\/p>\n\n\n\n<p><strong>Ne Zaman Uzman G\u00f6r\u00fclmeli?<\/strong><\/p>\n\n\n\n<ul class=\"wp-block-list\">\n<li>Sa\u00e7 telindeki incelme <strong>h\u0131zl\u0131 \u015fekilde art\u0131yorsa<\/strong><\/li>\n\n\n\n<li><strong>Sa\u00e7 d\u00f6k\u00fclmesi ile birlikte<\/strong> seyrediyorsa<\/li>\n\n\n\n<li>Ailede genetik sa\u00e7 incelmesi varsa ve bu sizi rahats\u0131z etmeye ba\u015flad\u0131ysa<br>\u2192 <strong>Dermatolog<\/strong> veya <strong>endokrinolog<\/strong> ile g\u00f6r\u00fc\u015fmek faydal\u0131 olacakt\u0131r.<\/li>\n<\/ul>\n","protected":false},"excerpt":{"rendered":"<p>Kad\u0131nlar\u0131n sa\u00e7lar\u0131yla ilgili ya\u015fad\u0131\u011f\u0131 problemler, hem genetik hem de \u00e7evresel fakt\u00f6rlere ba\u011fl\u0131 olarak de\u011fi\u015febilir. \u0130\u015fte kad\u0131nlar\u0131n en s\u0131k kar\u015f\u0131la\u015ft\u0131\u011f\u0131 10 sa\u00e7 sorunu: Kad\u0131nlarda sa\u00e7 d\u00f6k\u00fclmesi olduk\u00e7a yayg\u0131n bir problemdir ve \u00e7e\u015fitli nedenlerden kaynaklanabilir. \u0130\u015fte temel nedenler ve \u00e7\u00f6z\u00fcm yollar\u0131: Kad\u0131nlarda Sa\u00e7 D\u00f6k\u00fclmesinin Nedenleri 1. Hormonal De\u011fi\u015fiklikler 2. Stres ve Psikolojik Fakt\u00f6rler 3. Beslenme Eksiklikleri 4. [&hellip;]<\/p>\n","protected":false},"author":1,"featured_media":0,"comment_status":"closed","ping_status":"closed","sticky":false,"template":"","format":"standard","meta":{"footnotes":""},"categories":[1],"tags":[],"class_list":["post-9301","post","type-post","status-publish","format-standard","hentry","category-genel"],"aioseo_notices":[],"_links":{"self":[{"href":"https:\/\/www.acvit.com.tr\/magaza\/wp-json\/wp\/v2\/posts\/9301","targetHints":{"allow":["GET"]}}],"collection":[{"href":"https:\/\/www.acvit.com.tr\/magaza\/wp-json\/wp\/v2\/posts"}],"about":[{"href":"https:\/\/www.acvit.com.tr\/magaza\/wp-json\/wp\/v2\/types\/post"}],"author":[{"embeddable":true,"href":"https:\/\/www.acvit.com.tr\/magaza\/wp-json\/wp\/v2\/users\/1"}],"replies":[{"embeddable":true,"href":"https:\/\/www.acvit.com.tr\/magaza\/wp-json\/wp\/v2\/comments?post=9301"}],"version-history":[{"count":3,"href":"https:\/\/www.acvit.com.tr\/magaza\/wp-json\/wp\/v2\/posts\/9301\/revisions"}],"predecessor-version":[{"id":9308,"href":"https:\/\/www.acvit.com.tr\/magaza\/wp-json\/wp\/v2\/posts\/9301\/revisions\/9308"}],"wp:attachment":[{"href":"https:\/\/www.acvit.com.tr\/magaza\/wp-json\/wp\/v2\/media?parent=9301"}],"wp:term":[{"taxonomy":"category","embeddable":true,"href":"https:\/\/www.acvit.com.tr\/magaza\/wp-json\/wp\/v2\/categories?post=9301"},{"taxonomy":"post_tag","embeddable":true,"href":"https:\/\/www.acvit.com.tr\/magaza\/wp-json\/wp\/v2\/tags?post=9301"}],"curies":[{"name":"wp","href":"https:\/\/api.w.org\/{rel}","templated":true}]}}