{"id":9299,"date":"2025-05-01T12:43:26","date_gmt":"2025-05-01T09:43:26","guid":{"rendered":"https:\/\/www.acvit.com.tr\/magaza\/?p=9299"},"modified":"2025-05-01T12:43:28","modified_gmt":"2025-05-01T09:43:28","slug":"ciltte-kuruluk-neden-olusur-cilt-kuruluk-sorununu-nasil-cozeriz","status":"publish","type":"post","link":"https:\/\/www.acvit.com.tr\/magaza\/ciltte-kuruluk-neden-olusur-cilt-kuruluk-sorununu-nasil-cozeriz\/","title":{"rendered":"Ciltte Kuruluk Neden Olu\u015fur? Cilt Kuruluk Sorununu Nas\u0131l \u00c7\u00f6zeriz?"},"content":{"rendered":"\n<p><strong>Ciltte Kuruluk Neden Olu\u015fur?<\/strong><\/p>\n\n\n\n<p>Ciltte kuruluk, cilt y\u00fczeyindeki <strong>nemin azalmas\u0131<\/strong> ve <strong>cilt bariyerinin zay\u0131flamas\u0131<\/strong> sonucu olu\u015fur. Bu durum bir\u00e7ok i\u00e7sel ve d\u0131\u015fsal fakt\u00f6rden kaynaklanabilir.<\/p>\n\n\n\n<p><strong>Cilt Kurulu\u011funun Ba\u015fl\u0131ca Nedenleri<\/strong><\/p>\n\n\n\n<p><strong>D\u0131\u015f Etkenler<\/strong><\/p>\n\n\n\n<p><strong>So\u011fuk hava \/ D\u00fc\u015f\u00fck nem oran\u0131<\/strong><br>\u2192 K\u0131\u015f aylar\u0131nda hava kuru ve so\u011fuk olur, bu da cildin nemini h\u0131zla kaybetmesine neden olur.<\/p>\n\n\n\n<p><strong>S\u0131cak suyla s\u0131k du\u015f alma<\/strong><br>\u2192 Uzun ve s\u0131cak du\u015flar cildin do\u011fal ya\u011flar\u0131n\u0131 (lipid bariyerini) yok eder.<\/p>\n\n\n\n<p><strong>Sert sabun ve kimyasallar<\/strong><br>\u2192 \u0130\u00e7eri\u011finde <strong>alkol, s\u00fclfat veya parf\u00fcm<\/strong> olan \u00fcr\u00fcnler cildi kurutur.<\/p>\n\n\n\n<p><strong>G\u00fcne\u015f \u0131\u015f\u0131\u011f\u0131 (UV \u0131\u015f\u0131nlar\u0131)<\/strong><br>\u2192 G\u00fcne\u015f cildin alt tabakalar\u0131nda su kayb\u0131na neden olabilir.<\/p>\n\n\n\n<p><strong>\u0130\u00e7 Etkenler<\/strong><\/p>\n\n\n\n<p><strong>Yetersiz su t\u00fcketimi<\/strong><br>\u2192 V\u00fccutta yeterli su olmad\u0131\u011f\u0131nda, cilt de nemini kaybeder.<\/p>\n\n\n\n<p><strong>Beslenme eksiklikleri<\/strong><br>\u2192 \u00d6zellikle omega-3 ya\u011f asitleri, A ve E vitaminleri eksikse cilt kuruyabilir.<\/p>\n\n\n\n<p><strong>Ya\u015flanma<\/strong><br>\u2192 Ya\u015f ilerledik\u00e7e cilt daha az sebum (ya\u011f) \u00fcretir ve kuruluk artar.<\/p>\n\n\n\n<p><strong>Hormonal de\u011fi\u015fiklikler<\/strong><br>\u2192 Menopoz, tiroid bozukluklar\u0131 gibi durumlar cilt kurulu\u011funa neden olabilir.<\/p>\n\n\n\n<p><strong>Baz\u0131 hastal\u0131klar<\/strong><br>\u2192 Egzama, sedef hastal\u0131\u011f\u0131, diyabet ve tiroid sorunlar\u0131 gibi durumlar kurulu\u011fa yol a\u00e7abilir.<\/p>\n\n\n\n<p><strong>\u0130la\u00e7lar<\/strong><br>\u2192 Akne tedavisinde kullan\u0131lan retinoidler, baz\u0131 tansiyon ila\u00e7lar\u0131, antihistaminikler cildi kurutabilir.<\/p>\n\n\n\n<p>Kuruluk \u00e7o\u011funlukla ge\u00e7ici ve \u00e7evresel nedenlere ba\u011fl\u0131d\u0131r, ancak <strong>uzun s\u00fcreli ve yo\u011fun bir kuruluk<\/strong> varsa alt\u0131nda yatan t\u0131bbi bir sebep olabilir. Bu durumda dermatolog deste\u011fi \u00f6nemlidir.<\/p>\n\n\n\n<p><strong>Cilt Kuruluk Sorununu Nas\u0131l \u00c7\u00f6zeriz?<br><\/strong>Ciltte nemsizlik ve nem kayb\u0131na ba\u011fl\u0131 kuruluk, bir\u00e7ok insan\u0131n kar\u015f\u0131la\u015ft\u0131\u011f\u0131 yayg\u0131n bir sorundur ve do\u011fru bak\u0131m rutinleriyle b\u00fcy\u00fck \u00f6l\u00e7\u00fcde giderilebilir. \u0130\u015fte bu sorunu \u00e7\u00f6zmek i\u00e7in etkili y\u00f6ntemler:<strong><\/strong><\/p>\n\n\n\n<p><strong>Nazik Temizlik<\/strong><\/p>\n\n\n\n<ul class=\"wp-block-list\">\n<li><strong>Cildi kurutmayan, sabun i\u00e7ermeyen<\/strong> ve pH dengeli temizleyiciler kullan\u0131n.<\/li>\n\n\n\n<li>S\u0131cak su yerine <strong>\u0131l\u0131k su<\/strong> tercih edin. S\u0131cak su, cildin do\u011fal ya\u011flar\u0131n\u0131 daha h\u0131zl\u0131 yok eder.<\/li>\n<\/ul>\n\n\n\n<p><strong>D\u00fczenli ve Do\u011fru Nemlendirme<\/strong><\/p>\n\n\n\n<ul class=\"wp-block-list\">\n<li>Banyodan sonra ilk 3 dakika i\u00e7inde, cilt hafif nemliyken <strong>nemlendirici<\/strong> uygulay\u0131n. Bu, nemin ciltte hapsolmas\u0131n\u0131 sa\u011flar.<\/li>\n\n\n\n<li>\u0130\u00e7eri\u011finde <strong>hyaluronik asit<\/strong>, <strong>gliserin<\/strong>, <strong>seramid<\/strong>, <strong>skualen<\/strong> veya <strong>panthenol<\/strong> bulunan nemlendiriciler tercih edin.<\/li>\n\n\n\n<li>Kuru ve hassas ciltler i\u00e7in <strong>parf\u00fcms\u00fcz ve alkol i\u00e7ermeyen<\/strong> \u00fcr\u00fcnleri se\u00e7in.<\/li>\n<\/ul>\n\n\n\n<p><strong>D\u0131\u015f Etkenlerden Korunma<\/strong><\/p>\n\n\n\n<ul class=\"wp-block-list\">\n<li>K\u0131\u015f\u0131n so\u011fuk havada cildi r\u00fczgardan koruyun, yaz\u0131n ise g\u00fcne\u015f koruyucu kullanarak cildin nem bariyerini koruyun.<\/li>\n\n\n\n<li>Nem kayb\u0131n\u0131 \u00f6nlemek i\u00e7in, evde bir <strong>hava nemlendirici cihaz<\/strong> (humidifier) kullanmak i\u015fe yarayabilir.<\/li>\n<\/ul>\n\n\n\n<p><strong>Bol Su \u0130\u00e7in<\/strong><\/p>\n\n\n\n<ul class=\"wp-block-list\">\n<li>\u0130\u00e7ten nemlendirme de \u00f6nemlidir. G\u00fcnde en az 1.5\u20132 litre <strong>su t\u00fcketmek<\/strong>, cilt sa\u011fl\u0131\u011f\u0131n\u0131 destekler.<\/li>\n<\/ul>\n\n\n\n<p><strong>Beslenmeye Dikkat<\/strong><\/p>\n\n\n\n<p><strong>Omega-3 ya\u011f asitleri<\/strong> (ceviz, somon, keten tohumu) ve <strong>E vitamini<\/strong> a\u00e7\u0131s\u0131ndan zengin bir diyet, cilt bariyerini g\u00fc\u00e7lendirir.<\/p>\n\n\n\n<p><strong>A\u015f\u0131r\u0131 Peeling\u2019den Ka\u00e7\u0131n\u0131n<\/strong><\/p>\n\n\n\n<ul class=\"wp-block-list\">\n<li>Haftada 1\u2019den fazla <strong>peeling veya kese<\/strong> uygulamas\u0131, cilt bariyerini zay\u0131flatabilir. Nazik \u00fcr\u00fcnler ve y\u00f6ntemler tercih edin.<\/li>\n<\/ul>\n\n\n\n<p><strong>D\u00fczenli Rutin Cilt Bak\u0131m\u0131<\/strong><\/p>\n\n\n\n<ul class=\"wp-block-list\">\n<li>Haftada 1-2 kez nem maskeleri yapmak, cilde yo\u011fun bak\u0131m sa\u011flayabilir.<\/li>\n<\/ul>\n","protected":false},"excerpt":{"rendered":"<p>Ciltte Kuruluk Neden Olu\u015fur? Ciltte kuruluk, cilt y\u00fczeyindeki nemin azalmas\u0131 ve cilt bariyerinin zay\u0131flamas\u0131 sonucu olu\u015fur. Bu durum bir\u00e7ok i\u00e7sel ve d\u0131\u015fsal fakt\u00f6rden kaynaklanabilir. Cilt Kurulu\u011funun Ba\u015fl\u0131ca Nedenleri D\u0131\u015f Etkenler So\u011fuk hava \/ D\u00fc\u015f\u00fck nem oran\u0131\u2192 K\u0131\u015f aylar\u0131nda hava kuru ve so\u011fuk olur, bu da cildin nemini h\u0131zla kaybetmesine neden olur. S\u0131cak suyla s\u0131k du\u015f [&hellip;]<\/p>\n","protected":false},"author":1,"featured_media":0,"comment_status":"closed","ping_status":"closed","sticky":false,"template":"","format":"standard","meta":{"footnotes":""},"categories":[1],"tags":[],"class_list":["post-9299","post","type-post","status-publish","format-standard","hentry","category-genel"],"aioseo_notices":[],"_links":{"self":[{"href":"https:\/\/www.acvit.com.tr\/magaza\/wp-json\/wp\/v2\/posts\/9299","targetHints":{"allow":["GET"]}}],"collection":[{"href":"https:\/\/www.acvit.com.tr\/magaza\/wp-json\/wp\/v2\/posts"}],"about":[{"href":"https:\/\/www.acvit.com.tr\/magaza\/wp-json\/wp\/v2\/types\/post"}],"author":[{"embeddable":true,"href":"https:\/\/www.acvit.com.tr\/magaza\/wp-json\/wp\/v2\/users\/1"}],"replies":[{"embeddable":true,"href":"https:\/\/www.acvit.com.tr\/magaza\/wp-json\/wp\/v2\/comments?post=9299"}],"version-history":[{"count":1,"href":"https:\/\/www.acvit.com.tr\/magaza\/wp-json\/wp\/v2\/posts\/9299\/revisions"}],"predecessor-version":[{"id":9300,"href":"https:\/\/www.acvit.com.tr\/magaza\/wp-json\/wp\/v2\/posts\/9299\/revisions\/9300"}],"wp:attachment":[{"href":"https:\/\/www.acvit.com.tr\/magaza\/wp-json\/wp\/v2\/media?parent=9299"}],"wp:term":[{"taxonomy":"category","embeddable":true,"href":"https:\/\/www.acvit.com.tr\/magaza\/wp-json\/wp\/v2\/categories?post=9299"},{"taxonomy":"post_tag","embeddable":true,"href":"https:\/\/www.acvit.com.tr\/magaza\/wp-json\/wp\/v2\/tags?post=9299"}],"curies":[{"name":"wp","href":"https:\/\/api.w.org\/{rel}","templated":true}]}}