{"id":9291,"date":"2025-04-29T16:44:48","date_gmt":"2025-04-29T13:44:48","guid":{"rendered":"https:\/\/www.acvit.com.tr\/magaza\/?p=9291"},"modified":"2025-04-29T16:48:14","modified_gmt":"2025-04-29T13:48:14","slug":"aydinlatici-leke-karsiti-yuksek-korumali-gunes-kremi-kullanmanin-faydalari","status":"publish","type":"post","link":"https:\/\/www.acvit.com.tr\/magaza\/aydinlatici-leke-karsiti-yuksek-korumali-gunes-kremi-kullanmanin-faydalari\/","title":{"rendered":"Ayd\u0131nlat\u0131c\u0131, Leke Kar\u015f\u0131t\u0131, Y\u00fcksek Korumal\u0131 G\u00fcne\u015f Kremi Kullanman\u0131n Faydalar\u0131"},"content":{"rendered":"\n<p><strong>Ayd\u0131nlat\u0131c\u0131, Leke Kar\u015f\u0131t\u0131, Y\u00fcksek Korumal\u0131 G\u00fcne\u015f Kremi \u2013 50+ SPF \u2013 PA++++<\/strong> gibi bir \u00fcr\u00fcn, cildinizi g\u00fcne\u015fin zararl\u0131 etkilerinden korumak ve cilt tonunu dengelemek i\u00e7in geli\u015ftirilmi\u015f \u00e7ok ama\u00e7l\u0131 bir g\u00fcne\u015f koruyucudur.<\/p>\n\n\n\n<p>\u00dcr\u00fcn\u00fcn ba\u015fl\u0131ca i\u015flevleri ve neden kullanman\u0131z gerekti\u011fi \u015fu \u015fekilde \u00f6zetlenebilir:<\/p>\n\n\n\n<p><strong>Ayd\u0131nlat\u0131c\u0131, Leke Kar\u015f\u0131t\u0131, Y\u00fcksek Korumal\u0131 G\u00fcne\u015f Kremi <\/strong><strong>Ne \u0130\u015fe Yarar?<\/strong><\/p>\n\n\n\n<p><strong>G\u00fcne\u015f Korumas\u0131 Sa\u011flar (SPF 50+ &amp; PA++++)<\/strong><\/p>\n\n\n\n<p><strong>SPF 50+<\/strong>: UVB \u0131\u015f\u0131nlar\u0131na kar\u015f\u0131 g\u00fc\u00e7l\u00fc koruma sa\u011flar. UVB \u0131\u015f\u0131nlar\u0131 g\u00fcne\u015f yan\u0131\u011f\u0131na ve cilt kanserine neden olabilir.<\/p>\n\n\n\n<p><strong>PA++++<\/strong>: UVA \u0131\u015f\u0131nlar\u0131na kar\u015f\u0131 \u00e7ok y\u00fcksek koruma sunar. UVA \u0131\u015f\u0131nlar\u0131 cilt ya\u015flanmas\u0131 ve lekelenmede etkilidir.<\/p>\n\n\n\n<p><strong>Leke Kar\u015f\u0131t\u0131 Etki : <\/strong>G\u00fcne\u015f lekeleri, melazma, akne sonras\u0131 izler gibi hiperpigmentasyon problemlerine kar\u015f\u0131 koruma ve azalma sa\u011flar.Yeni lekelerin olu\u015fumunu engellemeye yard\u0131mc\u0131 olur.<\/p>\n\n\n\n<p><strong>Cilt Tonunu Ayd\u0131nlat\u0131r: <\/strong>\u0130\u00e7erdi\u011fi ayd\u0131nlat\u0131c\u0131 aktif bile\u015fenlerle cildin daha canl\u0131 ve parlak g\u00f6r\u00fcnmesini destekler.Mat, yorgun g\u00f6r\u00fcn\u00fcml\u00fc cildi canland\u0131r\u0131r.<\/p>\n\n\n\n<p><strong>Nemlendirici ve Bak\u0131m Sa\u011flar : <\/strong>G\u00fcnl\u00fck kullan\u0131mda cildi nemlendirerek kurulu\u011fu ve pullanmay\u0131 \u00f6nler.Baz\u0131 form\u00fcller antioksidanlar veya cilt yenileyici i\u00e7erikler de i\u00e7erebilir.<\/p>\n\n\n\n<p><strong>Neden Kullanmal\u0131y\u0131z?<\/strong><\/p>\n\n\n\n<ul class=\"wp-block-list\">\n<li><strong>Cilt sa\u011fl\u0131\u011f\u0131n\u0131 korumak<\/strong>: G\u00fcne\u015f \u0131\u015f\u0131nlar\u0131, cilt kanseri dahil pek \u00e7ok sorunun kayna\u011f\u0131 olabilir. Bu t\u00fcr \u00fcr\u00fcnler bu riskleri azalt\u0131r.<\/li>\n\n\n\n<li><strong>Cilt ya\u015flanmas\u0131n\u0131 geciktirmek<\/strong>: UVA \u0131\u015f\u0131nlar\u0131 kolajen y\u0131k\u0131m\u0131na yol a\u00e7arak k\u0131r\u0131\u015f\u0131kl\u0131k ve sarkmalara neden olur. D\u00fczenli g\u00fcne\u015f koruyucu kullan\u0131m\u0131 ya\u015flanma belirtilerini geciktirir.<\/li>\n\n\n\n<li><strong>Lekelerle m\u00fccadele etmek ve yeni lekeleri \u00f6nlemek<\/strong>: G\u00fcne\u015f, cilt lekelerinin hem ba\u015fl\u0131ca nedeni hem de tetikleyicisidir.<\/li>\n\n\n\n<li><strong>Makyaj baz\u0131 olarak da kullan\u0131labilir<\/strong>: Renkli ya da matla\u015ft\u0131r\u0131c\u0131 form\u00fcle sahipse, makyaj alt\u0131nda cildi korurken g\u00f6r\u00fcn\u00fcm\u00fcn\u00fc de iyile\u015ftirir.<\/li>\n<\/ul>\n\n\n\n<h1 class=\"wp-block-heading\">&nbsp;<\/h1>\n\n\n\n<h1 class=\"wp-block-heading\">Y\u00fcksek Korumal\u0131 Mineralli, G\u00fcne\u015f Kremi Ne \u0130\u015fe Yarar? Neden Kullanmal\u0131y\u0131z?<\/h1>\n\n\n\n<p><strong>Y\u00fcksek Korumal\u0131 Mineralli G\u00fcne\u015f Kremi<\/strong>, \u00f6zellikle hassas ciltler i\u00e7in form\u00fcle edilmi\u015f ve <strong>fiziksel (mineral) filtreler<\/strong> i\u00e7eren bir g\u00fcne\u015f koruyucudur. Bu t\u00fcr \u00fcr\u00fcnler, cildi hem <strong>g\u00fcne\u015fin zararl\u0131 \u0131\u015f\u0131nlar\u0131ndan korur<\/strong> hem de <strong>cilt sa\u011fl\u0131\u011f\u0131n\u0131 destekler<\/strong>. \u0130\u015fte detayl\u0131 olarak ne i\u015fe yarad\u0131\u011f\u0131 ve neden kullanman\u0131z gerekti\u011fi:<\/p>\n\n\n\n<p><strong>Y\u00fcksek Korumal\u0131 Mineralli, G\u00fcne\u015f Kremi Ne \u0130\u015fe Yarar? <\/strong><strong><\/strong><\/p>\n\n\n\n<p><strong>Geni\u015f Spektrumlu G\u00fcne\u015f Korumas\u0131 (SPF 50+ \/ PA++++)<\/strong><\/p>\n\n\n\n<p><strong>UVB&#8217;ye kar\u015f\u0131 SPF 50+<\/strong> koruma sa\u011flar: G\u00fcne\u015f yan\u0131\u011f\u0131na ve cilt kanserine kar\u015f\u0131 etkili.<\/p>\n\n\n\n<p><strong>UVA&#8217;ya kar\u015f\u0131 PA++++<\/strong>: Erken ya\u015flanma, leke ve DNA hasar\u0131na kar\u015f\u0131 g\u00fc\u00e7l\u00fc koruma sunar.<\/p>\n\n\n\n<p><strong>Mineral (Fiziksel) Filtreler Kullan\u0131r : <\/strong>\u00c7inko oksit ve titanyum dioksit gibi mineraller cilt y\u00fczeyinde koruyucu bir kalkan olu\u015fturarak <strong>UV \u0131\u015f\u0131nlar\u0131n\u0131 yans\u0131t\u0131r<\/strong>.Kimyasal filtrelere g\u00f6re daha <strong>az alerjik<\/strong> ve <strong>hassas ciltler i\u00e7in daha g\u00fcvenlidir<\/strong>.<\/p>\n\n\n\n<p><strong>Hassas Cilt Dostudur : <\/strong>Parf\u00fcm, alkol, paraben gibi tahri\u015f edici i\u00e7erikler i\u00e7ermez (form\u00fcl\u00fcne ba\u011fl\u0131 olarak).Bebek, \u00e7ocuk ve hassas ciltli bireyler i\u00e7in uygundur.<\/p>\n\n\n\n<p><strong>An\u0131nda Koruma Sa\u011flar: <\/strong>Kimyasal filtrelerin aksine, cilde s\u00fcr\u00fcld\u00fc\u011f\u00fc anda koruma ba\u015flar.D\u0131\u015far\u0131 \u00e7\u0131kmadan hemen \u00f6nce kullan\u0131labilir.<\/p>\n\n\n\n<p><strong>\u00c7evre Dostu ve Resif G\u00fcvenli Olabilir : <\/strong>Baz\u0131 mineral i\u00e7erikler, mercan resiflerine zarar veren kimyasal filtrelerin yerine kullan\u0131ld\u0131\u011f\u0131 i\u00e7in do\u011faya daha az zarar verir.<\/p>\n\n\n\n<p><strong>&nbsp;Neden Kullanmal\u0131y\u0131z?<\/strong><\/p>\n\n\n\n<ul class=\"wp-block-list\">\n<li>Cilt kanseri riskini azaltabilir<\/li>\n\n\n\n<li>G\u00fcne\u015fe ba\u011fl\u0131 ya\u015flanmay\u0131 (k\u0131r\u0131\u015f\u0131kl\u0131k, elastikiyet kayb\u0131) \u00f6nleyebilir<\/li>\n\n\n\n<li>G\u00fcne\u015f lekesi ve renk e\u015fitsizli\u011fini azalt\u0131r veya engelleyebilir<\/li>\n\n\n\n<li>Hassas ve alerjik ciltler i\u00e7in daha g\u00fcvenli bir se\u00e7enek sunabilir<\/li>\n\n\n\n<li>Makyaj baz\u0131 olarak kullan\u0131labilir, cildi hem korur hem dengeleyebilir.<\/li>\n<\/ul>\n\n\n\n<p><strong>K\u0131sacas\u0131:<\/strong><\/p>\n\n\n\n<p><strong>Mineralli G\u00fcne\u015f Kremi<\/strong>, \u00f6zellikle hassas ciltli, lekelenmeye meyilli ya da do\u011fal i\u00e7erikli \u00fcr\u00fcn tercih eden ki\u015filer i\u00e7in ideal bir g\u00fcne\u015f koruyucudur. G\u00fcne\u015ften korunmak; cilt sa\u011fl\u0131\u011f\u0131, estetik g\u00f6r\u00fcn\u00fcm ve ya\u015flanmay\u0131 geciktirme a\u00e7\u0131s\u0131ndan her ya\u015ftan insan i\u00e7in temel bir ad\u0131md\u0131r.<\/p>\n\n\n\n<h1 class=\"wp-block-heading\">Tone \u2013 Up Yeni Nesil Pembe Ton E\u015fitleyici G\u00fcne\u015f Kremi 50+SPF \u2013 100 ml. PA++++ G\u00fcne\u015f Kremi neden kullanmal\u0131y\u0131z? Ne \u0130\u015fe yarar?<\/h1>\n\n\n\n<p><strong>Tone \u2013 Up Yeni Nesil Pembe Ton E\u015fitleyici G\u00fcne\u015f Kremi SPF 50+ PA++++<\/strong> gibi \u00fcr\u00fcnler, cilt bak\u0131m rutininin \u00f6nemli bir par\u00e7as\u0131 olan g\u00fcne\u015f koruyucular aras\u0131nda yer al\u0131r. Bu t\u00fcr \u00fcr\u00fcnlerin kullan\u0131lmas\u0131n\u0131n birka\u00e7 temel nedeni ve faydas\u0131 vard\u0131r:<\/p>\n\n\n\n<p><strong>G\u00fcne\u015f Kremi Neden Kullanmal\u0131y\u0131z? G\u00fcne\u015fin Zararl\u0131 I\u015f\u0131nlar\u0131ndan Korur:<\/strong><\/p>\n\n\n\n<p>SPF 50+, cildi <strong>UVB \u0131\u015f\u0131nlar\u0131na<\/strong> kar\u015f\u0131 y\u00fcksek d\u00fczeyde korur (g\u00fcne\u015f yan\u0131\u011f\u0131na neden olan \u0131\u015f\u0131nlar).<\/p>\n\n\n\n<p>PA++++ ise <strong>UVA \u0131\u015f\u0131nlar\u0131na<\/strong> kar\u015f\u0131 \u00e7ok g\u00fc\u00e7l\u00fc bir koruma sa\u011flar (cilt ya\u015flanmas\u0131 ve lekelenmeden sorumlu \u0131\u015f\u0131nlar).<\/p>\n\n\n\n<p><strong>Cilt Kanserine Kar\u015f\u0131 Koruma Sa\u011flar:<\/strong> Uzun s\u00fcreli g\u00fcne\u015f maruziyeti, melanom ve di\u011fer cilt kanseri t\u00fcrlerine yol a\u00e7abilir. G\u00fcne\u015f kremi bu riski azalt\u0131r.<\/p>\n\n\n\n<p><strong>Erken Ya\u015flanmay\u0131 \u00d6nler:<\/strong>UVA \u0131\u015f\u0131nlar\u0131 k\u0131r\u0131\u015f\u0131kl\u0131k, sarkma, elastikiyet kayb\u0131 gibi ya\u015flanma belirtilerine yol a\u00e7ar. G\u00fcne\u015f kremi bu etkileri b\u00fcy\u00fck \u00f6l\u00e7\u00fcde engeller.<\/p>\n\n\n\n<p><strong>Cilt Lekelerini ve Ton E\u015fitsizliklerini \u00d6nlyebilir: <\/strong>G\u00fcne\u015f kremi, g\u00fcne\u015f kaynakl\u0131 koyu lekelerin (hiperpigmentasyon) olu\u015fmas\u0131n\u0131 ve var olan lekelerin koyula\u015fmas\u0131n\u0131 \u00f6nler.<\/p>\n\n\n\n<p><strong>Tone-Up ve Pembe Ton E\u015fitleyici \u00d6zellik Ne \u0130\u015fe Yarar?<\/strong><\/p>\n\n\n\n<p><strong>Cilt Tonunu E\u015fitler ve Ayd\u0131nlat\u0131r:<\/strong>Pembe alt tonlu &#8220;tone-up&#8221; form\u00fcller, cilde an\u0131nda daha sa\u011fl\u0131kl\u0131 ve canl\u0131 bir g\u00f6r\u00fcn\u00fcm kazand\u0131r\u0131r.Ciltteki solgunluk veya donukluk g\u00f6r\u00fcn\u00fcm\u00fcn\u00fc giderir.<\/p>\n\n\n\n<p><strong>Makyaj Baz\u0131 Olarak Kullan\u0131labilir: <\/strong>Hafif renkli yap\u0131s\u0131 sayesinde makyaj \u00f6ncesi cilt tonunu dengeleyici bir baz g\u00f6revi g\u00f6r\u00fcr.<\/p>\n\n\n\n<p><strong>Ciltte Beyazl\u0131k B\u0131rakmadan Koruma Sa\u011flar: <\/strong>Yeni nesil form\u00fcller, ciltte yap\u0131\u015fkan veya kal\u0131n bir tabaka olu\u015fturmadan ince ve homojen bir koruma sa\u011flar.<\/p>\n\n\n\n<p><strong>K\u0131sacas\u0131: <\/strong>Bu \u00fcr\u00fcn, hem g\u00fc\u00e7l\u00fc bir <strong>g\u00fcne\u015f korumas\u0131<\/strong> sa\u011flar hem de <strong>cilt tonunu e\u015fitleyerek<\/strong> estetik bir avantaj sunar. G\u00fcnl\u00fck kullan\u0131mda cildin sa\u011fl\u0131\u011f\u0131n\u0131 koruman\u0131n ve g\u00f6r\u00fcn\u00fcm\u00fcn\u00fc iyile\u015ftirmenin pratik bir yoludur.<\/p>\n\n\n\n<p><strong>G\u00fcne\u015f Kremlerindeki PA++++ Ne Manaya Geliyor?<\/strong><\/p>\n\n\n\n<p>G\u00fcne\u015f kremlerinde yer alan <strong>PA++++<\/strong>, \u00fcr\u00fcn\u00fcn <strong>UVA \u0131\u015f\u0131nlar\u0131na kar\u015f\u0131 sa\u011flad\u0131\u011f\u0131 koruma seviyesini<\/strong> ifade eder. Bu sistem, Japonya merkezli bir derecelendirme sistemidir ve genellikle Asya men\u015feli veya detayl\u0131 koruma vadeden \u00fcr\u00fcnlerde kar\u015f\u0131m\u0131za \u00e7\u0131kar.<\/p>\n\n\n\n<p><strong>\u2600<\/strong><strong>PA Derecelendirmesi Nedir?<\/strong><\/p>\n\n\n\n<ul class=\"wp-block-list\">\n<li><strong>PA (Protection Grade of UVA)<\/strong>: UVA \u0131\u015f\u0131nlar\u0131n\u0131n cilt \u00fczerindeki etkilerine (\u00f6rne\u011fin ya\u015flanma, lekelenme ve DNA hasar\u0131) kar\u015f\u0131 koruma seviyesini g\u00f6sterir.<\/li>\n\n\n\n<li>UVA \u0131\u015f\u0131nlar\u0131, cilde derinlemesine n\u00fcfuz eder ve <strong>g\u00fcne\u015fe ba\u011fl\u0131 ya\u015flanma (photoaging)<\/strong> ile ili\u015fkilidir.<\/li>\n<\/ul>\n\n\n\n<p><strong>PA Seviyeleri Ne Anlama Geliyor?<\/strong><\/p>\n\n\n\n<figure class=\"wp-block-table\"><table class=\"has-fixed-layout\"><thead><tr><td><strong>PA Derecesi<\/strong><\/td><td><strong>UVA Koruma G\u00fcc\u00fc<\/strong><\/td><td><strong>Anlam\u0131<\/strong><\/td><\/tr><\/thead><tbody><tr><td>PA+<\/td><td>D\u00fc\u015f\u00fck<\/td><td>Temel UVA korumas\u0131<\/td><\/tr><tr><td>PA++<\/td><td>Orta<\/td><td>Orta d\u00fczey UVA korumas\u0131<\/td><\/tr><tr><td>PA+++<\/td><td>Y\u00fcksek<\/td><td>Y\u00fcksek UVA korumas\u0131<\/td><\/tr><tr><td><strong>PA++++<\/strong><\/td><td><strong>\u00c7ok Y\u00fcksek<\/strong><\/td><td><strong>Maksimum d\u00fczeyde UVA korumas\u0131<\/strong><\/td><\/tr><\/tbody><\/table><\/figure>\n\n\n\n<p><strong>Neden \u00d6nemli?<\/strong><\/p>\n\n\n\n<ul class=\"wp-block-list\">\n<li><strong>Cilt ya\u015flanmas\u0131n\u0131n %80\u2019i<\/strong> UVA \u0131\u015f\u0131nlar\u0131 nedeniyle olur.<\/li>\n\n\n\n<li>UVA \u0131\u015f\u0131nlar\u0131 <strong>camdan ge\u00e7ebilir<\/strong> ve y\u0131l boyunca etkilidir.<\/li>\n\n\n\n<li>Sadece SPF (UVB korumas\u0131) yeterli de\u011fildir; <strong>UVA korumas\u0131 (PA) da \u015fartt\u0131r<\/strong>.<\/li>\n<\/ul>\n\n\n\n<p>K\u0131saca, <strong>PA++++<\/strong>, \u00fcr\u00fcn\u00fcn <strong>\u00e7ok y\u00fcksek seviyede UVA korumas\u0131<\/strong> sundu\u011funu g\u00f6sterir. Bu da cildinizin ya\u015flanma, lekelenme ve g\u00fcne\u015f hasar\u0131na kar\u015f\u0131 daha iyi korunaca\u011f\u0131 anlam\u0131na gelir.<\/p>\n\n\n\n<p><strong>G\u00fcne\u015f kremlerindeki SPF ne demektir?<\/strong><\/p>\n\n\n\n<p>G\u00fcne\u015f kremlerindeki <strong>SPF<\/strong> (Sun Protection Factor \u2013 G\u00fcne\u015f Koruma Fakt\u00f6r\u00fc), \u00fcr\u00fcn\u00fcn cildi <strong>UVB \u0131\u015f\u0131nlar\u0131na<\/strong> kar\u015f\u0131 ne kadar s\u00fcre koruyabilece\u011fini g\u00f6steren bir \u00f6l\u00e7\u00fcd\u00fcr.<\/p>\n\n\n\n<p><strong>SPF Tam Olarak Ne Anlama Geliyor?<\/strong><\/p>\n\n\n\n<p>SPF, <strong>g\u00fcne\u015f yan\u0131\u011f\u0131na neden olan UVB \u0131\u015f\u0131nlar\u0131na<\/strong> kar\u015f\u0131 koruma s\u00fcresini uzat\u0131r.<\/p>\n\n\n\n<p>\u00d6rnek: Cildiniz g\u00fcne\u015fte <strong>10 dakikada<\/strong> yan\u0131yorsa,<\/p>\n\n\n\n<p><strong>SPF 30<\/strong> kullan\u0131rsan\u0131z bu s\u00fcre teorik olarak <strong>30 x 10 = 300 dakika<\/strong> olur.<\/p>\n\n\n\n<p><strong>SPF 50<\/strong> ise bu s\u00fcreyi <strong>500 dakikaya<\/strong> kadar uzatabilir.<\/p>\n\n\n\n<p>Bu s\u00fcreler ideal ko\u015fullarda ge\u00e7erlidir. Terleme, suyla temas, silinme gibi durumlar korumay\u0131 azalt\u0131r. Bu nedenle g\u00fcne\u015f kremi <strong>2-3 saatte bir<\/strong> yenilenmelidir.<\/p>\n\n\n\n<p><strong>SPF De\u011ferleri Ne Anlama Gelir?<\/strong><\/p>\n\n\n\n<figure class=\"wp-block-table\"><table class=\"has-fixed-layout\"><thead><tr><td><strong>SPF De\u011feri<\/strong><\/td><td><strong>UVB Engelleme Oran\u0131<\/strong><\/td><\/tr><\/thead><tbody><tr><td>SPF 15<\/td><td>%93<\/td><\/tr><tr><td>SPF 30<\/td><td>%97<\/td><\/tr><tr><td>SPF 50<\/td><td>%98<\/td><\/tr><tr><td>SPF 100<\/td><td>%99<\/td><\/tr><\/tbody><\/table><\/figure>\n\n\n\n<p>G\u00f6r\u00fcld\u00fc\u011f\u00fc gibi SPF de\u011feri y\u00fckseldik\u00e7e koruma oran\u0131 artar ama fark giderek azal\u0131r.<\/p>\n\n\n\n<p><strong>\u00d6nemli Notlar:<\/strong><\/p>\n\n\n\n<p><strong>SPF sadece UVB&#8217;ye kar\u015f\u0131 koruma sa\u011flar.<\/strong> UVA i\u00e7in <strong>PA<\/strong> de\u011ferine de dikkat etmek gerekir.SPF y\u00fcksek olsa da <strong>g\u00f6lge, \u015fapka ve g\u00f6zl\u00fck<\/strong> gibi fiziksel korunma y\u00f6ntemleriyle birlikte kullanmak en do\u011frusudur.Dilersen SPF i\u00e7eren \u00fcr\u00fcnlerden hangisinin senin cilt tipine daha uygun oldu\u011funu da birlikte de\u011ferlendirebiliriz. Cilt tipin ya\u011fl\u0131, kuru, karma ya da hassas m\u0131?<\/p>\n\n\n\n<p><strong>SPF ve PA aras\u0131ndaki farklar\u0131 nelerdir?<\/strong><\/p>\n\n\n\n<p>SPF ve PA de\u011ferleri, bir g\u00fcne\u015f kreminin <strong>farkl\u0131 t\u00fcrdeki UV \u0131\u015f\u0131nlar\u0131na kar\u015f\u0131 ne kadar koruma sa\u011flad\u0131\u011f\u0131n\u0131<\/strong> g\u00f6sterir. <strong><\/strong><\/p>\n\n\n\n<p>&nbsp;\u0130\u015fte bu iki kavram aras\u0131ndaki temel farklar:<\/p>\n\n\n\n<p><strong>SPF (Sun Protection Factor) \u2013 <em>UVB Korumas\u0131<\/em><\/strong><\/p>\n\n\n\n<p><strong>Ne i\u015fe yarar?<\/strong> SPF de\u011feri, cildi <strong>UVB \u0131\u015f\u0131nlar\u0131na<\/strong> kar\u015f\u0131 ne kadar korudu\u011funu g\u00f6sterir.<\/p>\n\n\n\n<p><strong>UVB \u0131\u015f\u0131nlar\u0131 ne yapar?<\/strong><\/p>\n\n\n\n<p>G\u00fcne\u015f yan\u0131klar\u0131na neden olur.<\/p>\n\n\n\n<p>Cilt kanseri riskini art\u0131r\u0131r.<\/p>\n\n\n\n<p><strong>SPF 50 ne demek?<\/strong><\/p>\n\n\n\n<p>Cildin g\u00fcne\u015f alt\u0131nda yanmadan kalabilece\u011fi s\u00fcreyi 50 kat uzat\u0131r.<\/p>\n\n\n\n<p>\u00d6rne\u011fin, normalde 10 dakikada yanan bir cilt, SPF 50 ile teorik olarak 500 dakika korunur (pratikte bu s\u00fcre daha k\u0131sad\u0131r, \u00e7\u00fcnk\u00fc terleme, silinme vs. etkiler).<\/p>\n\n\n\n<p><strong>SPF sadece s\u00fcreyle de\u011fil, oranla da ifade edilir:<\/strong><\/p>\n\n\n\n<p>SPF 30 \u2192 UVB \u0131\u015f\u0131nlar\u0131n\u0131n %97\u2019sini filtreler.<\/p>\n\n\n\n<p>SPF 50 \u2192 UVB \u0131\u015f\u0131nlar\u0131n\u0131n %98\u2019ini filtreler.<\/p>\n\n\n\n<p><strong>\u2602<\/strong><strong>PA (Protection Grade of UVA) \u2013 <em>UVA Korumas\u0131<\/em><\/strong><\/p>\n\n\n\n<p><strong>Ne i\u015fe yarar?<\/strong> PA derecesi, cildi <strong>UVA \u0131\u015f\u0131nlar\u0131na<\/strong> kar\u015f\u0131 ne kadar korudu\u011funu g\u00f6sterir.<\/p>\n\n\n\n<p><strong>UVA \u0131\u015f\u0131nlar\u0131 ne yapar?<\/strong><\/p>\n\n\n\n<p>Cilt ya\u015flanmas\u0131n\u0131 h\u0131zland\u0131r\u0131r (k\u0131r\u0131\u015f\u0131kl\u0131k, sarkma).<\/p>\n\n\n\n<p>Cilt lekelerine ve hiperpigmentasyona neden olur.<\/p>\n\n\n\n<p>Derin cilt katmanlar\u0131na n\u00fcfuz eder.<\/p>\n\n\n\n<p><strong>PA dereceleri nas\u0131l s\u0131n\u0131fland\u0131r\u0131l\u0131r?<\/strong><\/p>\n\n\n\n<p>PA+ : D\u00fc\u015f\u00fck UVA korumas\u0131<\/p>\n\n\n\n<p>PA++ : Orta d\u00fczey UVA korumas\u0131<\/p>\n\n\n\n<p>PA+++ : Y\u00fcksek koruma<\/p>\n\n\n\n<p><strong>PA++++<\/strong> : <strong>\u00c7ok y\u00fcksek UVA korumas\u0131<\/strong> (en g\u00fc\u00e7l\u00fc seviye)<\/p>\n\n\n\n<p><strong>\u00d6zetle Farklar\u0131:<\/strong><\/p>\n\n\n\n<figure class=\"wp-block-table\"><table class=\"has-fixed-layout\"><thead><tr><td><strong>\u00d6zellik<\/strong><\/td><td><strong>SPF<\/strong><\/td><td><strong>PA<\/strong><\/td><\/tr><\/thead><tbody><tr><td>Korudu\u011fu \u0131\u015f\u0131n t\u00fcr\u00fc<\/td><td><strong>UVB<\/strong> (g\u00fcne\u015f yan\u0131\u011f\u0131)<\/td><td><strong>UVA<\/strong> (ya\u015flanma, leke)<\/td><\/tr><tr><td>Ne g\u00f6sterir?<\/td><td>Yanmadan g\u00fcne\u015fte kalma s\u00fcresi &amp; UVB filtreleme oran\u0131<\/td><td>UVA&#8217;ya kar\u015f\u0131 ne kadar koruma sa\u011flad\u0131\u011f\u0131<\/td><\/tr><tr><td>De\u011fer sistemi<\/td><td>Say\u0131 ile (SPF 15, 30, 50, vb.)<\/td><td>Art\u0131 (+) i\u015fareti ile (PA+, PA+++)<\/td><\/tr><tr><td>En yayg\u0131n seviyeler<\/td><td>SPF 30\u201350<\/td><td>PA+++ veya PA++++<\/td><\/tr><\/tbody><\/table><\/figure>\n\n\n\n<p>Her iki koruma t\u00fcr\u00fc de \u00f6nemlidir ama <strong>tam koruma<\/strong> i\u00e7in hem y\u00fcksek SPF <strong>hem de y\u00fcksek PA<\/strong> i\u00e7eren \u00fcr\u00fcnler tercih edilmelidir.<\/p>\n\n\n\n<p>Dilersen SPF ve PA i\u00e7eren baz\u0131 kaliteli g\u00fcne\u015f kremlerini de \u00f6nerebilirim. \u0130ster misin?<\/p>\n","protected":false},"excerpt":{"rendered":"<p>Ayd\u0131nlat\u0131c\u0131, Leke Kar\u015f\u0131t\u0131, Y\u00fcksek Korumal\u0131 G\u00fcne\u015f Kremi \u2013 50+ SPF \u2013 PA++++ gibi bir \u00fcr\u00fcn, cildinizi g\u00fcne\u015fin zararl\u0131 etkilerinden korumak ve cilt tonunu dengelemek i\u00e7in geli\u015ftirilmi\u015f \u00e7ok ama\u00e7l\u0131 bir g\u00fcne\u015f koruyucudur. \u00dcr\u00fcn\u00fcn ba\u015fl\u0131ca i\u015flevleri ve neden kullanman\u0131z gerekti\u011fi \u015fu \u015fekilde \u00f6zetlenebilir: Ayd\u0131nlat\u0131c\u0131, Leke Kar\u015f\u0131t\u0131, Y\u00fcksek Korumal\u0131 G\u00fcne\u015f Kremi Ne \u0130\u015fe Yarar? G\u00fcne\u015f Korumas\u0131 Sa\u011flar (SPF [&hellip;]<\/p>\n","protected":false},"author":1,"featured_media":0,"comment_status":"closed","ping_status":"closed","sticky":false,"template":"","format":"standard","meta":{"footnotes":""},"categories":[1],"tags":[],"class_list":["post-9291","post","type-post","status-publish","format-standard","hentry","category-genel"],"aioseo_notices":[],"_links":{"self":[{"href":"https:\/\/www.acvit.com.tr\/magaza\/wp-json\/wp\/v2\/posts\/9291","targetHints":{"allow":["GET"]}}],"collection":[{"href":"https:\/\/www.acvit.com.tr\/magaza\/wp-json\/wp\/v2\/posts"}],"about":[{"href":"https:\/\/www.acvit.com.tr\/magaza\/wp-json\/wp\/v2\/types\/post"}],"author":[{"embeddable":true,"href":"https:\/\/www.acvit.com.tr\/magaza\/wp-json\/wp\/v2\/users\/1"}],"replies":[{"embeddable":true,"href":"https:\/\/www.acvit.com.tr\/magaza\/wp-json\/wp\/v2\/comments?post=9291"}],"version-history":[{"count":2,"href":"https:\/\/www.acvit.com.tr\/magaza\/wp-json\/wp\/v2\/posts\/9291\/revisions"}],"predecessor-version":[{"id":9294,"href":"https:\/\/www.acvit.com.tr\/magaza\/wp-json\/wp\/v2\/posts\/9291\/revisions\/9294"}],"wp:attachment":[{"href":"https:\/\/www.acvit.com.tr\/magaza\/wp-json\/wp\/v2\/media?parent=9291"}],"wp:term":[{"taxonomy":"category","embeddable":true,"href":"https:\/\/www.acvit.com.tr\/magaza\/wp-json\/wp\/v2\/categories?post=9291"},{"taxonomy":"post_tag","embeddable":true,"href":"https:\/\/www.acvit.com.tr\/magaza\/wp-json\/wp\/v2\/tags?post=9291"}],"curies":[{"name":"wp","href":"https:\/\/api.w.org\/{rel}","templated":true}]}}