{"id":10273,"date":"2026-04-22T10:53:14","date_gmt":"2026-04-22T07:53:14","guid":{"rendered":"https:\/\/www.acvit.com.tr\/magaza\/?p=10273"},"modified":"2026-04-22T10:53:16","modified_gmt":"2026-04-22T07:53:16","slug":"nisan-ayinda-sac-dokulmesi-neden-artar-ne-yapmali","status":"publish","type":"post","link":"https:\/\/www.acvit.com.tr\/magaza\/nisan-ayinda-sac-dokulmesi-neden-artar-ne-yapmali\/","title":{"rendered":"Nisan Ay\u0131nda Sa\u00e7 D\u00f6k\u00fclmesi Neden Artar? Ne Yapmal\u0131?"},"content":{"rendered":"\n<p>Bahar aylar\u0131yla birlikte do\u011fa yeniden canlan\u0131rken, pek \u00e7ok ki\u015fi sa\u00e7lar\u0131nda daha fazla d\u00f6k\u00fclme g\u00f6zlemleyebiliyor. \u00d6zellikle Nisan ay\u0131nda bu durumun daha belirgin hissedilmesi, \u00e7o\u011fu zaman endi\u015fe yaratsa da genellikle farkl\u0131 i\u00e7 ve d\u0131\u015f fakt\u00f6rlerin bir araya gelmesiyle ili\u015fkilendiriliyor.<\/p>\n\n\n\n<p>Bu s\u00fcre\u00e7 her bireyde ayn\u0131 \u015fekilde ilerlemeyebilir; ancak mevsim ge\u00e7i\u015fleri, ya\u015fam tarz\u0131 ve sa\u00e7 bak\u0131m al\u0131\u015fkanl\u0131klar\u0131 \u00f6nemli bir rol oynayabilir.<\/p>\n\n\n\n<hr class=\"wp-block-separator has-alpha-channel-opacity\"\/>\n\n\n\n<h3 class=\"wp-block-heading\">Nisan ay\u0131nda sa\u00e7 d\u00f6k\u00fclmesi neden art\u0131yor olabilir?<\/h3>\n\n\n\n<p><strong>1. Mevsim ge\u00e7i\u015fi etkisi<\/strong><br>K\u0131\u015ftan bahara ge\u00e7i\u015f d\u00f6neminde v\u00fccut, hormonal ve biyolojik olarak yeniden denge kurmaya \u00e7al\u0131\u015fabilir. Bu s\u00fcre\u00e7te sa\u00e7lar\u0131n b\u00fcy\u00fcme ve dinlenme d\u00f6ng\u00fcs\u00fcnde ge\u00e7ici de\u011fi\u015fimler ya\u015fanabildi\u011fi d\u00fc\u015f\u00fcn\u00fcl\u00fcr.<\/p>\n\n\n\n<p><strong>2. Hormon ve stres dengesi<\/strong><br>G\u00fcn \u0131\u015f\u0131\u011f\u0131n\u0131n artmas\u0131, uyku d\u00fczenindeki de\u011fi\u015fiklikler ve g\u00fcnl\u00fck stres seviyeleri sa\u00e7 k\u00f6klerini dolayl\u0131 olarak etkileyebilir. Bu da d\u00f6k\u00fclmenin daha belirgin hissedilmesine yol a\u00e7abilir.<\/p>\n\n\n\n<p><strong>3. Beslenme al\u0131\u015fkanl\u0131klar\u0131<\/strong><br>K\u0131\u015f aylar\u0131nda de\u011fi\u015fen beslenme d\u00fczeni, baz\u0131 vitamin ve mineral eksikliklerinin bahar aylar\u0131nda daha g\u00f6r\u00fcn\u00fcr hale gelmesine neden olabilir. \u00d6zellikle demir, \u00e7inko ve B vitaminleri sa\u00e7 sa\u011fl\u0131\u011f\u0131yla ili\u015fkilendirilen \u00f6nemli bile\u015fenler aras\u0131nda yer al\u0131r.<\/p>\n\n\n\n<p><strong>4. Sa\u00e7 bak\u0131m rutininin yetersiz kalmas\u0131<\/strong><br>So\u011fuk havalarda ihmal edilen sa\u00e7 bak\u0131m\u0131, bahar d\u00f6neminde sa\u00e7 tellerinin daha hassas hale gelmesine katk\u0131da bulunabilir.<\/p>\n\n\n\n<hr class=\"wp-block-separator has-alpha-channel-opacity\"\/>\n\n\n\n<h3 class=\"wp-block-heading\">Peki ne yap\u0131labilir?<\/h3>\n\n\n\n<p>Sa\u00e7 d\u00f6k\u00fclmesi d\u00f6nemsel olarak art\u0131\u015f g\u00f6sterdi\u011finde, bak\u0131m rutininin yeniden g\u00f6zden ge\u00e7irilmesi faydal\u0131 olabilir. Burada ama\u00e7 sa\u00e7 k\u00f6klerini desteklemek ve sa\u00e7 derisini dengede tutmaya yard\u0131mc\u0131 olmakt\u0131r.<\/p>\n\n\n\n<hr class=\"wp-block-separator has-alpha-channel-opacity\"\/>\n\n\n\n<h3 class=\"wp-block-heading\">Bak\u0131m rutini nas\u0131l desteklenebilir?<\/h3>\n\n\n\n<p>Do\u011fal i\u00e7eriklere y\u00f6nelen bak\u0131m rutinlerinde, bitkisel \u00f6zler ve sa\u00e7 derisini destekleyici \u00fcr\u00fcnler s\u0131k\u00e7a tercih edilebiliyor. Acvit\u2019in \u00fcr\u00fcn yelpazesinde yer alan baz\u0131 bak\u0131m se\u00e7enekleri bu s\u00fcre\u00e7te rutine dahil edilebiliyor:<\/p>\n\n\n\n<ul class=\"wp-block-list\">\n<li><strong>Biberiye \u00f6zl\u00fc sa\u00e7 bak\u0131m sular\u0131<\/strong><br>Sa\u00e7 derisinin ferahlamas\u0131na ve bak\u0131m s\u00fcrecinin desteklenmesine yard\u0131mc\u0131 olabilecek bitkisel i\u00e7erikler aras\u0131nda de\u011ferlendiriliyor.<\/li>\n\n\n\n<li><strong>Sa\u00e7 toni\u011fi ve sa\u00e7 derisi bak\u0131m \u00fcr\u00fcnleri<\/strong><br>D\u00fczenli kullan\u0131mda sa\u00e7 derisinin daha dengeli hissedilmesine katk\u0131 sa\u011flayabilecek \u00fcr\u00fcn gruplar\u0131 aras\u0131nda yer al\u0131yor.<\/li>\n\n\n\n<li><strong>Bitkisel sa\u00e7 bak\u0131m ya\u011flar\u0131<\/strong><br>\u00d6zellikle sa\u00e7 u\u00e7lar\u0131nda olu\u015fan kuruluk hissinin azalt\u0131lmas\u0131na y\u00f6nelik bak\u0131m rutinlerinde tercih edilebiliyor.<\/li>\n\n\n\n<li><strong>Onar\u0131c\u0131 ve destekleyici serumlar<\/strong><br>Sa\u00e7 tellerinin daha canl\u0131 g\u00f6r\u00fcnmesine yard\u0131mc\u0131 olabilecek bak\u0131m ad\u0131mlar\u0131ndan biri olarak rutine eklenebiliyor.<\/li>\n<\/ul>\n\n\n\n<p>Bu \u00fcr\u00fcnlerin etkisi ki\u015fiden ki\u015fiye de\u011fi\u015febilece\u011fi i\u00e7in, d\u00fczenli ve sab\u0131rl\u0131 kullan\u0131m genellikle \u00f6nemli bir fakt\u00f6r olarak \u00f6ne \u00e7\u0131k\u0131yor.<\/p>\n\n\n\n<hr class=\"wp-block-separator has-alpha-channel-opacity\"\/>\n\n\n\n<h3 class=\"wp-block-heading\">Sa\u00e7 d\u00f6k\u00fclmesini azaltmaya yard\u0131mc\u0131 olabilecek genel \u00f6neriler<\/h3>\n\n\n\n<ul class=\"wp-block-list\">\n<li>D\u00fczenli ve dengeli beslenmeye \u00f6zen g\u00f6stermek<\/li>\n\n\n\n<li>Yeterli su t\u00fcketimini ihmal etmemek<\/li>\n\n\n\n<li>Is\u0131 ile \u015fekillendirme i\u015flemlerini azaltmak<\/li>\n\n\n\n<li>Sa\u00e7 derisini nazik\u00e7e temizlemek<\/li>\n\n\n\n<li>Uyku d\u00fczenine dikkat etmek<\/li>\n\n\n\n<li>Stres y\u00f6netimini desteklemek<\/li>\n<\/ul>\n\n\n\n<p>Nisan ay\u0131nda sa\u00e7 d\u00f6k\u00fclmesinde art\u0131\u015f hissedilmesi, \u00e7o\u011fu zaman ge\u00e7ici bir s\u00fcre\u00e7le ili\u015fkilendiriliyor olabilir. Bu d\u00f6nemde sa\u00e7 bak\u0131m\u0131na biraz daha \u00f6zen g\u00f6stermek, hem sa\u00e7 derisini hem de sa\u00e7 tellerini destekleyici bir yakla\u015f\u0131m sunabilir.<\/p>\n\n\n\n<p>Bak\u0131m \u00fcr\u00fcnleri ise bu rutine ek bir destek unsuru olarak de\u011ferlendirilebilir. Ancak her bireyin sa\u00e7 yap\u0131s\u0131 farkl\u0131 oldu\u011fu i\u00e7in, en uygun bak\u0131m yakla\u015f\u0131m\u0131n\u0131n ki\u015fisel ihtiya\u00e7lara g\u00f6re \u015fekillenmesi daha sa\u011fl\u0131kl\u0131 bir sonu\u00e7 verebilir.<\/p>\n","protected":false},"excerpt":{"rendered":"<p>Bahar aylar\u0131yla birlikte do\u011fa yeniden canlan\u0131rken, pek \u00e7ok ki\u015fi sa\u00e7lar\u0131nda daha fazla d\u00f6k\u00fclme g\u00f6zlemleyebiliyor. \u00d6zellikle Nisan ay\u0131nda bu durumun daha belirgin hissedilmesi, \u00e7o\u011fu zaman endi\u015fe yaratsa da genellikle farkl\u0131 i\u00e7 ve d\u0131\u015f fakt\u00f6rlerin bir araya gelmesiyle ili\u015fkilendiriliyor. Bu s\u00fcre\u00e7 her bireyde ayn\u0131 \u015fekilde ilerlemeyebilir; ancak mevsim ge\u00e7i\u015fleri, ya\u015fam tarz\u0131 ve sa\u00e7 bak\u0131m al\u0131\u015fkanl\u0131klar\u0131 \u00f6nemli bir [&hellip;]<\/p>\n","protected":false},"author":1,"featured_media":0,"comment_status":"closed","ping_status":"closed","sticky":false,"template":"","format":"standard","meta":{"footnotes":""},"categories":[1],"tags":[],"class_list":["post-10273","post","type-post","status-publish","format-standard","hentry","category-genel"],"aioseo_notices":[],"_links":{"self":[{"href":"https:\/\/www.acvit.com.tr\/magaza\/wp-json\/wp\/v2\/posts\/10273","targetHints":{"allow":["GET"]}}],"collection":[{"href":"https:\/\/www.acvit.com.tr\/magaza\/wp-json\/wp\/v2\/posts"}],"about":[{"href":"https:\/\/www.acvit.com.tr\/magaza\/wp-json\/wp\/v2\/types\/post"}],"author":[{"embeddable":true,"href":"https:\/\/www.acvit.com.tr\/magaza\/wp-json\/wp\/v2\/users\/1"}],"replies":[{"embeddable":true,"href":"https:\/\/www.acvit.com.tr\/magaza\/wp-json\/wp\/v2\/comments?post=10273"}],"version-history":[{"count":1,"href":"https:\/\/www.acvit.com.tr\/magaza\/wp-json\/wp\/v2\/posts\/10273\/revisions"}],"predecessor-version":[{"id":10274,"href":"https:\/\/www.acvit.com.tr\/magaza\/wp-json\/wp\/v2\/posts\/10273\/revisions\/10274"}],"wp:attachment":[{"href":"https:\/\/www.acvit.com.tr\/magaza\/wp-json\/wp\/v2\/media?parent=10273"}],"wp:term":[{"taxonomy":"category","embeddable":true,"href":"https:\/\/www.acvit.com.tr\/magaza\/wp-json\/wp\/v2\/categories?post=10273"},{"taxonomy":"post_tag","embeddable":true,"href":"https:\/\/www.acvit.com.tr\/magaza\/wp-json\/wp\/v2\/tags?post=10273"}],"curies":[{"name":"wp","href":"https:\/\/api.w.org\/{rel}","templated":true}]}}