{"id":10269,"date":"2026-04-22T10:44:54","date_gmt":"2026-04-22T07:44:54","guid":{"rendered":"https:\/\/www.acvit.com.tr\/magaza\/?p=10269"},"modified":"2026-04-22T10:44:56","modified_gmt":"2026-04-22T07:44:56","slug":"bahar-aylarinda-cilt-bakimi-nisanda-hangi-urunler-tercih-edilebilir","status":"publish","type":"post","link":"https:\/\/www.acvit.com.tr\/magaza\/bahar-aylarinda-cilt-bakimi-nisanda-hangi-urunler-tercih-edilebilir\/","title":{"rendered":"Bahar Aylar\u0131nda Cilt Bak\u0131m\u0131: Nisan\u2019da Hangi \u00dcr\u00fcnler Tercih Edilebilir?"},"content":{"rendered":"\n<h5 class=\"wp-block-heading\">K\u0131\u015f aylar\u0131n\u0131n ard\u0131ndan Nisan ile birlikte hava \u0131s\u0131nmaya, nem oran\u0131 ve g\u00fcne\u015fin etkisi de\u011fi\u015fmeye ba\u015flar. Bu ge\u00e7i\u015f d\u00f6nemi, cilt bak\u0131m rutininde de baz\u0131 k\u00fc\u00e7\u00fck dokunu\u015flar\u0131 g\u00fcndeme getirebilir. Cildin bu yeni d\u00f6neme daha konforlu uyum sa\u011flayabilmesi i\u00e7in, bak\u0131m ad\u0131mlar\u0131n\u0131n da hafifletilmesi ve destekleyici \u00fcr\u00fcnlerle yeniden \u015fekillendirilmesi d\u00fc\u015f\u00fcn\u00fclebilir.<\/h5>\n\n\n\n<p>Acvit&#8217;te yer alan farkl\u0131 cilt bak\u0131m \u00fcr\u00fcnleri de bu s\u00fcre\u00e7te g\u00fcnl\u00fck rutine e\u015flik edebilecek se\u00e7enekler aras\u0131nda de\u011ferlendirilebilir.<\/p>\n\n\n\n<h2 class=\"wp-block-heading\">Bahar D\u00f6neminde Cildin \u0130htiya\u00e7lar\u0131 De\u011fi\u015febilir<\/h2>\n\n\n\n<p>Mevsim ge\u00e7i\u015flerinde cilt;<\/p>\n\n\n\n<ul class=\"wp-block-list\">\n<li>Daha hassas hissedebilir<\/li>\n\n\n\n<li>Nem dengesinde dalgalanmalar ya\u015fayabilir<\/li>\n\n\n\n<li>G\u00fcne\u015f \u0131\u015f\u0131nlar\u0131na kar\u015f\u0131 daha fazla dikkat isteyebilir<\/li>\n\n\n\n<li>G\u00f6zenek g\u00f6r\u00fcn\u00fcm\u00fcnde de\u011fi\u015fimler g\u00f6sterebilir<\/li>\n<\/ul>\n\n\n\n<p>Bu nedenle bak\u0131m rutininde a\u011f\u0131r yap\u0131l\u0131 \u00fcr\u00fcnler yerine daha hafif ve dengeli i\u00e7eriklere y\u00f6nelmek \u00e7o\u011fu zaman tercih edilen yakla\u015f\u0131mlar aras\u0131nda yer al\u0131r.<\/p>\n\n\n\n<hr class=\"wp-block-separator has-alpha-channel-opacity\"\/>\n\n\n\n<h2 class=\"wp-block-heading\">acvit.com.tr \u00dcr\u00fcnleri ile Bak\u0131m Rutini Nas\u0131l \u015eekillenebilir?<\/h2>\n\n\n\n<p>acvit.com.tr \u00fczerinde bulunan \u00fcr\u00fcnler incelendi\u011finde, farkl\u0131 ihtiya\u00e7lara y\u00f6nelik \u00e7e\u015fitli bak\u0131m se\u00e7enekleri dikkat \u00e7eker. Bu \u00fcr\u00fcnler, ki\u015fisel bak\u0131m rutinine destek ama\u00e7l\u0131 dahil edilebilir.<\/p>\n\n\n\n<h3 class=\"wp-block-heading\">1. Hafif Nemlendirici \u00dcr\u00fcnler<\/h3>\n\n\n\n<p>Bahar aylar\u0131nda cildin nem ihtiyac\u0131 devam edebilir ancak daha hafif dokulu nemlendiriciler tercih edilebilir.<br>Bu t\u00fcr \u00fcr\u00fcnler, cildin g\u00fcn boyu daha dengeli hissetmesine yard\u0131mc\u0131 olabilir.<\/p>\n\n\n\n<h3 class=\"wp-block-heading\">2. Serumlar (Hyaluronik Asit vb.)<\/h3>\n\n\n\n<p>Hyaluronik asit i\u00e7eren serumlar, cildin nem tutma kapasitesini desteklemeye y\u00f6nelik rutinlerde s\u0131k\u00e7a yer bulur.<br>Nisan d\u00f6neminde \u00f6zellikle sabah ve ak\u015fam bak\u0131m\u0131nda hafif bir serum ad\u0131m\u0131 d\u00fc\u015f\u00fcn\u00fclebilir.<\/p>\n\n\n\n<h3 class=\"wp-block-heading\">3. G\u00fcne\u015f Koruyucu \u00dcr\u00fcnler<\/h3>\n\n\n\n<p>Bahar g\u00fcne\u015fi k\u0131\u015fa g\u00f6re daha etkili hissedilebilir.<br>Bu nedenle g\u00fcne\u015f koruyucu \u00fcr\u00fcnlerin g\u00fcnl\u00fck rutinde yer almas\u0131, cilt konforunu destekleyebilir.<\/p>\n\n\n\n<h3 class=\"wp-block-heading\">4. Temizleyici ve Ar\u0131nd\u0131r\u0131c\u0131 \u00dcr\u00fcnler<\/h3>\n\n\n\n<p>Cilt y\u00fczeyinin g\u00fcn i\u00e7inde biriken kir ve ya\u011fdan ar\u0131nd\u0131r\u0131lmas\u0131 i\u00e7in nazik temizleyiciler tercih edilebilir.<br>A\u015f\u0131r\u0131 kurutma yapmayan \u00fcr\u00fcnler daha dengeli bir his sa\u011flayabilir.<\/p>\n\n\n\n<h3 class=\"wp-block-heading\">5. Tonik ve Destekleyici Bak\u0131mlar<\/h3>\n\n\n\n<p>G\u00f6zenek g\u00f6r\u00fcn\u00fcm\u00fcn\u00fc dengelemeye yard\u0131mc\u0131 olabilecek tonikler ve bak\u0131m sular\u0131, bahar rutininin tamamlay\u0131c\u0131 ad\u0131mlar\u0131 aras\u0131nda de\u011ferlendirilebilir.<\/p>\n\n\n\n<hr class=\"wp-block-separator has-alpha-channel-opacity\"\/>\n\n\n\n<h2 class=\"wp-block-heading\">G\u00fcnl\u00fck Bahar Bak\u0131m Rutini \u00d6rne\u011fi<\/h2>\n\n\n\n<p>Sabah:<\/p>\n\n\n\n<ul class=\"wp-block-list\">\n<li>Nazik temizleme<\/li>\n\n\n\n<li>Hafif serum<\/li>\n\n\n\n<li>Nemlendirici<\/li>\n\n\n\n<li>G\u00fcne\u015f koruyucu<\/li>\n<\/ul>\n\n\n\n<p>Ak\u015fam:<\/p>\n\n\n\n<ul class=\"wp-block-list\">\n<li>Temizleme<\/li>\n\n\n\n<li>Serum veya bak\u0131m \u00fcr\u00fcn\u00fc<\/li>\n\n\n\n<li>Nemlendirici<\/li>\n<\/ul>\n\n\n\n<p>Bu ad\u0131mlar, ki\u015fisel ihtiya\u00e7lara g\u00f6re sadele\u015ftirilebilir ya da \u00e7e\u015fitlendirilebilir.<\/p>\n\n\n\n<p>Bahar aylar\u0131, cilt bak\u0131m rutinini yeniden g\u00f6zden ge\u00e7irmek i\u00e7in yumu\u015fak bir ge\u00e7i\u015f d\u00f6nemi sunabilir. acvit.com.tr\u2019de yer alan farkl\u0131 bak\u0131m \u00fcr\u00fcnleri de bu s\u00fcre\u00e7te g\u00fcnl\u00fck rutine e\u015flik edebilecek se\u00e7enekler aras\u0131nda d\u00fc\u015f\u00fcn\u00fclebilir.<\/p>\n\n\n\n<p>Her cilt tipi farkl\u0131 oldu\u011fundan, \u00fcr\u00fcn se\u00e7imlerinde ki\u015fisel ihtiya\u00e7lar\u0131n ve cildin verdi\u011fi tepkilerin dikkate al\u0131nmas\u0131 daha sa\u011fl\u0131kl\u0131 bir yakla\u015f\u0131m olabilir.<\/p>\n","protected":false},"excerpt":{"rendered":"<p>K\u0131\u015f aylar\u0131n\u0131n ard\u0131ndan Nisan ile birlikte hava \u0131s\u0131nmaya, nem oran\u0131 ve g\u00fcne\u015fin etkisi de\u011fi\u015fmeye ba\u015flar. Bu ge\u00e7i\u015f d\u00f6nemi, cilt bak\u0131m rutininde de baz\u0131 k\u00fc\u00e7\u00fck dokunu\u015flar\u0131 g\u00fcndeme getirebilir. Cildin bu yeni d\u00f6neme daha konforlu uyum sa\u011flayabilmesi i\u00e7in, bak\u0131m ad\u0131mlar\u0131n\u0131n da hafifletilmesi ve destekleyici \u00fcr\u00fcnlerle yeniden \u015fekillendirilmesi d\u00fc\u015f\u00fcn\u00fclebilir. Acvit&#8217;te yer alan farkl\u0131 cilt bak\u0131m \u00fcr\u00fcnleri de bu [&hellip;]<\/p>\n","protected":false},"author":1,"featured_media":0,"comment_status":"closed","ping_status":"closed","sticky":false,"template":"","format":"standard","meta":{"footnotes":""},"categories":[1],"tags":[],"class_list":["post-10269","post","type-post","status-publish","format-standard","hentry","category-genel"],"aioseo_notices":[],"_links":{"self":[{"href":"https:\/\/www.acvit.com.tr\/magaza\/wp-json\/wp\/v2\/posts\/10269","targetHints":{"allow":["GET"]}}],"collection":[{"href":"https:\/\/www.acvit.com.tr\/magaza\/wp-json\/wp\/v2\/posts"}],"about":[{"href":"https:\/\/www.acvit.com.tr\/magaza\/wp-json\/wp\/v2\/types\/post"}],"author":[{"embeddable":true,"href":"https:\/\/www.acvit.com.tr\/magaza\/wp-json\/wp\/v2\/users\/1"}],"replies":[{"embeddable":true,"href":"https:\/\/www.acvit.com.tr\/magaza\/wp-json\/wp\/v2\/comments?post=10269"}],"version-history":[{"count":1,"href":"https:\/\/www.acvit.com.tr\/magaza\/wp-json\/wp\/v2\/posts\/10269\/revisions"}],"predecessor-version":[{"id":10270,"href":"https:\/\/www.acvit.com.tr\/magaza\/wp-json\/wp\/v2\/posts\/10269\/revisions\/10270"}],"wp:attachment":[{"href":"https:\/\/www.acvit.com.tr\/magaza\/wp-json\/wp\/v2\/media?parent=10269"}],"wp:term":[{"taxonomy":"category","embeddable":true,"href":"https:\/\/www.acvit.com.tr\/magaza\/wp-json\/wp\/v2\/categories?post=10269"},{"taxonomy":"post_tag","embeddable":true,"href":"https:\/\/www.acvit.com.tr\/magaza\/wp-json\/wp\/v2\/tags?post=10269"}],"curies":[{"name":"wp","href":"https:\/\/api.w.org\/{rel}","templated":true}]}}