{"id":10266,"date":"2026-04-22T10:41:46","date_gmt":"2026-04-22T07:41:46","guid":{"rendered":"https:\/\/www.acvit.com.tr\/magaza\/?p=10266"},"modified":"2026-04-22T10:41:48","modified_gmt":"2026-04-22T07:41:48","slug":"kistan-yaza-gecerken-cilt-ve-vucut-bakimi-nasil-olmali","status":"publish","type":"post","link":"https:\/\/www.acvit.com.tr\/magaza\/kistan-yaza-gecerken-cilt-ve-vucut-bakimi-nasil-olmali\/","title":{"rendered":"K\u0131\u015ftan Yaza Ge\u00e7erken Cilt ve V\u00fccut Bak\u0131m\u0131 Nas\u0131l Olmal\u0131?"},"content":{"rendered":"\n<hr class=\"wp-block-separator has-alpha-channel-opacity\"\/>\n\n\n\n<h4 class=\"wp-block-heading\"><strong>K\u0131\u015f aylar\u0131n\u0131n yo\u011fun ve kurutucu etkilerinden \u00e7\u0131kan cilt, bahar ve yaz d\u00f6nemine ge\u00e7erken farkl\u0131 ihtiya\u00e7lar g\u00f6sterebilir. Bu ge\u00e7i\u015f s\u00fcrecinde bak\u0131m rutininde yap\u0131lacak k\u00fc\u00e7\u00fck de\u011fi\u015fiklikler, cildin daha dengeli ve canl\u0131 g\u00f6r\u00fcnmesine katk\u0131 sa\u011flayabilir.<\/strong><\/h4>\n\n\n\n<p>Her cilt yap\u0131s\u0131n\u0131n farkl\u0131 olabilece\u011fi unutulmadan, daha nazik, dengeli ve ihtiyaca y\u00f6nelik bir bak\u0131m yakla\u015f\u0131m\u0131 tercih edilebilir.<\/p>\n\n\n\n<hr class=\"wp-block-separator has-alpha-channel-opacity\"\/>\n\n\n\n<h3 class=\"wp-block-heading\">\ud83c\udf3f Cilt Temizli\u011finde Hafif Form\u00fcllere Ge\u00e7i\u015f<\/h3>\n\n\n\n<p>K\u0131\u015f aylar\u0131nda daha yo\u011fun temizleyiciler tercih edilmi\u015f olabilir. Ancak havalar\u0131n \u0131s\u0131nmas\u0131yla birlikte cildi yormayan, daha hafif temizleyiciler \u00f6n plana \u00e7\u0131kabilir.<\/p>\n\n\n\n<p>Acvit\u2019in nazik temizleme \u00fcr\u00fcnleri, cildin do\u011fal dengesini korumaya yard\u0131mc\u0131 olabilecek se\u00e7enekler aras\u0131nda de\u011ferlendirilebilir. D\u00fczenli temizlik, cildin daha ferah hissetmesine katk\u0131 sa\u011flayabilir.<\/p>\n\n\n\n<hr class=\"wp-block-separator has-alpha-channel-opacity\"\/>\n\n\n\n<h3 class=\"wp-block-heading\">\u2728 Nazik Peeling ile Yenilenme Deste\u011fi<\/h3>\n\n\n\n<p>Mevsim ge\u00e7i\u015flerinde cilt y\u00fczeyinde biriken \u00f6l\u00fc h\u00fccreler, cildin daha mat g\u00f6r\u00fcnmesine neden olabilir. Haftada 1\u20132 kez uygulanabilecek nazik peeling \u00fcr\u00fcnleri, cildin daha p\u00fcr\u00fczs\u00fcz g\u00f6r\u00fcnmesine yard\u0131mc\u0131 olabilir.<\/p>\n\n\n\n<p>Acvit\u2019in cilt maskesi ve ar\u0131nd\u0131r\u0131c\u0131 bak\u0131m \u00fcr\u00fcnleri, cildi yormadan temizlemeye destek sa\u011flayabilecek alternatifler aras\u0131nda d\u00fc\u015f\u00fcn\u00fclebilir.<\/p>\n\n\n\n<hr class=\"wp-block-separator has-alpha-channel-opacity\"\/>\n\n\n\n<h3 class=\"wp-block-heading\">\ud83d\udca7 Nem Dengesini Hafifletmek<\/h3>\n\n\n\n<p>K\u0131\u015f\u0131n tercih edilen yo\u011fun nemlendiriciler yerine, bahar aylar\u0131nda daha hafif yap\u0131l\u0131 \u00fcr\u00fcnlere y\u00f6nelmek tercih edilebilir. Bu sayede ciltte a\u011f\u0131rl\u0131k hissi olu\u015fmadan nem deste\u011fi sa\u011flanabilir.<\/p>\n\n\n\n<p>Acvit\u2019in hyaluronik asit i\u00e7erikli serum ve nemlendirici \u00fcr\u00fcnleri, cilde nem kazand\u0131rmaya yard\u0131mc\u0131 olabilecek se\u00e7enekler aras\u0131nda yer alabilir. D\u00fczenli kullan\u0131mda cilt daha dengeli hissedilebilir.<\/p>\n\n\n\n<hr class=\"wp-block-separator has-alpha-channel-opacity\"\/>\n\n\n\n<h3 class=\"wp-block-heading\">\ud83c\udf38 Daha Ayd\u0131nl\u0131k Bir Cilt G\u00f6r\u00fcn\u00fcm\u00fc<\/h3>\n\n\n\n<p>K\u0131\u015f sonras\u0131 ciltte olu\u015fabilecek ton e\u015fitsizlikleri veya mat g\u00f6r\u00fcn\u00fcm i\u00e7in bak\u0131m rutinine destekleyici \u00fcr\u00fcnler eklenebilir.<\/p>\n\n\n\n<p>Acvit\u2019in cilt tonu dengelemeye y\u00f6nelik serum ve bak\u0131m \u00fcr\u00fcnleri, daha ayd\u0131nl\u0131k bir g\u00f6r\u00fcn\u00fcm elde edilmesine katk\u0131 sa\u011flayabilecek alternatifler aras\u0131nda de\u011ferlendirilebilir.<\/p>\n\n\n\n<hr class=\"wp-block-separator has-alpha-channel-opacity\"\/>\n\n\n\n<h3 class=\"wp-block-heading\">\u2600\ufe0f G\u00fcne\u015f Korumas\u0131n\u0131 Rutine Eklemek<\/h3>\n\n\n\n<p>G\u00fcne\u015f \u0131\u015f\u0131nlar\u0131n\u0131n etkisinin artmas\u0131yla birlikte, g\u00fcnd\u00fcz bak\u0131m rutinine g\u00fcne\u015f koruyucu eklemek tercih edilebilir. Bu ad\u0131m, cildin d\u0131\u015f etkenlere kar\u015f\u0131 korunmas\u0131na destek sa\u011flayabilir.<\/p>\n\n\n\n<hr class=\"wp-block-separator has-alpha-channel-opacity\"\/>\n\n\n\n<h3 class=\"wp-block-heading\">\ud83e\uddf4 V\u00fccut Bak\u0131m\u0131nda Nem ve Konfor<\/h3>\n\n\n\n<p>K\u0131\u015f aylar\u0131nda kuruyan v\u00fccut derisi, bahar aylar\u0131nda da nem deste\u011fine ihtiya\u00e7 duyabilir. Du\u015f sonras\u0131 uygulanan v\u00fccut nemlendiricileri ve do\u011fal ya\u011flar, cildin daha yumu\u015fak ve konforlu hissedilmesine yard\u0131mc\u0131 olabilir.<\/p>\n\n\n\n<p>Acvit\u2019in v\u00fccut bak\u0131m ya\u011flar\u0131 ve nemlendirici \u00fcr\u00fcnleri, bu s\u00fcre\u00e7te bak\u0131m rutinine eklenebilecek se\u00e7enekler aras\u0131nda yer alabilir.<\/p>\n\n\n\n<hr class=\"wp-block-separator has-alpha-channel-opacity\"\/>\n\n\n\n<h3 class=\"wp-block-heading\">\ud83c\udf3c Dengeli ve S\u00fcrd\u00fcr\u00fclebilir Bir Rutin<\/h3>\n\n\n\n<p>K\u0131\u015ftan yaza ge\u00e7i\u015f s\u00fcrecinde bak\u0131m\u0131n temelinde, cildin ihtiya\u00e7lar\u0131n\u0131 g\u00f6zlemlemek yer alabilir. Her \u00fcr\u00fcn her ciltte ayn\u0131 etkiyi g\u00f6stermeyebilece\u011fi i\u00e7in, rutinler ki\u015fisel deneyimlere g\u00f6re \u015fekillendirilebilir.<\/p>\n\n\n\n<p>Acvit \u00fcr\u00fcnleriyle olu\u015fturulabilecek d\u00fczenli bir bak\u0131m rutini, cildin mevsim ge\u00e7i\u015fine daha uyumlu bir \u015fekilde adapte olmas\u0131na katk\u0131 sa\u011flayabilir. K\u00fc\u00e7\u00fck ama d\u00fczenli bak\u0131m ad\u0131mlar\u0131, cilt g\u00f6r\u00fcn\u00fcm\u00fcnde fark hissedilmesine destek olabilir.<\/p>\n","protected":false},"excerpt":{"rendered":"<p>K\u0131\u015f aylar\u0131n\u0131n yo\u011fun ve kurutucu etkilerinden \u00e7\u0131kan cilt, bahar ve yaz d\u00f6nemine ge\u00e7erken farkl\u0131 ihtiya\u00e7lar g\u00f6sterebilir. Bu ge\u00e7i\u015f s\u00fcrecinde bak\u0131m rutininde yap\u0131lacak k\u00fc\u00e7\u00fck de\u011fi\u015fiklikler, cildin daha dengeli ve canl\u0131 g\u00f6r\u00fcnmesine katk\u0131 sa\u011flayabilir. Her cilt yap\u0131s\u0131n\u0131n farkl\u0131 olabilece\u011fi unutulmadan, daha nazik, dengeli ve ihtiyaca y\u00f6nelik bir bak\u0131m yakla\u015f\u0131m\u0131 tercih edilebilir. \ud83c\udf3f Cilt Temizli\u011finde Hafif Form\u00fcllere Ge\u00e7i\u015f [&hellip;]<\/p>\n","protected":false},"author":1,"featured_media":0,"comment_status":"closed","ping_status":"closed","sticky":false,"template":"","format":"standard","meta":{"footnotes":""},"categories":[1],"tags":[],"class_list":["post-10266","post","type-post","status-publish","format-standard","hentry","category-genel"],"aioseo_notices":[],"_links":{"self":[{"href":"https:\/\/www.acvit.com.tr\/magaza\/wp-json\/wp\/v2\/posts\/10266","targetHints":{"allow":["GET"]}}],"collection":[{"href":"https:\/\/www.acvit.com.tr\/magaza\/wp-json\/wp\/v2\/posts"}],"about":[{"href":"https:\/\/www.acvit.com.tr\/magaza\/wp-json\/wp\/v2\/types\/post"}],"author":[{"embeddable":true,"href":"https:\/\/www.acvit.com.tr\/magaza\/wp-json\/wp\/v2\/users\/1"}],"replies":[{"embeddable":true,"href":"https:\/\/www.acvit.com.tr\/magaza\/wp-json\/wp\/v2\/comments?post=10266"}],"version-history":[{"count":1,"href":"https:\/\/www.acvit.com.tr\/magaza\/wp-json\/wp\/v2\/posts\/10266\/revisions"}],"predecessor-version":[{"id":10267,"href":"https:\/\/www.acvit.com.tr\/magaza\/wp-json\/wp\/v2\/posts\/10266\/revisions\/10267"}],"wp:attachment":[{"href":"https:\/\/www.acvit.com.tr\/magaza\/wp-json\/wp\/v2\/media?parent=10266"}],"wp:term":[{"taxonomy":"category","embeddable":true,"href":"https:\/\/www.acvit.com.tr\/magaza\/wp-json\/wp\/v2\/categories?post=10266"},{"taxonomy":"post_tag","embeddable":true,"href":"https:\/\/www.acvit.com.tr\/magaza\/wp-json\/wp\/v2\/tags?post=10266"}],"curies":[{"name":"wp","href":"https:\/\/api.w.org\/{rel}","templated":true}]}}