{"id":10263,"date":"2026-04-22T10:33:24","date_gmt":"2026-04-22T07:33:24","guid":{"rendered":"https:\/\/www.acvit.com.tr\/magaza\/?p=10263"},"modified":"2026-04-22T10:33:26","modified_gmt":"2026-04-22T07:33:26","slug":"nisan-ayinda-cilt-bakimi-nasil-yapilmali","status":"publish","type":"post","link":"https:\/\/www.acvit.com.tr\/magaza\/nisan-ayinda-cilt-bakimi-nasil-yapilmali\/","title":{"rendered":"Nisan Ay\u0131nda Cilt Bak\u0131m\u0131 Nas\u0131l Yap\u0131lmal\u0131?"},"content":{"rendered":"\n<p>Mevsim ge\u00e7i\u015fleri, \u00f6zellikle de bahar\u0131n kendini hissettirdi\u011fi Nisan ay\u0131, cilt i\u00e7in hassas bir d\u00f6nem olabilir. K\u0131\u015f\u0131n so\u011fuk ve kuru etkilerinden \u00e7\u0131kan cilt, baharla birlikte de\u011fi\u015fen hava ko\u015fullar\u0131na uyum sa\u011flamaya \u00e7al\u0131\u015f\u0131r. Bu s\u00fcre\u00e7te ciltte kuruluk, matl\u0131k ya da hassasiyet gibi farkl\u0131 durumlar g\u00f6zlemlenebilir. Bu y\u00fczden Nisan ay\u0131nda bak\u0131m rutini, cildin ihtiya\u00e7lar\u0131na g\u00f6re yeniden d\u00fczenlenebilir.<\/p>\n\n\n\n<p><strong>\ud83c\udf3f<\/strong><strong> Cilt Temizli\u011fi: Hafif Ama D\u00fczenli<\/strong><\/p>\n\n\n\n<p>Nisan ay\u0131nda cilt temizli\u011fi, a\u015f\u0131r\u0131ya ka\u00e7madan ama d\u00fczenli \u015fekilde yap\u0131labilir. Daha nazik i\u00e7eriklere sahip temizleyiciler tercih edilerek cildin do\u011fal dengesi korunabilir. G\u00fcn i\u00e7inde biriken \u00e7evresel etkileri ar\u0131nd\u0131rmak, cildin daha sa\u011fl\u0131kl\u0131 g\u00f6r\u00fcnmesine katk\u0131 sa\u011flayabilir.<\/p>\n\n\n\n<p>Acvit\u2019in nazik temizleme \u00fcr\u00fcnleri, cildi kurutmadan temizlemeye yard\u0131mc\u0131 olabilecek alternatifler aras\u0131nda de\u011ferlendirilebilir.<\/p>\n\n\n\n<p><strong>\ud83d\udca7<\/strong><strong> Nemlendirme: Mevsime Uyum Sa\u011flayan Bak\u0131m<\/strong><\/p>\n\n\n\n<p>Havan\u0131n \u0131s\u0131nmas\u0131yla birlikte a\u011f\u0131r kremler yerine daha hafif yap\u0131l\u0131 nemlendiriciler tercih edilebilir. Bu d\u00f6nemde cildin nem dengesini korumak, daha canl\u0131 ve dengeli bir g\u00f6r\u00fcn\u00fcm elde edilmesine destek olabilir.<\/p>\n\n\n\n<p>Acvit\u2019in hyaluronik asit i\u00e7eren serum ve nemlendirici \u00fcr\u00fcnleri, cilde yo\u011funluk hissi vermeden nem deste\u011fi sunabilecek se\u00e7enekler aras\u0131nda yer alabilir.<\/p>\n\n\n\n<p><strong>\u2728<\/strong><strong> Cilt Tonu ve Canl\u0131l\u0131k<\/strong><\/p>\n\n\n\n<p>K\u0131\u015f aylar\u0131nda daha mat g\u00f6r\u00fcnen cilt, baharla birlikte yenilenmeye ihtiya\u00e7 duyabilir. Bu s\u00fcre\u00e7te cilt tonunu dengelemeye yard\u0131mc\u0131 olabilecek serum ve tonikler kullan\u0131labilir. D\u00fczenli kullan\u0131mda cilt daha ayd\u0131nl\u0131k ve dengeli bir g\u00f6r\u00fcn\u00fcme kavu\u015fabilir.<\/p>\n\n\n\n<p>Acvit\u2019in leke kar\u015f\u0131t\u0131 ve cilt tonu e\u015fitlemeye y\u00f6nelik \u00fcr\u00fcnleri, bak\u0131m rutinine eklenebilecek destekleyici \u00fcr\u00fcnler aras\u0131nda d\u00fc\u015f\u00fcn\u00fclebilir.<\/p>\n\n\n\n<p><strong>\ud83c\udf38<\/strong><strong> Peeling ve Ar\u0131nd\u0131rma<\/strong><\/p>\n\n\n\n<p>Nisan ay\u0131nda haftada 1\u20132 kez yap\u0131lacak nazik bir peeling uygulamas\u0131, \u00f6l\u00fc derilerin uzakla\u015ft\u0131r\u0131lmas\u0131na yard\u0131mc\u0131 olabilir. Bu sayede cilt daha p\u00fcr\u00fczs\u00fcz bir g\u00f6r\u00fcn\u00fcm kazanabilir. Ancak hassas ciltlerde daha dikkatli olunmas\u0131 \u00f6nerilir.<\/p>\n\n\n\n<p>Acvit\u2019in kil maskesi veya ar\u0131nd\u0131r\u0131c\u0131 bak\u0131m \u00fcr\u00fcnleri, cildi yormadan temizlemeye yard\u0131mc\u0131 alternatifler sunabilir.<\/p>\n\n\n\n<p><strong>\u2600\ufe0f<\/strong><strong> G\u00fcne\u015f Korumas\u0131 Unutulmamal\u0131<\/strong><\/p>\n\n\n\n<p>Bahar aylar\u0131nda g\u00fcne\u015f etkisi artmaya ba\u015flar. Bu nedenle g\u00fcnd\u00fcz bak\u0131m rutinine g\u00fcne\u015f koruyucu \u00fcr\u00fcn eklemek, cildin korunmas\u0131na katk\u0131 sa\u011flayabilir. D\u00fczenli kullan\u0131m, cilt sa\u011fl\u0131\u011f\u0131n\u0131 destekleyen \u00f6nemli ad\u0131mlardan biri olabilir.<\/p>\n\n\n\n<p><strong>\ud83c\udf3c<\/strong><strong> Sonu\u00e7: Cildini Dinleyen Bir Rutin<\/strong><\/p>\n\n\n\n<p>Nisan ay\u0131nda cilt bak\u0131m\u0131nda en \u00f6nemli nokta, cildin verdi\u011fi sinyalleri dikkate almak olabilir. Her cilt farkl\u0131 tepkiler verebilir; bu nedenle bak\u0131m rutini ki\u015fisel ihtiya\u00e7lara g\u00f6re \u015fekillendirilebilir.<\/p>\n\n\n\n<p>Acvit \u00fcr\u00fcnleriyle olu\u015fturulacak dengeli bir bak\u0131m rutini, cildin mevsim ge\u00e7i\u015fine daha kolay uyum sa\u011flamas\u0131na destek olabilir. D\u00fczenli ve bilin\u00e7li bak\u0131m ile cilt daha sa\u011fl\u0131kl\u0131, canl\u0131 ve dengeli bir g\u00f6r\u00fcn\u00fcme yakla\u015fabilir.<\/p>\n","protected":false},"excerpt":{"rendered":"<p>Mevsim ge\u00e7i\u015fleri, \u00f6zellikle de bahar\u0131n kendini hissettirdi\u011fi Nisan ay\u0131, cilt i\u00e7in hassas bir d\u00f6nem olabilir. K\u0131\u015f\u0131n so\u011fuk ve kuru etkilerinden \u00e7\u0131kan cilt, baharla birlikte de\u011fi\u015fen hava ko\u015fullar\u0131na uyum sa\u011flamaya \u00e7al\u0131\u015f\u0131r. Bu s\u00fcre\u00e7te ciltte kuruluk, matl\u0131k ya da hassasiyet gibi farkl\u0131 durumlar g\u00f6zlemlenebilir. Bu y\u00fczden Nisan ay\u0131nda bak\u0131m rutini, cildin ihtiya\u00e7lar\u0131na g\u00f6re yeniden d\u00fczenlenebilir. \ud83c\udf3f Cilt [&hellip;]<\/p>\n","protected":false},"author":1,"featured_media":0,"comment_status":"closed","ping_status":"closed","sticky":false,"template":"","format":"standard","meta":{"footnotes":""},"categories":[1],"tags":[],"class_list":["post-10263","post","type-post","status-publish","format-standard","hentry","category-genel"],"aioseo_notices":[],"_links":{"self":[{"href":"https:\/\/www.acvit.com.tr\/magaza\/wp-json\/wp\/v2\/posts\/10263","targetHints":{"allow":["GET"]}}],"collection":[{"href":"https:\/\/www.acvit.com.tr\/magaza\/wp-json\/wp\/v2\/posts"}],"about":[{"href":"https:\/\/www.acvit.com.tr\/magaza\/wp-json\/wp\/v2\/types\/post"}],"author":[{"embeddable":true,"href":"https:\/\/www.acvit.com.tr\/magaza\/wp-json\/wp\/v2\/users\/1"}],"replies":[{"embeddable":true,"href":"https:\/\/www.acvit.com.tr\/magaza\/wp-json\/wp\/v2\/comments?post=10263"}],"version-history":[{"count":1,"href":"https:\/\/www.acvit.com.tr\/magaza\/wp-json\/wp\/v2\/posts\/10263\/revisions"}],"predecessor-version":[{"id":10264,"href":"https:\/\/www.acvit.com.tr\/magaza\/wp-json\/wp\/v2\/posts\/10263\/revisions\/10264"}],"wp:attachment":[{"href":"https:\/\/www.acvit.com.tr\/magaza\/wp-json\/wp\/v2\/media?parent=10263"}],"wp:term":[{"taxonomy":"category","embeddable":true,"href":"https:\/\/www.acvit.com.tr\/magaza\/wp-json\/wp\/v2\/categories?post=10263"},{"taxonomy":"post_tag","embeddable":true,"href":"https:\/\/www.acvit.com.tr\/magaza\/wp-json\/wp\/v2\/tags?post=10263"}],"curies":[{"name":"wp","href":"https:\/\/api.w.org\/{rel}","templated":true}]}}